{"id":9352,"date":"2023-11-18T12:00:11","date_gmt":"2023-11-18T11:00:11","guid":{"rendered":"https:\/\/www.ac-germania.com\/?p=9352"},"modified":"2024-01-03T12:18:46","modified_gmt":"2024-01-03T11:18:46","slug":"erfolgreicher-abschluss-der-gruppenphase","status":"publish","type":"post","link":"https:\/\/www.ac-germania.com\/?p=9352","title":{"rendered":"Erfolgreicher Abschluss der Gruppenphase"},"content":{"rendered":"<h5>Beitrag und Bilder: Manja Braunsdorf<\/h5>\n<p>Am Samstag dem 18.11.2023 ging es f\u00fcr die Arterner Ringer nach Eisleben zum letzten Kampf in der Gruppenphase der Oberliga Sachsen-Anhalt.<\/p>\n<p>Auf der Arterner Seite konnte die Aufstellung gut an den Eislebner Kader angepasst werden, sodass einige Highlight-K\u00e4mpfe bereits nach dem Wiegen feststanden.<\/p>\n<p>Bis 57 kg traf Anuluck Eisenhardt auf Kevin Brendel. \u201eWap\u201c ging (f\u00fcr ihn eigentlich ungewohnt) sehr ruhig in den Kampf und sicherte sich mit vielen kleinen Wertungen einen 16:0 Sieg. Sch\u00f6n dich wieder in der Mannschaft zu haben \u201eWap\u201c!<\/p>\n<p>Ondrej Havelka traf bis 130 kg auf Toni Richter. Toni war sehr gut auf \u201eOndra\u201c eingestellt und hielt permanent gegen. Am Ende konnte \u201eOndra\u201c aber mit 9:0 drei Mannschaftspunkte verbuchen.<\/p>\n<p>Timo Pitz hatte mit Schahram Mohamadi einige Schwierigkeiten. Nach spannenden vollen <span dir=\"ltr\">6:00<\/span> min trennten sich beide mit 6:6 Punkten. Da die letzte Wertung durch den Mohamadi gemacht wurde, sicherte er damit einen Mannschaftspunkt f\u00fcr Eisleben.<\/p>\n<p>Pascal G\u00f6bel rutschte durch die aktualisierte Aufstellung nach oben und traf bis 98 kg auf Scheich-Mansur Dokuev. \u201cKalle\u201d k\u00e4mpfte sich aus mehreren brenzligen Lagen heraus und hielt sehr gut mit. In der zweiten H\u00e4lfte musste er sich dann doch auf beiden Schultern geschlagen geben.<\/p>\n<p>Im 66 kg Duell traf Andr\u00e9 G\u00fcnther auf Julian Klemens. Nach <span dir=\"ltr\">6:00<\/span> min Schlagabtausch und einer seit langem vermissten Schleuder konnte \u201eG\u00fcnne\u201c den Kampf mit 9:6 f\u00fcr sich entscheiden.<\/p>\n<p>Im ersten Kampf nach der Pause traf Michal Pietrzak auf Ivo Svigler. Wenn man beide Namen in einem Duell liest kann man schon erahnen, dass hier ein k\u00e4mpferisches Highlight bevor steht. Und so war es auch. Beide schenkten sich nichts&#8230; keiner von beiden wirkte auch nur einmal passiv. Es war einfach ein Greco-Kampf auf einem sehr hohen Niveau. Zwischendurch musste der Kampf unterbrochen werden, da sich unser Michal eine Platzwunde \u00fcber der Augenbraue zuzog.<br \/>\nGute Besserung gleich nochmal an dieser Stelle, Michal!<br \/>\nNach der vollen Kampfzeit ging Michal mit 8:4 Punkten verdient als Sieger von der Matte und unterbrach damit die bislang ungeschlagene Serie von Ivo Svigler. Michal das war sau stark!!<\/p>\n<p>Bis 71 kg konnten die Arterner einen weiteren Neuzugang einsetzen. Kacpar Wrzensinski konnte mehr oder weniger spontan den bestehenden Kader gut erg\u00e4nzen. Mit seinem 8:2 Sieg \u00fcber Abubakar Tepsaev konnte er gleich einen geb\u00fchrenden Einstand hinlegen. Willkommen Kacpar!!!<\/p>\n<p>Bei Tim Walther gab es zu Beginn seines Kampfes eine kurze Schrecksekunde, als Hamzat Nazarov ihn pl\u00f6tzlich aus der hohen Bank heraus rollte. Tim lie\u00df sich dadurch aber nicht aus der Ruhe bringen und punkte sich im Anschluss konsequent zu einem verdienten 22:4 Sieg.<\/p>\n<p>Im letzten Kampf des Abends traf Marcus Winter auf kein geringeren als Marcus Breitschuh. Marcus hielt die <span dir=\"ltr\">6:00<\/span> min stark dagegen, musste sich aber mit 8:0 geschlagen geben.<\/p>\n<p>Der Sieg war den ACG Recken da aber zur Freude der mitgereisten Fans und Betreuer nicht mehr zu nehmen.<\/p>\n<p>Bei einem Endstand von 17:8 geht man von einem eindeutigen Kampfabend aus,\u00a0 das war er bei weitem aber nicht. Den zahlreichen Zuschauern auf beiden Seiten wurden spannenden K\u00e4mpfe an einem gut organisierten Ringkampfabend geboten. Allein wenn man sieht, dass 6 von 9 K\u00e4mpfen \u00fcber die volle Kampfzeit gingen, wei\u00df man, wie spannend es vor Ort war.<\/p>\n<p>Die Arterner hatten daraufhin zwei Samstage \u201efrei\u201c, um sich auf die Finalrunde vorzubereiten. Ob es dann nach Hamburg oder Hannover geht, entscheidet sich am 25.11.2023. Es blieb also noch spannend\u2026<\/p>\n<p>Die Finalkampftage f\u00fcr Artern stehen aber schon fest. Der 09.12.23 ausw\u00e4rts und der Heimkampf am 16.12.23 im Hexenkessel!!!<a href=\"https:\/\/www.ac-germania.com\/A_ACG\/wordpress\/wp-content\/uploads\/2024\/01\/51D8A46E-AE31-4AAC-A058-9867D71D58F6.jpeg\"><img loading=\"lazy\" decoding=\"async\" class=\"size-full wp-image-9353 aligncenter\" src=\"https:\/\/www.ac-germania.com\/A_ACG\/wordpress\/wp-content\/uploads\/2024\/01\/51D8A46E-AE31-4AAC-A058-9867D71D58F6.jpeg\" alt=\"\" width=\"1080\" height=\"720\" srcset=\"https:\/\/www.ac-germania.com\/A_ACG\/wordpress\/wp-content\/uploads\/2024\/01\/51D8A46E-AE31-4AAC-A058-9867D71D58F6.jpeg 1080w, https:\/\/www.ac-germania.com\/A_ACG\/wordpress\/wp-content\/uploads\/2024\/01\/51D8A46E-AE31-4AAC-A058-9867D71D58F6-300x200.jpeg 300w, https:\/\/www.ac-germania.com\/A_ACG\/wordpress\/wp-content\/uploads\/2024\/01\/51D8A46E-AE31-4AAC-A058-9867D71D58F6-1024x683.jpeg 1024w, https:\/\/www.ac-germania.com\/A_ACG\/wordpress\/wp-content\/uploads\/2024\/01\/51D8A46E-AE31-4AAC-A058-9867D71D58F6-768x512.jpeg 768w, https:\/\/www.ac-germania.com\/A_ACG\/wordpress\/wp-content\/uploads\/2024\/01\/51D8A46E-AE31-4AAC-A058-9867D71D58F6-150x100.jpeg 150w\" sizes=\"auto, (max-width: 1080px) 100vw, 1080px\" \/><\/a> <a href=\"https:\/\/www.ac-germania.com\/A_ACG\/wordpress\/wp-content\/uploads\/2024\/01\/CBA67739-EABF-45A7-9AAA-51582585EE9D.jpeg\"><img loading=\"lazy\" decoding=\"async\" class=\"size-full wp-image-9354 aligncenter\" src=\"https:\/\/www.ac-germania.com\/A_ACG\/wordpress\/wp-content\/uploads\/2024\/01\/CBA67739-EABF-45A7-9AAA-51582585EE9D.jpeg\" alt=\"\" width=\"1080\" height=\"767\" srcset=\"https:\/\/www.ac-germania.com\/A_ACG\/wordpress\/wp-content\/uploads\/2024\/01\/CBA67739-EABF-45A7-9AAA-51582585EE9D.jpeg 1080w, https:\/\/www.ac-germania.com\/A_ACG\/wordpress\/wp-content\/uploads\/2024\/01\/CBA67739-EABF-45A7-9AAA-51582585EE9D-300x213.jpeg 300w, https:\/\/www.ac-germania.com\/A_ACG\/wordpress\/wp-content\/uploads\/2024\/01\/CBA67739-EABF-45A7-9AAA-51582585EE9D-1024x727.jpeg 1024w, https:\/\/www.ac-germania.com\/A_ACG\/wordpress\/wp-content\/uploads\/2024\/01\/CBA67739-EABF-45A7-9AAA-51582585EE9D-768x545.jpeg 768w, https:\/\/www.ac-germania.com\/A_ACG\/wordpress\/wp-content\/uploads\/2024\/01\/CBA67739-EABF-45A7-9AAA-51582585EE9D-150x107.jpeg 150w\" sizes=\"auto, (max-width: 1080px) 100vw, 1080px\" \/><\/a><\/p>\n","protected":false},"excerpt":{"rendered":"<p>Beitrag und Bilder: Manja Braunsdorf Am Samstag dem 18.11.2023 ging es f\u00fcr die Arterner Ringer nach Eisleben zum letzten Kampf in der Gruppenphase der Oberliga Sachsen-Anhalt. Auf der Arterner Seite konnte die Aufstellung gut an den Eislebner Kader angepasst werden, sodass einige Highlight-K\u00e4mpfe bereits nach dem Wiegen feststanden. Bis 57 \u2026 <a class=\"continue-reading-link\" href=\"https:\/\/www.ac-germania.com\/?p=9352\">Weiterlesen <span class=\"meta-nav\">&rarr; <\/span><\/a><\/p>\n","protected":false},"author":99,"featured_media":9353,"comment_status":"open","ping_status":"open","sticky":false,"template":"","format":"standard","meta":{"footnotes":""},"categories":[16],"tags":[],"class_list":["post-9352","post","type-post","status-publish","format-standard","has-post-thumbnail","hentry","category-news-2023"],"_links":{"self":[{"href":"https:\/\/www.ac-germania.com\/index.php?rest_route=\/wp\/v2\/posts\/9352","targetHints":{"allow":["GET"]}}],"collection":[{"href":"https:\/\/www.ac-germania.com\/index.php?rest_route=\/wp\/v2\/posts"}],"about":[{"href":"https:\/\/www.ac-germania.com\/index.php?rest_route=\/wp\/v2\/types\/post"}],"author":[{"embeddable":true,"href":"https:\/\/www.ac-germania.com\/index.php?rest_route=\/wp\/v2\/users\/99"}],"replies":[{"embeddable":true,"href":"https:\/\/www.ac-germania.com\/index.php?rest_route=%2Fwp%2Fv2%2Fcomments&post=9352"}],"version-history":[{"count":2,"href":"https:\/\/www.ac-germania.com\/index.php?rest_route=\/wp\/v2\/posts\/9352\/revisions"}],"predecessor-version":[{"id":9356,"href":"https:\/\/www.ac-germania.com\/index.php?rest_route=\/wp\/v2\/posts\/9352\/revisions\/9356"}],"wp:featuredmedia":[{"embeddable":true,"href":"https:\/\/www.ac-germania.com\/index.php?rest_route=\/wp\/v2\/media\/9353"}],"wp:attachment":[{"href":"https:\/\/www.ac-germania.com\/index.php?rest_route=%2Fwp%2Fv2%2Fmedia&parent=9352"}],"wp:term":[{"taxonomy":"category","embeddable":true,"href":"https:\/\/www.ac-germania.com\/index.php?rest_route=%2Fwp%2Fv2%2Fcategories&post=9352"},{"taxonomy":"post_tag","embeddable":true,"href":"https:\/\/www.ac-germania.com\/index.php?rest_route=%2Fwp%2Fv2%2Ftags&post=9352"}],"curies":[{"name":"wp","href":"https:\/\/api.w.org\/{rel}","templated":true}]}}