{"id":9305,"date":"2023-11-13T21:45:05","date_gmt":"2023-11-13T20:45:05","guid":{"rendered":"https:\/\/www.ac-germania.com\/?p=9305"},"modified":"2023-11-16T21:49:08","modified_gmt":"2023-11-16T20:49:08","slug":"volles-haus-im-hexenkessel","status":"publish","type":"post","link":"https:\/\/www.ac-germania.com\/?p=9305","title":{"rendered":"Volles Haus im Hexenkessel"},"content":{"rendered":"<h5>Bericht und Bilder: Manja Braunsdorf<\/h5>\n<p>Was war das f\u00fcr ein Kampfabend am Samstag in der Ringerhalle?<\/p>\n<p>Volles Haus\u2026 mitfiebernde Fans&#8230; spannende K\u00e4mpfe&#8230;ausverkaufte Getr\u00e4nke!<\/p>\n<p>Jedem Ringerfreund war bereits im Voraus klar, dass der Kampf AC Germania Artern gegen den MSV 90 ein Highlight wird. Aber mit so viel Unterst\u00fctzung haben auch wir Arterner Ringer nicht gerechnet.<\/p>\n<p>Hier voran schon mal vielen, vielen, vielen Dank an jeden Einzelnen f\u00fcr die lautstarke \u201cSch\u00fctzenhilfe\u201d egal ob vor Ort oder \u00fcber den Live Stream.<\/p>\n<p>Nun aber zum eigentlichen&#8230; dem Kampf.<\/p>\n<p>Die Arterner konnten erneut die 71 kg Klasse nicht besetzen. Tim Salzmann ging zwar \u00fcber die Waage konnte aber verletzungsbedingt immer noch nicht antreten. Das hie\u00df erneut, dass der Gegner schon vor dem ersten Kampf mit vier Punkten f\u00fchrt und das im Spitzenduell um Platz 1 der Gruppe B.<\/p>\n<p>Jack Eisenhardt hatte mit Max Felgendreff wenig Probleme und konnte ihn zur Begeisterung des Publikums nach 2:14 min schultern.<br \/>\nGenau so kann ein tosender Kampfabend beginnen!!<\/p>\n<p>Ondrej Havelka zeigte erneut seine Klasse und konnte technisch \u00fcberlegen gegen Marcel Redmann siegen.<\/p>\n<p>Timo hatte bis 61 kg mit Muslim Dalnaev einen physisch st\u00e4rkeren Freistiler vor sich. Die fehlenden Kilos wurden Timo schnell zum Verh\u00e4ngnis, sodass er sich auf beiden Schultern geschlagen geben musste. Kopf hoch Timo, das war trotzdem eine super Leistung!<\/p>\n<p>Michal Pietrzak traf auf Hannes Vetter. Michal spielte seine Erfahrung aus und siegte verdient \u00fcber viele kleine Punkte mit 15:0 technisch \u00fcberlegen.<\/p>\n<p>Pausenstand:<br \/>\n12:4 f\u00fcr Artern&#8230; soweit so gut<\/p>\n<p>Bis 66 kg traf Andr\u00e9 G\u00fcnther nach der Pause auf Saikhar Isaev. \u201eG\u00fcnne\u201c fiel zwei Mal hinter einem klassischen Koph\u00fcftschwung hinterher, konnte sich aber noch befreien und nach 6 min mit 10:6 als Sieger von der Matte gehen.<\/p>\n<p>Jonas Michel hatte mit dem Bundesligaerfahrenen Axel Frommhold eine Mammutaufgabe vor sich. Jonas wurde gut passiv eingestellt, musste sich aber mit 6:3 geschlagen geben. Schade Jonas, da war noch was drin!<\/p>\n<p>Wie anfangs bereits erw\u00e4hnt konnte die 71 kg Klasse nicht besetzt werden. Damit der Magdeburger Stanislav Rentskyi nicht \u201eleer\u201c ausgeht, konnte noch kurzfristig ein Freundschaftskampf gegen unseren Faisal Hamidi organisiert werden. Faisal hatte wenig Chancen gegen den Freistilprofi, konnte aber Erfahrungen auf der Matte sammeln. Danke f\u00fcr deinen spontanen Einsatz Faisal.<\/p>\n<p>Tim Walther hatte mit Sandor Vajda das n\u00e4chste Freistilass aus den Magdeburger Reihen vor sich&#8230; Tim zeigte seine Kampfroutine und punktete Vajda immer wieder aus. Nach spannenden 6:00 min konnte er mit 11:6 zwei wichtige weitere Mannschaftspunkte verbuchen.<\/p>\n<p>Im letzten Kampf des Abends traf Marcus Winter auf den, auch schon einmal f\u00fcr Artern ringenden, Mathias Jahn. Marcus fand nicht ganz zu seiner gewohnten Form zur\u00fcck, sodass er sich gegen den Routinier aus Magdeburg mit 11:3 geschlagen geben musste.<\/p>\n<p>Das \u00e4nderte zwar noch einmal das Magdeburger Punktekonto, aber nicht den Mannschaftskampfsieg f\u00fcr Artern.<br \/>\nEndstand 16:13 f\u00fcr den AC Germania Artern! Damit Platz 1 in der Gruppe B!<\/p>\n<p>Auch wenn es \u00f6fter geschrieben wird und der Spruch langsam einen Bart bekommt, aber es stimmt!!<br \/>\n\u201cDas war gestern ganz gro\u00dfe Werbung f\u00fcr den Ringkampfsport an diesem Abend!\u201d so Coach Andr\u00e9 G\u00fcnther nach dem Kampf.<\/p>\n<p>Am kommenden Samstag geht es im letzten Kampf der R\u00fcckrunde zum KAV Mansfelder Land ins benachbarte Eisleben. Kampfbeginn ist dort bereits 19:00 Uhr.<br \/>\nWir hoffen, dass wir wieder zahlreiche Arterner Fans dort an unserer Seite begr\u00fc\u00dfen k\u00f6nnen.<a href=\"https:\/\/www.ac-germania.com\/A_ACG\/wordpress\/wp-content\/uploads\/2023\/11\/3A4BBFB1-06C2-4930-9F49-75E5FA3ECBB9.jpeg\"><img loading=\"lazy\" decoding=\"async\" class=\"size-full wp-image-9306 aligncenter\" src=\"https:\/\/www.ac-germania.com\/A_ACG\/wordpress\/wp-content\/uploads\/2023\/11\/3A4BBFB1-06C2-4930-9F49-75E5FA3ECBB9.jpeg\" alt=\"\" width=\"1847\" height=\"2048\" srcset=\"https:\/\/www.ac-germania.com\/A_ACG\/wordpress\/wp-content\/uploads\/2023\/11\/3A4BBFB1-06C2-4930-9F49-75E5FA3ECBB9.jpeg 1847w, https:\/\/www.ac-germania.com\/A_ACG\/wordpress\/wp-content\/uploads\/2023\/11\/3A4BBFB1-06C2-4930-9F49-75E5FA3ECBB9-271x300.jpeg 271w, https:\/\/www.ac-germania.com\/A_ACG\/wordpress\/wp-content\/uploads\/2023\/11\/3A4BBFB1-06C2-4930-9F49-75E5FA3ECBB9-924x1024.jpeg 924w, https:\/\/www.ac-germania.com\/A_ACG\/wordpress\/wp-content\/uploads\/2023\/11\/3A4BBFB1-06C2-4930-9F49-75E5FA3ECBB9-768x852.jpeg 768w, https:\/\/www.ac-germania.com\/A_ACG\/wordpress\/wp-content\/uploads\/2023\/11\/3A4BBFB1-06C2-4930-9F49-75E5FA3ECBB9-1385x1536.jpeg 1385w, https:\/\/www.ac-germania.com\/A_ACG\/wordpress\/wp-content\/uploads\/2023\/11\/3A4BBFB1-06C2-4930-9F49-75E5FA3ECBB9-135x150.jpeg 135w\" sizes=\"auto, (max-width: 1847px) 100vw, 1847px\" \/><\/a> <a href=\"https:\/\/www.ac-germania.com\/A_ACG\/wordpress\/wp-content\/uploads\/2023\/11\/07281A97-2AC9-44DC-93AC-27F59FDA4FD8.jpeg\"><img loading=\"lazy\" decoding=\"async\" class=\"size-full wp-image-9307 aligncenter\" src=\"https:\/\/www.ac-germania.com\/A_ACG\/wordpress\/wp-content\/uploads\/2023\/11\/07281A97-2AC9-44DC-93AC-27F59FDA4FD8.jpeg\" alt=\"\" width=\"640\" height=\"1370\" srcset=\"https:\/\/www.ac-germania.com\/A_ACG\/wordpress\/wp-content\/uploads\/2023\/11\/07281A97-2AC9-44DC-93AC-27F59FDA4FD8.jpeg 640w, https:\/\/www.ac-germania.com\/A_ACG\/wordpress\/wp-content\/uploads\/2023\/11\/07281A97-2AC9-44DC-93AC-27F59FDA4FD8-140x300.jpeg 140w, https:\/\/www.ac-germania.com\/A_ACG\/wordpress\/wp-content\/uploads\/2023\/11\/07281A97-2AC9-44DC-93AC-27F59FDA4FD8-478x1024.jpeg 478w, https:\/\/www.ac-germania.com\/A_ACG\/wordpress\/wp-content\/uploads\/2023\/11\/07281A97-2AC9-44DC-93AC-27F59FDA4FD8-70x150.jpeg 70w\" sizes=\"auto, (max-width: 640px) 100vw, 640px\" \/><\/a> <a href=\"https:\/\/www.ac-germania.com\/A_ACG\/wordpress\/wp-content\/uploads\/2023\/11\/95A41B1C-ADA0-48F1-9120-214CD51AF547.jpeg\"><img loading=\"lazy\" decoding=\"async\" class=\"size-full wp-image-9308 aligncenter\" src=\"https:\/\/www.ac-germania.com\/A_ACG\/wordpress\/wp-content\/uploads\/2023\/11\/95A41B1C-ADA0-48F1-9120-214CD51AF547.jpeg\" alt=\"\" width=\"1536\" height=\"2048\" srcset=\"https:\/\/www.ac-germania.com\/A_ACG\/wordpress\/wp-content\/uploads\/2023\/11\/95A41B1C-ADA0-48F1-9120-214CD51AF547.jpeg 1536w, https:\/\/www.ac-germania.com\/A_ACG\/wordpress\/wp-content\/uploads\/2023\/11\/95A41B1C-ADA0-48F1-9120-214CD51AF547-225x300.jpeg 225w, https:\/\/www.ac-germania.com\/A_ACG\/wordpress\/wp-content\/uploads\/2023\/11\/95A41B1C-ADA0-48F1-9120-214CD51AF547-768x1024.jpeg 768w, https:\/\/www.ac-germania.com\/A_ACG\/wordpress\/wp-content\/uploads\/2023\/11\/95A41B1C-ADA0-48F1-9120-214CD51AF547-1152x1536.jpeg 1152w, https:\/\/www.ac-germania.com\/A_ACG\/wordpress\/wp-content\/uploads\/2023\/11\/95A41B1C-ADA0-48F1-9120-214CD51AF547-113x150.jpeg 113w\" sizes=\"auto, (max-width: 1536px) 100vw, 1536px\" \/><\/a><\/p>\n","protected":false},"excerpt":{"rendered":"<p>Bericht und Bilder: Manja Braunsdorf Was war das f\u00fcr ein Kampfabend am Samstag in der Ringerhalle? Volles Haus\u2026 mitfiebernde Fans&#8230; spannende K\u00e4mpfe&#8230;ausverkaufte Getr\u00e4nke! Jedem Ringerfreund war bereits im Voraus klar, dass der Kampf AC Germania Artern gegen den MSV 90 ein Highlight wird. Aber mit so viel Unterst\u00fctzung haben auch \u2026 <a class=\"continue-reading-link\" href=\"https:\/\/www.ac-germania.com\/?p=9305\">Weiterlesen <span class=\"meta-nav\">&rarr; <\/span><\/a><\/p>\n","protected":false},"author":99,"featured_media":9308,"comment_status":"open","ping_status":"open","sticky":false,"template":"","format":"standard","meta":{"footnotes":""},"categories":[16],"tags":[],"class_list":["post-9305","post","type-post","status-publish","format-standard","has-post-thumbnail","hentry","category-news-2023"],"_links":{"self":[{"href":"https:\/\/www.ac-germania.com\/index.php?rest_route=\/wp\/v2\/posts\/9305","targetHints":{"allow":["GET"]}}],"collection":[{"href":"https:\/\/www.ac-germania.com\/index.php?rest_route=\/wp\/v2\/posts"}],"about":[{"href":"https:\/\/www.ac-germania.com\/index.php?rest_route=\/wp\/v2\/types\/post"}],"author":[{"embeddable":true,"href":"https:\/\/www.ac-germania.com\/index.php?rest_route=\/wp\/v2\/users\/99"}],"replies":[{"embeddable":true,"href":"https:\/\/www.ac-germania.com\/index.php?rest_route=%2Fwp%2Fv2%2Fcomments&post=9305"}],"version-history":[{"count":1,"href":"https:\/\/www.ac-germania.com\/index.php?rest_route=\/wp\/v2\/posts\/9305\/revisions"}],"predecessor-version":[{"id":9309,"href":"https:\/\/www.ac-germania.com\/index.php?rest_route=\/wp\/v2\/posts\/9305\/revisions\/9309"}],"wp:featuredmedia":[{"embeddable":true,"href":"https:\/\/www.ac-germania.com\/index.php?rest_route=\/wp\/v2\/media\/9308"}],"wp:attachment":[{"href":"https:\/\/www.ac-germania.com\/index.php?rest_route=%2Fwp%2Fv2%2Fmedia&parent=9305"}],"wp:term":[{"taxonomy":"category","embeddable":true,"href":"https:\/\/www.ac-germania.com\/index.php?rest_route=%2Fwp%2Fv2%2Fcategories&post=9305"},{"taxonomy":"post_tag","embeddable":true,"href":"https:\/\/www.ac-germania.com\/index.php?rest_route=%2Fwp%2Fv2%2Ftags&post=9305"}],"curies":[{"name":"wp","href":"https:\/\/api.w.org\/{rel}","templated":true}]}}