{"id":9302,"date":"2023-11-06T21:41:04","date_gmt":"2023-11-06T20:41:04","guid":{"rendered":"https:\/\/www.ac-germania.com\/?p=9302"},"modified":"2023-11-16T21:44:35","modified_gmt":"2023-11-16T20:44:35","slug":"auswaertssieg-in-der-glockenstadt","status":"publish","type":"post","link":"https:\/\/www.ac-germania.com\/?p=9302","title":{"rendered":"Ausw\u00e4rtssieg in der Glockenstadt"},"content":{"rendered":"<h5>Bericht: Manja Braunsdorf Fotos: Antonia Rothenberg<\/h5>\n<p dir=\"ltr\">Mit einem <span dir=\"ltr\">19:11<\/span> Ausw\u00e4rtssieg kehrten die Ringer des AC Germania Artern am Samstag gl\u00fccklich aus Apolda zur\u00fcck&#8230;<\/p>\n<p>&nbsp;<\/p>\n<p dir=\"ltr\">Aber mal ganz von vorn:<\/p>\n<p>&nbsp;<\/p>\n<p dir=\"ltr\">Nach dem offiziellen Wiegen stand bereits fest, dass die Germanen an diesem Kampftag die 71 kg Klasse nicht besetzten k\u00f6nnen und somit bereits mit vier Punkten R\u00fcckstand ins Rennen gingen.<\/p>\n<p>&nbsp;<\/p>\n<p dir=\"ltr\">Bis 57 kg traf Jack Eisenhardt auf Darius Poluyanov. Jack konnte souver\u00e4n noch in der ersten Halbzeit technisch \u00fcberlegen siegen. Ansporn f\u00fcr die Mannschaft.<\/p>\n<p>&nbsp;<\/p>\n<p dir=\"ltr\">\u201eOndra\u201c hatte, wie bereits auch in der Hinrunde, mit Jakub Straczynski keinen einfachen Gegner. Er agierte aber clever und konnte mit einem 7:3 Sieg zwei Mannschaftspunkte aufs Konto verbuchen.<\/p>\n<p>&nbsp;<\/p>\n<p dir=\"ltr\">Timo Pitz hatte ebenfalls den gleichen Gegner wie in der Hinrunde. Zhalavdi Sokuev war allerdings zu 100 % auf Timo eingestellt. F\u00fcr Au\u00dfenstehende wirkte es fast wie ein Drehbuch. Sokuev macht ein Angebot, was Timo nat\u00fcrlich nutze. Durch den darauffolgenden Konter fand sich Timo in der gef\u00e4hrlichen Lage wieder und konnte sich leider nicht mehr befreien, sodass Apolda hier einen Schultersieg f\u00fcr sich verbuchen konnte.<\/p>\n<p>&nbsp;<\/p>\n<p dir=\"ltr\">Michal Pietrzak hatte zu Kampfbeginn einige Schwierigkeiten mit seinem Gegner Daniil Dolnikov. Er fand jedoch schnell wieder in den Kampf und schultere zur Freude der mitgereisten Fans seinen Kontrahenten dann bereits nach <span dir=\"ltr\">2:33<\/span> min.<\/p>\n<p>&nbsp;<\/p>\n<p dir=\"ltr\">10:4 f\u00fcr die Arterner zur Pause klingt ja soweit gar nicht schlecht. W\u00e4re da nicht die freie 71kg Klasse.<\/p>\n<p>&nbsp;<\/p>\n<p dir=\"ltr\">Bis 66 kg traf Andr\u00e9 G\u00fcnther auf Omid Sayadi. \u201eG\u00fcnne\u201c wusste, dass Omid bislang ungeschlagen durch die Saison gegangen ist. Somit hie\u00df es erneut volle Defensive und gegen Halten. Am Ende entschied der Apoldaer den Kampf mit 10:2 Punkten f\u00fcr sich.<\/p>\n<p>&nbsp;<\/p>\n<p dir=\"ltr\">Jonas Michel tat sich bis 86 kg gegen Alikhan Arsakaev in der ersten H\u00e4lfte ebenfalls unn\u00f6tig schwer. Daf\u00fcr drehte er in der zweiten Kampfh\u00e4lfte aber um so mehr auf und gewann das hitzige Duell mit <span dir=\"ltr\">22:11<\/span>.<\/p>\n<p>&nbsp;<\/p>\n<p dir=\"ltr\">Tim Walther traf bis 80 kg auf Abdulhadi Sahibzada. \u201eWaldi\u201c zeigte, dass er auch einen hektisch anst\u00fcrmenden Gegner gut h\u00e4ndeln kann und siegte nach etwas \u00fcber zwei Minuten auf Schulter.<\/p>\n<p>&nbsp;<\/p>\n<p dir=\"ltr\">Im letzten Kampf des Abends trafen wieder zwei alte Bekannte aufeinander&#8230; Marcus Winter und Ren\u00e9 Seydewitz. In der ersten H\u00e4lfte gab Marcus sehenswert alles, was ihm im Anschluss konditionell etwas zum Verh\u00e4ngnis wurde. Nach den vollen 6 min konnte er jedoch den Kampf mit <span dir=\"ltr\">16:11<\/span> f\u00fcr sich entscheiden.<\/p>\n<p>&nbsp;<\/p>\n<p dir=\"ltr\">&#8222;Zusammenfassend bleibt zu sagen, dass der <span dir=\"ltr\">19:11<\/span> Sieg jederzeit gef\u00e4hrdet war. Allein schon mit einer nicht besetzten Gewichtsklasse starten zu m\u00fcssen, erh\u00f6ht den Druck auf jeden einzelnen Sportler. Wenn man dann noch sieht, wie oft die Arterner Sportler in der gef\u00e4hrlichen Lage waren und sich \u201egerade noch so\u201c befreien konnten, h\u00e4tte der Kampf auch schnell ganz anders ausgehen k\u00f6nnen&#8220; so Andr\u00e9 G\u00fcnther nach dem Mannschaftskampf.<\/p>\n<p>&nbsp;<\/p>\n<p dir=\"ltr\">Etwa 50 Fans unterst\u00fctzen die Mannschaft lautstark vom Mattenrand. Das pushte, daf\u00fcr vielen Dank.<\/p>\n<p>&nbsp;<\/p>\n<p dir=\"ltr\">Am kommenden Samstag, den 11.11.2023, kommt es dann in Artern zum Spitzenduell der Gruppe B gegen den MSV 90 aus Magdeburg. Wir hoffen daher erneut auf lautstarke und zahlreiche Unterst\u00fctzung von euch, denn wir wollen freilich den bislang stehenden 1. Tabellenplatz halten.<\/p>\n<p>&nbsp;<\/p>\n<p dir=\"ltr\">Hierzu m\u00f6chten wir noch etwas erg\u00e4nzen.<\/p>\n<p dir=\"ltr\">Den Sportfreunden der Germanen und aufmerksamen Verfolgern ist es nat\u00fcrlich nicht entgangen, dass wir in der Tabelle wieder eine wei\u00dfe Weste haben. Also, was war in der Zwischenzeit passiert:<\/p>\n<p>&nbsp;<\/p>\n<p dir=\"ltr\">Am 24.09.23 mussten wir leider von unserer <span dir=\"ltr\">13:17<\/span> Niederlage in Luckenwalde berichten.<\/p>\n<p dir=\"ltr\">Zu diesem Kampf wurde durch unseren Vereinspr\u00e4sidenten Protest eingelegt, denn der 1. LSC Luckenwalde hatte am 23.09.23 beim Kampf zwei Sportler ohne g\u00fcltige Startausweise im Team eingesetzt. Laut unserer Wettkampfordnung hat der Verein nachfolgend die M\u00f6glichkeit, diese in einer Frist nachzureichen. Dies geschah nicht und somit waren die Sportler, nach Pr\u00fcfung durch den Rechtsausschaus, aus dem Wettkampfprotokoll zu streichen und die Ergebnisse entsprechend zu \u00e4ndern. Die Punkte der beiden betreffenden Einzelk\u00e4mpfe wurden dem Arterner Konto gutgeschrieben und dies \u00e4nderte das Mannschaftsergebnis von diesem Wettkampftag in <span dir=\"ltr\">13:19<\/span> f\u00fcr Artern und die Gesamttabelle.<a href=\"https:\/\/www.ac-germania.com\/A_ACG\/wordpress\/wp-content\/uploads\/2023\/11\/4B01AAF6-1179-4859-90F4-7D13ACEDBA10.jpeg\"><img loading=\"lazy\" decoding=\"async\" class=\"size-full wp-image-9303 aligncenter\" src=\"https:\/\/www.ac-germania.com\/A_ACG\/wordpress\/wp-content\/uploads\/2023\/11\/4B01AAF6-1179-4859-90F4-7D13ACEDBA10.jpeg\" alt=\"\" width=\"1600\" height=\"1200\" srcset=\"https:\/\/www.ac-germania.com\/A_ACG\/wordpress\/wp-content\/uploads\/2023\/11\/4B01AAF6-1179-4859-90F4-7D13ACEDBA10.jpeg 1600w, https:\/\/www.ac-germania.com\/A_ACG\/wordpress\/wp-content\/uploads\/2023\/11\/4B01AAF6-1179-4859-90F4-7D13ACEDBA10-300x225.jpeg 300w, https:\/\/www.ac-germania.com\/A_ACG\/wordpress\/wp-content\/uploads\/2023\/11\/4B01AAF6-1179-4859-90F4-7D13ACEDBA10-1024x768.jpeg 1024w, https:\/\/www.ac-germania.com\/A_ACG\/wordpress\/wp-content\/uploads\/2023\/11\/4B01AAF6-1179-4859-90F4-7D13ACEDBA10-768x576.jpeg 768w, https:\/\/www.ac-germania.com\/A_ACG\/wordpress\/wp-content\/uploads\/2023\/11\/4B01AAF6-1179-4859-90F4-7D13ACEDBA10-1536x1152.jpeg 1536w, https:\/\/www.ac-germania.com\/A_ACG\/wordpress\/wp-content\/uploads\/2023\/11\/4B01AAF6-1179-4859-90F4-7D13ACEDBA10-150x113.jpeg 150w\" sizes=\"auto, (max-width: 1600px) 100vw, 1600px\" \/><\/a><\/p>\n","protected":false},"excerpt":{"rendered":"<p>Bericht: Manja Braunsdorf Fotos: Antonia Rothenberg Mit einem 19:11 Ausw\u00e4rtssieg kehrten die Ringer des AC Germania Artern am Samstag gl\u00fccklich aus Apolda zur\u00fcck&#8230; &nbsp; Aber mal ganz von vorn: &nbsp; Nach dem offiziellen Wiegen stand bereits fest, dass die Germanen an diesem Kampftag die 71 kg Klasse nicht besetzten k\u00f6nnen \u2026 <a class=\"continue-reading-link\" href=\"https:\/\/www.ac-germania.com\/?p=9302\">Weiterlesen <span class=\"meta-nav\">&rarr; <\/span><\/a><\/p>\n","protected":false},"author":99,"featured_media":9303,"comment_status":"open","ping_status":"open","sticky":false,"template":"","format":"standard","meta":{"footnotes":""},"categories":[16],"tags":[],"class_list":["post-9302","post","type-post","status-publish","format-standard","has-post-thumbnail","hentry","category-news-2023"],"_links":{"self":[{"href":"https:\/\/www.ac-germania.com\/index.php?rest_route=\/wp\/v2\/posts\/9302","targetHints":{"allow":["GET"]}}],"collection":[{"href":"https:\/\/www.ac-germania.com\/index.php?rest_route=\/wp\/v2\/posts"}],"about":[{"href":"https:\/\/www.ac-germania.com\/index.php?rest_route=\/wp\/v2\/types\/post"}],"author":[{"embeddable":true,"href":"https:\/\/www.ac-germania.com\/index.php?rest_route=\/wp\/v2\/users\/99"}],"replies":[{"embeddable":true,"href":"https:\/\/www.ac-germania.com\/index.php?rest_route=%2Fwp%2Fv2%2Fcomments&post=9302"}],"version-history":[{"count":1,"href":"https:\/\/www.ac-germania.com\/index.php?rest_route=\/wp\/v2\/posts\/9302\/revisions"}],"predecessor-version":[{"id":9304,"href":"https:\/\/www.ac-germania.com\/index.php?rest_route=\/wp\/v2\/posts\/9302\/revisions\/9304"}],"wp:featuredmedia":[{"embeddable":true,"href":"https:\/\/www.ac-germania.com\/index.php?rest_route=\/wp\/v2\/media\/9303"}],"wp:attachment":[{"href":"https:\/\/www.ac-germania.com\/index.php?rest_route=%2Fwp%2Fv2%2Fmedia&parent=9302"}],"wp:term":[{"taxonomy":"category","embeddable":true,"href":"https:\/\/www.ac-germania.com\/index.php?rest_route=%2Fwp%2Fv2%2Fcategories&post=9302"},{"taxonomy":"post_tag","embeddable":true,"href":"https:\/\/www.ac-germania.com\/index.php?rest_route=%2Fwp%2Fv2%2Ftags&post=9302"}],"curies":[{"name":"wp","href":"https:\/\/api.w.org\/{rel}","templated":true}]}}