{"id":9298,"date":"2023-10-29T21:39:19","date_gmt":"2023-10-29T20:39:19","guid":{"rendered":"https:\/\/www.ac-germania.com\/?p=9298"},"modified":"2023-11-16T21:40:41","modified_gmt":"2023-11-16T20:40:41","slug":"grundschueler-der-stadt-zu-gast-beim-ac-germania-artern","status":"publish","type":"post","link":"https:\/\/www.ac-germania.com\/?p=9298","title":{"rendered":"Grundsch\u00fcler der Stadt zu Gast beim AC Germania Artern"},"content":{"rendered":"<div dir=\"auto\">Die Grundschule \u201eAm K\u00f6nigstuhl\u201c in Artern veranstaltete in den Herbstferien eine aktive Sportwoche, mit dem Ziel den Grundsch\u00fclern die Sportm\u00f6glichkeiten in Artern n\u00e4her zu bringen und \u00fcber die Vereine der Stadt zu informieren.<\/p>\n<p>Am 11.10.2023 trafen sich hierzu 42 Sch\u00fcler im Trainingszentrum des AC Germania Artern.<br \/>\nTrainer Gerhard G\u00fcnther nutzte die Gelegenheit, in einem lockeren Gespr\u00e4ch, den Kindern zun\u00e4chst das Ringer ABC zu erl\u00e4utern.<br \/>\nDanach folgte die Bewegung auf der Ringermatte. Nach einer kurzen Erw\u00e4rmungseinheit konnten alle Sportler ihre F\u00e4higkeiten unter Beweis stellen. Am Ende gab es noch Staffelspiele, wobei alle Kinder mit viel Eifer dabei waren.<\/p>\n<p>Mit vielen Eindr\u00fccken zum Thema Ringen verlie\u00dfen die Kinder das Ringerzentrum.<br \/>\nWir bedanken uns bei der Schule f\u00fcr die M\u00f6glichkeit der Vorstellung unseres Sportes und w\u00fcrden uns \u00fcber euren Besuch der Kinder zum Training freuen.<\/p>\n<p>Die Trainingszeiten f\u00fcr die Jungend sind Montag und Mittwoch von 17:00 bis 18:30 Uhr sowie Freitag von 16:00 bis 17:30 Uhr.<\/p>\n<p>AC, AC, AC!!!<a href=\"https:\/\/www.ac-germania.com\/A_ACG\/wordpress\/wp-content\/uploads\/2023\/11\/EF72091D-1941-4F93-ABD3-7F23A7ADC87C-scaled.jpeg\"><img loading=\"lazy\" decoding=\"async\" class=\"size-full wp-image-9299 aligncenter\" src=\"https:\/\/www.ac-germania.com\/A_ACG\/wordpress\/wp-content\/uploads\/2023\/11\/EF72091D-1941-4F93-ABD3-7F23A7ADC87C-scaled.jpeg\" alt=\"\" width=\"2560\" height=\"1646\" srcset=\"https:\/\/www.ac-germania.com\/A_ACG\/wordpress\/wp-content\/uploads\/2023\/11\/EF72091D-1941-4F93-ABD3-7F23A7ADC87C-scaled.jpeg 2560w, https:\/\/www.ac-germania.com\/A_ACG\/wordpress\/wp-content\/uploads\/2023\/11\/EF72091D-1941-4F93-ABD3-7F23A7ADC87C-300x193.jpeg 300w, https:\/\/www.ac-germania.com\/A_ACG\/wordpress\/wp-content\/uploads\/2023\/11\/EF72091D-1941-4F93-ABD3-7F23A7ADC87C-1024x658.jpeg 1024w, https:\/\/www.ac-germania.com\/A_ACG\/wordpress\/wp-content\/uploads\/2023\/11\/EF72091D-1941-4F93-ABD3-7F23A7ADC87C-768x494.jpeg 768w, https:\/\/www.ac-germania.com\/A_ACG\/wordpress\/wp-content\/uploads\/2023\/11\/EF72091D-1941-4F93-ABD3-7F23A7ADC87C-1536x987.jpeg 1536w, https:\/\/www.ac-germania.com\/A_ACG\/wordpress\/wp-content\/uploads\/2023\/11\/EF72091D-1941-4F93-ABD3-7F23A7ADC87C-2048x1317.jpeg 2048w, https:\/\/www.ac-germania.com\/A_ACG\/wordpress\/wp-content\/uploads\/2023\/11\/EF72091D-1941-4F93-ABD3-7F23A7ADC87C-150x96.jpeg 150w\" sizes=\"auto, (max-width: 2560px) 100vw, 2560px\" \/><\/a> <a href=\"https:\/\/www.ac-germania.com\/A_ACG\/wordpress\/wp-content\/uploads\/2023\/11\/8ED14214-CD22-4E76-B2F0-6CA81FC3C02E-scaled.jpeg\"><img loading=\"lazy\" decoding=\"async\" class=\"size-full wp-image-9300 aligncenter\" src=\"https:\/\/www.ac-germania.com\/A_ACG\/wordpress\/wp-content\/uploads\/2023\/11\/8ED14214-CD22-4E76-B2F0-6CA81FC3C02E-scaled.jpeg\" alt=\"\" width=\"2560\" height=\"1761\" srcset=\"https:\/\/www.ac-germania.com\/A_ACG\/wordpress\/wp-content\/uploads\/2023\/11\/8ED14214-CD22-4E76-B2F0-6CA81FC3C02E-scaled.jpeg 2560w, https:\/\/www.ac-germania.com\/A_ACG\/wordpress\/wp-content\/uploads\/2023\/11\/8ED14214-CD22-4E76-B2F0-6CA81FC3C02E-300x206.jpeg 300w, https:\/\/www.ac-germania.com\/A_ACG\/wordpress\/wp-content\/uploads\/2023\/11\/8ED14214-CD22-4E76-B2F0-6CA81FC3C02E-1024x705.jpeg 1024w, https:\/\/www.ac-germania.com\/A_ACG\/wordpress\/wp-content\/uploads\/2023\/11\/8ED14214-CD22-4E76-B2F0-6CA81FC3C02E-768x528.jpeg 768w, https:\/\/www.ac-germania.com\/A_ACG\/wordpress\/wp-content\/uploads\/2023\/11\/8ED14214-CD22-4E76-B2F0-6CA81FC3C02E-1536x1057.jpeg 1536w, https:\/\/www.ac-germania.com\/A_ACG\/wordpress\/wp-content\/uploads\/2023\/11\/8ED14214-CD22-4E76-B2F0-6CA81FC3C02E-2048x1409.jpeg 2048w, https:\/\/www.ac-germania.com\/A_ACG\/wordpress\/wp-content\/uploads\/2023\/11\/8ED14214-CD22-4E76-B2F0-6CA81FC3C02E-150x103.jpeg 150w\" sizes=\"auto, (max-width: 2560px) 100vw, 2560px\" \/><\/a><\/div>\n","protected":false},"excerpt":{"rendered":"<p>Die Grundschule \u201eAm K\u00f6nigstuhl\u201c in Artern veranstaltete in den Herbstferien eine aktive Sportwoche, mit dem Ziel den Grundsch\u00fclern die Sportm\u00f6glichkeiten in Artern n\u00e4her zu bringen und \u00fcber die Vereine der Stadt zu informieren. Am 11.10.2023 trafen sich hierzu 42 Sch\u00fcler im Trainingszentrum des AC Germania Artern. Trainer Gerhard G\u00fcnther nutzte \u2026 <a class=\"continue-reading-link\" href=\"https:\/\/www.ac-germania.com\/?p=9298\">Weiterlesen <span class=\"meta-nav\">&rarr; <\/span><\/a><\/p>\n","protected":false},"author":99,"featured_media":9299,"comment_status":"open","ping_status":"open","sticky":false,"template":"","format":"standard","meta":{"footnotes":""},"categories":[16],"tags":[],"class_list":["post-9298","post","type-post","status-publish","format-standard","has-post-thumbnail","hentry","category-news-2023"],"_links":{"self":[{"href":"https:\/\/www.ac-germania.com\/index.php?rest_route=\/wp\/v2\/posts\/9298","targetHints":{"allow":["GET"]}}],"collection":[{"href":"https:\/\/www.ac-germania.com\/index.php?rest_route=\/wp\/v2\/posts"}],"about":[{"href":"https:\/\/www.ac-germania.com\/index.php?rest_route=\/wp\/v2\/types\/post"}],"author":[{"embeddable":true,"href":"https:\/\/www.ac-germania.com\/index.php?rest_route=\/wp\/v2\/users\/99"}],"replies":[{"embeddable":true,"href":"https:\/\/www.ac-germania.com\/index.php?rest_route=%2Fwp%2Fv2%2Fcomments&post=9298"}],"version-history":[{"count":1,"href":"https:\/\/www.ac-germania.com\/index.php?rest_route=\/wp\/v2\/posts\/9298\/revisions"}],"predecessor-version":[{"id":9301,"href":"https:\/\/www.ac-germania.com\/index.php?rest_route=\/wp\/v2\/posts\/9298\/revisions\/9301"}],"wp:featuredmedia":[{"embeddable":true,"href":"https:\/\/www.ac-germania.com\/index.php?rest_route=\/wp\/v2\/media\/9299"}],"wp:attachment":[{"href":"https:\/\/www.ac-germania.com\/index.php?rest_route=%2Fwp%2Fv2%2Fmedia&parent=9298"}],"wp:term":[{"taxonomy":"category","embeddable":true,"href":"https:\/\/www.ac-germania.com\/index.php?rest_route=%2Fwp%2Fv2%2Fcategories&post=9298"},{"taxonomy":"post_tag","embeddable":true,"href":"https:\/\/www.ac-germania.com\/index.php?rest_route=%2Fwp%2Fv2%2Ftags&post=9298"}],"curies":[{"name":"wp","href":"https:\/\/api.w.org\/{rel}","templated":true}]}}