{"id":9238,"date":"2023-10-16T15:00:14","date_gmt":"2023-10-16T14:00:14","guid":{"rendered":"https:\/\/www.ac-germania.com\/?p=9238"},"modified":"2023-10-20T15:42:19","modified_gmt":"2023-10-20T14:42:19","slug":"auswaertssieg-im-spitzenduell","status":"publish","type":"post","link":"https:\/\/www.ac-germania.com\/?p=9238","title":{"rendered":"Ausw\u00e4rtssieg im Spitzenduell"},"content":{"rendered":"<h5>Bericht: Andr\u00e9 G\u00fcnther Bilder: Kristin Kr\u00fcger &amp; Tina Reinhardt<\/h5>\n<p dir=\"ltr\">Am vergangenen Samstag trafen mit dem MSV 90 Magdeburg und dem AC Germania Artern die ewigen Rivalen der Oberliga Sachsen-Anhalt aufeinander.<\/p>\n<p>Der Kampfabend wurde durch die Magdeburger bereits im Vorfeld geb\u00fchrend beworben. So konnten sich die Sportler und Zuschauer neben spannenden K\u00e4mpfen auch auf ein Show-Programm freuen.<\/p>\n<p>An der Waage stand bereits fest, dass beide Mannschaften nicht auf den vollen Kader zur\u00fcckgreifen konnten. Trotzdem sagte Trainer Andr\u00e9 G\u00fcnther: \u201eWir k\u00f6nnen stolz sein heute mit 7 Arterner \u201eEigengew\u00e4chsen\u201c auf der Matte zu stehen\u201c<\/p>\n<p>P\u00fcnktlich <span dir=\"ltr\">19:00 Uhr<\/span> l\u00e4utete Timo Pitz gegen Furkan Karakayaden den Kampfabend ein. In der ersten H\u00e4lfte punktete Timo konzentriert und mit \u00dcbersicht. Seine permanenten Angriffe merkte man seinem Kontrahenten in der zweiten H\u00e4lfte deutlich an, sodass Timo nach fast voller Kampfzeit technisch \u00fcberlegen gewinnen konnte.<\/p>\n<p>Michal Pietrzak hatte mit dem deutlich schwereren Marcel Redmann keine Probleme und konnte den Kampf fr\u00fchzeitig auf Schulter gewinnen.<\/p>\n<p>Jack Eisenhardt tat sich unerwartet schwer gegen Mansur Kaikharov. Er lie\u00df sich trotzdem nicht beirren und schulterte seinen Gegner nach etwas \u00fcber <span dir=\"ltr\">4:00<\/span> min.<\/p>\n<p>Jonas Michel musste noch vor dem Wiegen zunehmen&#8230; Ja, Zunehmen ist bei Ringern eher eine Seltenheit. Er musste \u00fcber 80 kg wiegen, um die 86 kg Klasse \u00fcberspringen zu k\u00f6nnen und in der 98 kg Klasse antreten zu d\u00fcrfen. Dort traf er dann auf den deutlich schwereren Routinier Michael Estel. Jonas konnte hier seine St\u00e4rken nicht einsetzen und musste in der zweiten H\u00e4lfte eine Schulterniederlage hinnehmen.<\/p>\n<p>Bis 66 kg konnte Artern keinen Sportler stellen. Der noch verletzte Tim Salzmann stellte sich aber in den Dienst der Mannschaft und ging mit \u00fcber die Waage. Die Punkte gingen kampflos somit an Muslim Dalnaev.<\/p>\n<p>12:8 stand es zur Pause und noch war alles offen.<\/p>\n<p>Pascal G\u00f6bel traf nach der Pause auf Mathias Jahn. \u201eMatze hatte auch schon unseren gr\u00fcn-gelben Anzug an und ehrlich gesagt h\u00e4tte ich ihn lieber in diesem Anzug wieder getroffen\u201c In einem spannenden Duell verlor \u201eKalle\u201c am Ende mit 5:5 Punkten aufgrund der h\u00f6heren technischen Wertung von Mathias.<\/p>\n<p>Andr\u00e9 G\u00fcnther traf bis 71 kg auf Eric Richter. Beide wussten bereits vor dem Kampf, dass ihnen harte <span dir=\"ltr\">6:00<\/span> min bevorstehen. \u201eG\u00fcnne\u201c konnte an die gute Leistung der letzten K\u00e4mpfe ankn\u00fcpfen und entschied den Kampf mit 2:1 f\u00fcr sich.<\/p>\n<p>Bis 80 kg kam zum ersten Mal der Arterner Nachwuchssportler Max Neubert zum Einsatz. Max wurde \u201ekurz vor der Angst\u201c angerufen und musste noch ein bisschen Gewicht schrubben vor der Abfahrt. Er traf auf den Ur-Magdeburger und Trainer Thomas Ferchland. Max lie\u00df sich davon nicht beeindrucken und zeigte, dass sein Training auf der Sportschule Fr\u00fcchte tr\u00e4gt. Nach vollen <span dir=\"ltr\">6:00<\/span> min musste er sich lediglich mit 1:1 Punkten aufgrund der letzten Wertung f\u00fcr Thomas geschlagen geben. \u201eMax hat gezeigt, dass er bereit ist im \u201eM\u00e4nnerbereich\u201c mitzumischen. Etwas mehr Routine und solche K\u00e4mpfe entscheidet er zuk\u00fcnftig f\u00fcr sich\u201c so Trainer Michael Getschmann nach dem Kampf.<\/p>\n<p>Vom letzten Kampf stand es damit 13:9. Der MSV h\u00e4tte noch zu einem Unentschieden ausgleichen k\u00f6nnen&#8230; und das war auch ihr Plan.<\/p>\n<p>Bis 75 kg schickten die Magdeburger mit Stanislav Reutskyi einen ukrainischen Spitzensportler ins Rennen. Tim Walther kannte die Vita seines Kontrahenten und trat hoch motiviert und in Topform auf die Matte. Clever defensiv agierend konnte \u201eWaldi\u201c nahezu alle Situationen ausk\u00e4mpfen. Nach der vollen Kampfzeit siegte der Magdeburger zwar mit 2:0 Punkten, aber \u201eWaldi\u201c erf\u00fcllte das gesetzte Ziel keine vier Punkte abzugeben und war aus Arterner Sicht der eigentliche Gewinner.<\/p>\n<p>Nach einem spannenden und nervenaufreibenden Kampfabend stand es <span dir=\"ltr\">13:11<\/span> f\u00fcr den AC Germania Artern. Die mitgereisten Fans und Zuschauer an den Bildschirmen k\u00f6nnen best\u00e4tigen, dass es genauso spannend war, wie das Ergebnis auch klingt. An dieser Stelle nochmal vielen Dank an alle, die den Weg mach Magdeburg auf sich genommen haben um die Arterner Ringer zu unterst\u00fctzen.<\/p>\n<p><a href=\"https:\/\/www.ac-germania.com\/A_ACG\/wordpress\/wp-content\/uploads\/2023\/10\/F7F1FEC7-ABEF-44B8-8F0B-648207427D5E.jpeg\"><img loading=\"lazy\" decoding=\"async\" class=\"size-full wp-image-9240 aligncenter\" src=\"https:\/\/www.ac-germania.com\/A_ACG\/wordpress\/wp-content\/uploads\/2023\/10\/F7F1FEC7-ABEF-44B8-8F0B-648207427D5E.jpeg\" alt=\"\" width=\"924\" height=\"2000\" srcset=\"https:\/\/www.ac-germania.com\/A_ACG\/wordpress\/wp-content\/uploads\/2023\/10\/F7F1FEC7-ABEF-44B8-8F0B-648207427D5E.jpeg 924w, https:\/\/www.ac-germania.com\/A_ACG\/wordpress\/wp-content\/uploads\/2023\/10\/F7F1FEC7-ABEF-44B8-8F0B-648207427D5E-139x300.jpeg 139w, https:\/\/www.ac-germania.com\/A_ACG\/wordpress\/wp-content\/uploads\/2023\/10\/F7F1FEC7-ABEF-44B8-8F0B-648207427D5E-473x1024.jpeg 473w, https:\/\/www.ac-germania.com\/A_ACG\/wordpress\/wp-content\/uploads\/2023\/10\/F7F1FEC7-ABEF-44B8-8F0B-648207427D5E-768x1662.jpeg 768w, https:\/\/www.ac-germania.com\/A_ACG\/wordpress\/wp-content\/uploads\/2023\/10\/F7F1FEC7-ABEF-44B8-8F0B-648207427D5E-710x1536.jpeg 710w, https:\/\/www.ac-germania.com\/A_ACG\/wordpress\/wp-content\/uploads\/2023\/10\/F7F1FEC7-ABEF-44B8-8F0B-648207427D5E-69x150.jpeg 69w\" sizes=\"auto, (max-width: 924px) 100vw, 924px\" \/><\/a> <a href=\"https:\/\/www.ac-germania.com\/A_ACG\/wordpress\/wp-content\/uploads\/2023\/10\/60A8727D-C020-47AD-BDFB-273496F1F543.jpeg\"><img loading=\"lazy\" decoding=\"async\" class=\"size-full wp-image-9241 aligncenter\" src=\"https:\/\/www.ac-germania.com\/A_ACG\/wordpress\/wp-content\/uploads\/2023\/10\/60A8727D-C020-47AD-BDFB-273496F1F543.jpeg\" alt=\"\" width=\"924\" height=\"2000\" srcset=\"https:\/\/www.ac-germania.com\/A_ACG\/wordpress\/wp-content\/uploads\/2023\/10\/60A8727D-C020-47AD-BDFB-273496F1F543.jpeg 924w, https:\/\/www.ac-germania.com\/A_ACG\/wordpress\/wp-content\/uploads\/2023\/10\/60A8727D-C020-47AD-BDFB-273496F1F543-139x300.jpeg 139w, https:\/\/www.ac-germania.com\/A_ACG\/wordpress\/wp-content\/uploads\/2023\/10\/60A8727D-C020-47AD-BDFB-273496F1F543-473x1024.jpeg 473w, https:\/\/www.ac-germania.com\/A_ACG\/wordpress\/wp-content\/uploads\/2023\/10\/60A8727D-C020-47AD-BDFB-273496F1F543-768x1662.jpeg 768w, https:\/\/www.ac-germania.com\/A_ACG\/wordpress\/wp-content\/uploads\/2023\/10\/60A8727D-C020-47AD-BDFB-273496F1F543-710x1536.jpeg 710w, https:\/\/www.ac-germania.com\/A_ACG\/wordpress\/wp-content\/uploads\/2023\/10\/60A8727D-C020-47AD-BDFB-273496F1F543-69x150.jpeg 69w\" sizes=\"auto, (max-width: 924px) 100vw, 924px\" \/><\/a> <a href=\"https:\/\/www.ac-germania.com\/A_ACG\/wordpress\/wp-content\/uploads\/2023\/10\/3667E7B5-10B9-4B98-98C8-EF8E7FEF5EE4.jpeg\"><img loading=\"lazy\" decoding=\"async\" class=\"size-full wp-image-9242 aligncenter\" src=\"https:\/\/www.ac-germania.com\/A_ACG\/wordpress\/wp-content\/uploads\/2023\/10\/3667E7B5-10B9-4B98-98C8-EF8E7FEF5EE4.jpeg\" alt=\"\" width=\"1600\" height=\"739\" srcset=\"https:\/\/www.ac-germania.com\/A_ACG\/wordpress\/wp-content\/uploads\/2023\/10\/3667E7B5-10B9-4B98-98C8-EF8E7FEF5EE4.jpeg 1600w, https:\/\/www.ac-germania.com\/A_ACG\/wordpress\/wp-content\/uploads\/2023\/10\/3667E7B5-10B9-4B98-98C8-EF8E7FEF5EE4-300x139.jpeg 300w, https:\/\/www.ac-germania.com\/A_ACG\/wordpress\/wp-content\/uploads\/2023\/10\/3667E7B5-10B9-4B98-98C8-EF8E7FEF5EE4-1024x473.jpeg 1024w, https:\/\/www.ac-germania.com\/A_ACG\/wordpress\/wp-content\/uploads\/2023\/10\/3667E7B5-10B9-4B98-98C8-EF8E7FEF5EE4-768x355.jpeg 768w, https:\/\/www.ac-germania.com\/A_ACG\/wordpress\/wp-content\/uploads\/2023\/10\/3667E7B5-10B9-4B98-98C8-EF8E7FEF5EE4-1536x709.jpeg 1536w, https:\/\/www.ac-germania.com\/A_ACG\/wordpress\/wp-content\/uploads\/2023\/10\/3667E7B5-10B9-4B98-98C8-EF8E7FEF5EE4-150x69.jpeg 150w\" sizes=\"auto, (max-width: 1600px) 100vw, 1600px\" \/><\/a><br \/>\n<a href=\"https:\/\/www.ac-germania.com\/A_ACG\/wordpress\/wp-content\/uploads\/2023\/10\/B7DF82FE-1745-4D6A-ADBE-99DDB110B91A.jpeg\"><img loading=\"lazy\" decoding=\"async\" class=\"size-full wp-image-9239 aligncenter\" src=\"https:\/\/www.ac-germania.com\/A_ACG\/wordpress\/wp-content\/uploads\/2023\/10\/B7DF82FE-1745-4D6A-ADBE-99DDB110B91A.jpeg\" alt=\"\" width=\"1932\" height=\"1512\" srcset=\"https:\/\/www.ac-germania.com\/A_ACG\/wordpress\/wp-content\/uploads\/2023\/10\/B7DF82FE-1745-4D6A-ADBE-99DDB110B91A.jpeg 1932w, https:\/\/www.ac-germania.com\/A_ACG\/wordpress\/wp-content\/uploads\/2023\/10\/B7DF82FE-1745-4D6A-ADBE-99DDB110B91A-300x235.jpeg 300w, https:\/\/www.ac-germania.com\/A_ACG\/wordpress\/wp-content\/uploads\/2023\/10\/B7DF82FE-1745-4D6A-ADBE-99DDB110B91A-1024x801.jpeg 1024w, https:\/\/www.ac-germania.com\/A_ACG\/wordpress\/wp-content\/uploads\/2023\/10\/B7DF82FE-1745-4D6A-ADBE-99DDB110B91A-768x601.jpeg 768w, https:\/\/www.ac-germania.com\/A_ACG\/wordpress\/wp-content\/uploads\/2023\/10\/B7DF82FE-1745-4D6A-ADBE-99DDB110B91A-1536x1202.jpeg 1536w, https:\/\/www.ac-germania.com\/A_ACG\/wordpress\/wp-content\/uploads\/2023\/10\/B7DF82FE-1745-4D6A-ADBE-99DDB110B91A-150x117.jpeg 150w\" sizes=\"auto, (max-width: 1932px) 100vw, 1932px\" \/><\/a>Weiter geht es <span dir=\"ltr\">am 21.10.2023<\/span> vor heimischer Kulisse gegen die zweite Mannschaft des 1. LSC. Hier gilt es die Niederlage aus der Hinrunde wieder wett zu machen.<\/p>\n<p>&nbsp;<\/p>\n","protected":false},"excerpt":{"rendered":"<p>Bericht: Andr\u00e9 G\u00fcnther Bilder: Kristin Kr\u00fcger &amp; Tina Reinhardt Am vergangenen Samstag trafen mit dem MSV 90 Magdeburg und dem AC Germania Artern die ewigen Rivalen der Oberliga Sachsen-Anhalt aufeinander. Der Kampfabend wurde durch die Magdeburger bereits im Vorfeld geb\u00fchrend beworben. So konnten sich die Sportler und Zuschauer neben spannenden \u2026 <a class=\"continue-reading-link\" href=\"https:\/\/www.ac-germania.com\/?p=9238\">Weiterlesen <span class=\"meta-nav\">&rarr; <\/span><\/a><\/p>\n","protected":false},"author":99,"featured_media":9239,"comment_status":"open","ping_status":"open","sticky":false,"template":"","format":"standard","meta":{"footnotes":""},"categories":[16],"tags":[],"class_list":["post-9238","post","type-post","status-publish","format-standard","has-post-thumbnail","hentry","category-news-2023"],"_links":{"self":[{"href":"https:\/\/www.ac-germania.com\/index.php?rest_route=\/wp\/v2\/posts\/9238","targetHints":{"allow":["GET"]}}],"collection":[{"href":"https:\/\/www.ac-germania.com\/index.php?rest_route=\/wp\/v2\/posts"}],"about":[{"href":"https:\/\/www.ac-germania.com\/index.php?rest_route=\/wp\/v2\/types\/post"}],"author":[{"embeddable":true,"href":"https:\/\/www.ac-germania.com\/index.php?rest_route=\/wp\/v2\/users\/99"}],"replies":[{"embeddable":true,"href":"https:\/\/www.ac-germania.com\/index.php?rest_route=%2Fwp%2Fv2%2Fcomments&post=9238"}],"version-history":[{"count":2,"href":"https:\/\/www.ac-germania.com\/index.php?rest_route=\/wp\/v2\/posts\/9238\/revisions"}],"predecessor-version":[{"id":9244,"href":"https:\/\/www.ac-germania.com\/index.php?rest_route=\/wp\/v2\/posts\/9238\/revisions\/9244"}],"wp:featuredmedia":[{"embeddable":true,"href":"https:\/\/www.ac-germania.com\/index.php?rest_route=\/wp\/v2\/media\/9239"}],"wp:attachment":[{"href":"https:\/\/www.ac-germania.com\/index.php?rest_route=%2Fwp%2Fv2%2Fmedia&parent=9238"}],"wp:term":[{"taxonomy":"category","embeddable":true,"href":"https:\/\/www.ac-germania.com\/index.php?rest_route=%2Fwp%2Fv2%2Fcategories&post=9238"},{"taxonomy":"post_tag","embeddable":true,"href":"https:\/\/www.ac-germania.com\/index.php?rest_route=%2Fwp%2Fv2%2Ftags&post=9238"}],"curies":[{"name":"wp","href":"https:\/\/api.w.org\/{rel}","templated":true}]}}