{"id":9211,"date":"2023-10-01T19:01:47","date_gmt":"2023-10-01T18:01:47","guid":{"rendered":"https:\/\/www.ac-germania.com\/?p=9211"},"modified":"2023-10-05T19:06:01","modified_gmt":"2023-10-05T18:06:01","slug":"zweiter-heimkampf-erfolgreich","status":"publish","type":"post","link":"https:\/\/www.ac-germania.com\/?p=9211","title":{"rendered":"Zweiter Heimkampf erfolgreich"},"content":{"rendered":"<h5>Bericht: Andr\u00e9 G\u00fcnther Bild: Maria Ehret<\/h5>\n<p>Nach der Niederlage in Luckenwalde hie\u00df es f\u00fcr die Arterner Ringer neue Kraft sch\u00f6pfen um gegen den KAV Mansfelder Land wieder erfolgreich zu sein. Das dies keine einfache Aufgabe wird zeigte sich bereits an der Waage&#8230;<\/p>\n<p>Erneut konnte nicht auf den vollen Kader zur\u00fcckgegriffen werden, sodass diverse Gewichtsklassen umgestellt wurden.<\/p>\n<p>Timo Pitz ist definitiv in Artern angekommen. Er lie\u00df seinem Kontrahenten Kevin Brendel keine Luft und konnte ihn nach nur 1:34 Min. schultern. Christian Mehlig stellte sich in den Dienst der Mannschaft und traf nach langer Ringerabstinenz bis 130 kg auf Scheich-Mansur Dokuev. Christian startete stark, konnte aber das Tempo nicht die vollen 6 min durchhalten. Am Ende musste er sich mit 15:11 geschlagen geben. Eine super Leistung nach so langer Pause!<\/p>\n<p>Jack Eisenhardt hatte noch die Worte der Nachbesprechung des vergangenen Kampfes im Ohr und schulterte seinen Gegner Sammy V\u00f6lker eine Sekunde vor dem Halbzeitgong.<\/p>\n<p>Michal Pietrzak traf bis 98 kg auf Tony Richter. Tony war gut auf Michal eingestellt. Beide schenkten sich nichts. Am Ende hatte Michal mit 4:3 die Nase vorn.<\/p>\n<p>Brandon Blake konnte zum ersten Mal in dieser Saison eingesetzt werden. Er hatte mit Julian Klemens einen ebenb\u00fcrtigen Gegner. Beide agierten clever und k\u00e4mpften jeden Punkt bis zum Ende aus. Nach 6 min stand es 10:3 f\u00fcr Brandon. Das war ein Freistil Duell auf Augenh\u00f6he, dass auch die Zuschauer zu H\u00f6chstleitungen motivierte.<\/p>\n<p>Bis 86 kg traf Pascal G\u00f6bel auf Sebastian Schmidt. Keiner h\u00e4tte gedacht, dass \u201eKalle\u201c auch griechisch-r\u00f6misch Techniken beherrscht. Er schulterte Sebastian mit einem Kopfh\u00fcftschwung nach nur 1:24 min.<\/p>\n<p>Im Anschluss kam es zum ewigen Duell zwischen den beiden Mannschaftskapit\u00e4nen Andr\u00e9 G\u00fcnther und Marcus Breitschuh. \u201eG\u00fcnne\u201c fand sich in der ersten H\u00e4lfte nach einer Passivit\u00e4t im Boden wieder, was Marcus nutze, um 9:0 in F\u00fchrung zu gehen. Um die Mission &#8222;keine 4 Punkte abgeben&#8220; noch zu erreichen, musste die zweite H\u00e4lfte besser werden. Nach 6:00 min gewann der Eislebener mit 9:1. Mission dennoch erf\u00fcllt.<\/p>\n<p>Auf der 80 kg Klasse liegt 2023 einfach kein Segen bei den Arternern&#8230; Verletzungen, Pannen, Ausf\u00e4lle&#8230; Anton Killat der bereits vor l\u00e4ngerem vom Nachwuchs- zum M\u00e4nnertraining wechselte nahm die Chance war und wollte endlich auf die Matte. Er traf bis 80 kg allerdings auf den tschechischen Greco Spezialisten Ivo Svigler. Anton musste sich technisch \u00fcberlegen geschlagen geben, was seiner Motivation aber keinesfalls geschadet hat.<\/p>\n<p>Im letzten Kampf des Abends traf Tim Walther auf Bogdan Voronin. In einem sehenswerten Freistil Duell konnte \u201eWaldi\u201c am Ende mit 14:6 siegreich von der Matte gehen.<\/p>\n<p>Der AC Germania gewann mit 18:9 Punkten.<\/p>\n<p>An dieser Stelle nochmal vielen Dank an die Zuschauer auf beiden Seiten. Die Stimmung war sensationell und hat den spannenden Duellen den besonderen Schliff verliehen.<\/p>\n<p>Kommende Woche haben die Ringer aus Artern kampffrei und k\u00f6nnen sich regenerieren, um dann gest\u00e4rkt in den letzten Kampf der Hinrunde am 14.10.2023 gegen den MSV 90 Magdeburg zu starten.<\/p>\n<p><a href=\"https:\/\/www.ac-germania.com\/A_ACG\/wordpress\/wp-content\/uploads\/2023\/10\/F09CF509-EA36-4882-9E45-5FF97775367F-scaled.jpeg\"><img loading=\"lazy\" decoding=\"async\" class=\"alignnone size-full wp-image-9203\" src=\"https:\/\/www.ac-germania.com\/A_ACG\/wordpress\/wp-content\/uploads\/2023\/10\/F09CF509-EA36-4882-9E45-5FF97775367F-scaled.jpeg\" alt=\"\" width=\"1920\" height=\"2560\" srcset=\"https:\/\/www.ac-germania.com\/A_ACG\/wordpress\/wp-content\/uploads\/2023\/10\/F09CF509-EA36-4882-9E45-5FF97775367F-scaled.jpeg 1920w, https:\/\/www.ac-germania.com\/A_ACG\/wordpress\/wp-content\/uploads\/2023\/10\/F09CF509-EA36-4882-9E45-5FF97775367F-225x300.jpeg 225w, https:\/\/www.ac-germania.com\/A_ACG\/wordpress\/wp-content\/uploads\/2023\/10\/F09CF509-EA36-4882-9E45-5FF97775367F-768x1024.jpeg 768w, https:\/\/www.ac-germania.com\/A_ACG\/wordpress\/wp-content\/uploads\/2023\/10\/F09CF509-EA36-4882-9E45-5FF97775367F-1152x1536.jpeg 1152w, https:\/\/www.ac-germania.com\/A_ACG\/wordpress\/wp-content\/uploads\/2023\/10\/F09CF509-EA36-4882-9E45-5FF97775367F-1536x2048.jpeg 1536w, https:\/\/www.ac-germania.com\/A_ACG\/wordpress\/wp-content\/uploads\/2023\/10\/F09CF509-EA36-4882-9E45-5FF97775367F-113x150.jpeg 113w\" sizes=\"auto, (max-width: 1920px) 100vw, 1920px\" \/><\/a><\/p>\n","protected":false},"excerpt":{"rendered":"<p>Bericht: Andr\u00e9 G\u00fcnther Bild: Maria Ehret Nach der Niederlage in Luckenwalde hie\u00df es f\u00fcr die Arterner Ringer neue Kraft sch\u00f6pfen um gegen den KAV Mansfelder Land wieder erfolgreich zu sein. Das dies keine einfache Aufgabe wird zeigte sich bereits an der Waage&#8230; Erneut konnte nicht auf den vollen Kader zur\u00fcckgegriffen \u2026 <a class=\"continue-reading-link\" href=\"https:\/\/www.ac-germania.com\/?p=9211\">Weiterlesen <span class=\"meta-nav\">&rarr; <\/span><\/a><\/p>\n","protected":false},"author":99,"featured_media":9203,"comment_status":"open","ping_status":"open","sticky":false,"template":"","format":"standard","meta":{"footnotes":""},"categories":[16],"tags":[],"class_list":["post-9211","post","type-post","status-publish","format-standard","has-post-thumbnail","hentry","category-news-2023"],"_links":{"self":[{"href":"https:\/\/www.ac-germania.com\/index.php?rest_route=\/wp\/v2\/posts\/9211","targetHints":{"allow":["GET"]}}],"collection":[{"href":"https:\/\/www.ac-germania.com\/index.php?rest_route=\/wp\/v2\/posts"}],"about":[{"href":"https:\/\/www.ac-germania.com\/index.php?rest_route=\/wp\/v2\/types\/post"}],"author":[{"embeddable":true,"href":"https:\/\/www.ac-germania.com\/index.php?rest_route=\/wp\/v2\/users\/99"}],"replies":[{"embeddable":true,"href":"https:\/\/www.ac-germania.com\/index.php?rest_route=%2Fwp%2Fv2%2Fcomments&post=9211"}],"version-history":[{"count":3,"href":"https:\/\/www.ac-germania.com\/index.php?rest_route=\/wp\/v2\/posts\/9211\/revisions"}],"predecessor-version":[{"id":9214,"href":"https:\/\/www.ac-germania.com\/index.php?rest_route=\/wp\/v2\/posts\/9211\/revisions\/9214"}],"wp:featuredmedia":[{"embeddable":true,"href":"https:\/\/www.ac-germania.com\/index.php?rest_route=\/wp\/v2\/media\/9203"}],"wp:attachment":[{"href":"https:\/\/www.ac-germania.com\/index.php?rest_route=%2Fwp%2Fv2%2Fmedia&parent=9211"}],"wp:term":[{"taxonomy":"category","embeddable":true,"href":"https:\/\/www.ac-germania.com\/index.php?rest_route=%2Fwp%2Fv2%2Fcategories&post=9211"},{"taxonomy":"post_tag","embeddable":true,"href":"https:\/\/www.ac-germania.com\/index.php?rest_route=%2Fwp%2Fv2%2Ftags&post=9211"}],"curies":[{"name":"wp","href":"https:\/\/api.w.org\/{rel}","templated":true}]}}