{"id":9209,"date":"2023-09-28T18:00:10","date_gmt":"2023-09-28T17:00:10","guid":{"rendered":"https:\/\/www.ac-germania.com\/?p=9209"},"modified":"2023-10-05T19:01:37","modified_gmt":"2023-10-05T18:01:37","slug":"niederlage-in-luckenwalde","status":"publish","type":"post","link":"https:\/\/www.ac-germania.com\/?p=9209","title":{"rendered":"Niederlage in Luckenwalde"},"content":{"rendered":"<h5>Bilder: Maria Ehret<\/h5>\n<p>Nach 11 Siegen in Folge mussten sich die Ringer des AC Germania Artern am vergangenen Wochenende in Luckenwalde mit 17:13 geschlagen geben.<\/p>\n<p>Bereits an der Waage stand fest, dass es f\u00fcr die Arterner in dieser Woche nicht optimal l\u00e4uft. Die Gewichtsklassen 66 kg und 86 kg konnten krankheitsbedingt nicht bzw. nicht optimal besetzt werden.<\/p>\n<p>Dennoch fing der Kampfabend gut an. Neuzugang Timo Pitz zeigte sein K\u00f6nnen und konnte sich mit 10:0 Punkten gegen Islam Akhmadov durchsetzen. Michal Pietrzak hatte mit Lucas Gansi kein einfaches Los. Michal attackierte wie gewohnt, konnte aber am Ende den knapp 23 kg schwereren Gansi nicht bezwingen und unterlag mit 7:1. Jack Eisenhardt fand gegen Leandro Woick gar nicht in den Kampf. Der Luckenwalder ging permanent vorw\u00e4rts und konnte den Kampf mit 11:0 f\u00fcr sich entscheiden. Ondrej Havelka lie\u00df in der Gewichtsklasse bis 98 kg nichts anbrennen und siegte mit 15:0 technisch \u00fcberlegen. Bis 66 kg konnten die Arterner keinen Sportler stellen, sodass Kevin Siegert weitere vier Z\u00e4hler f\u00fcr Luckenwalde holte. Marcus Winter stellte sich in den Dienst der Mannschaft und r\u00fcckte in die 86 kg Klasse auf. Die fehlenden 10 kg merkte man Marcus an. Er gab alles, konnte aber gegen den ehemaligen Junioreneuropameister (2006) und Freistilspezialisten Felix Menzel nur wenig entgegensetzen. Marcus musste sich mit 16:0 geschlagen geben. Andr\u00e9 G\u00fcnther lieferte sich bis 71 kg ein hitziges Duell mit Louis Mutz. Nach \u201ewilden\u201c 6 min konnte G\u00fcnne den Kampf mit 6:1 f\u00fcr sich entscheiden. Jonas Michel ging es \u00e4hnlich wie Jack. Er fand einfach nicht in den Kampf. Das nutze Justin Hahn, der am Ende mit 18:2 technisch \u00fcberlegen siegte. Im letzten Kampf des Abends traf Tim Walther auf Akhmed Arsonov. Tim schulterte seinen Kontrahenten nach nur 2:12 min.<\/p>\n<p>\u201eLuckenwalde hat einen sehr gro\u00dfen Kader an guten Sportlern. So ist es nicht \u00fcberraschend, dass wir am Samstag eine nahezu komplett andere Aufstellung als in ihrem ersten Kampf gesehen haben. Das Luckenwalder Team war jung und siegeshungrig. Wenn wir dann mit einer nicht besetzten Gewichtsklasse anreisen und dazu noch Marcus in die 86 stellen m\u00fcssen, um nicht noch eine Gewichtsklasse unbesetzt zu lassen, dann muss der Rest der Ringer 200 % geben, um das auszugleichen&#8230; Das haben wir an diesem Samstag nicht hinbekommen und mussten uns geschlagen geben.\u201c Andr\u00e9 G\u00fcnther zur Niederlage<\/p>\n<p>Nun hei\u00dft es abhaken und am kommenden Samstag vor heimischem Publikum gegen den KAV Mansfelder Land wieder alles geben.<\/p>\n<p><a href=\"https:\/\/www.ac-germania.com\/A_ACG\/wordpress\/wp-content\/uploads\/2023\/10\/FE2370EA-9128-421E-B1EF-6B3046988801-scaled.jpeg\"><img loading=\"lazy\" decoding=\"async\" class=\"alignnone size-full wp-image-9204\" src=\"https:\/\/www.ac-germania.com\/A_ACG\/wordpress\/wp-content\/uploads\/2023\/10\/FE2370EA-9128-421E-B1EF-6B3046988801-scaled.jpeg\" alt=\"\" width=\"1920\" height=\"2560\" srcset=\"https:\/\/www.ac-germania.com\/A_ACG\/wordpress\/wp-content\/uploads\/2023\/10\/FE2370EA-9128-421E-B1EF-6B3046988801-scaled.jpeg 1920w, https:\/\/www.ac-germania.com\/A_ACG\/wordpress\/wp-content\/uploads\/2023\/10\/FE2370EA-9128-421E-B1EF-6B3046988801-225x300.jpeg 225w, https:\/\/www.ac-germania.com\/A_ACG\/wordpress\/wp-content\/uploads\/2023\/10\/FE2370EA-9128-421E-B1EF-6B3046988801-768x1024.jpeg 768w, https:\/\/www.ac-germania.com\/A_ACG\/wordpress\/wp-content\/uploads\/2023\/10\/FE2370EA-9128-421E-B1EF-6B3046988801-1152x1536.jpeg 1152w, https:\/\/www.ac-germania.com\/A_ACG\/wordpress\/wp-content\/uploads\/2023\/10\/FE2370EA-9128-421E-B1EF-6B3046988801-1536x2048.jpeg 1536w, https:\/\/www.ac-germania.com\/A_ACG\/wordpress\/wp-content\/uploads\/2023\/10\/FE2370EA-9128-421E-B1EF-6B3046988801-113x150.jpeg 113w\" sizes=\"auto, (max-width: 1920px) 100vw, 1920px\" \/><\/a><\/p>\n","protected":false},"excerpt":{"rendered":"<p>Bilder: Maria Ehret Nach 11 Siegen in Folge mussten sich die Ringer des AC Germania Artern am vergangenen Wochenende in Luckenwalde mit 17:13 geschlagen geben. Bereits an der Waage stand fest, dass es f\u00fcr die Arterner in dieser Woche nicht optimal l\u00e4uft. Die Gewichtsklassen 66 kg und 86 kg konnten \u2026 <a class=\"continue-reading-link\" href=\"https:\/\/www.ac-germania.com\/?p=9209\">Weiterlesen <span class=\"meta-nav\">&rarr; <\/span><\/a><\/p>\n","protected":false},"author":99,"featured_media":9205,"comment_status":"open","ping_status":"open","sticky":false,"template":"","format":"standard","meta":{"footnotes":""},"categories":[16],"tags":[],"class_list":["post-9209","post","type-post","status-publish","format-standard","has-post-thumbnail","hentry","category-news-2023"],"_links":{"self":[{"href":"https:\/\/www.ac-germania.com\/index.php?rest_route=\/wp\/v2\/posts\/9209","targetHints":{"allow":["GET"]}}],"collection":[{"href":"https:\/\/www.ac-germania.com\/index.php?rest_route=\/wp\/v2\/posts"}],"about":[{"href":"https:\/\/www.ac-germania.com\/index.php?rest_route=\/wp\/v2\/types\/post"}],"author":[{"embeddable":true,"href":"https:\/\/www.ac-germania.com\/index.php?rest_route=\/wp\/v2\/users\/99"}],"replies":[{"embeddable":true,"href":"https:\/\/www.ac-germania.com\/index.php?rest_route=%2Fwp%2Fv2%2Fcomments&post=9209"}],"version-history":[{"count":1,"href":"https:\/\/www.ac-germania.com\/index.php?rest_route=\/wp\/v2\/posts\/9209\/revisions"}],"predecessor-version":[{"id":9210,"href":"https:\/\/www.ac-germania.com\/index.php?rest_route=\/wp\/v2\/posts\/9209\/revisions\/9210"}],"wp:featuredmedia":[{"embeddable":true,"href":"https:\/\/www.ac-germania.com\/index.php?rest_route=\/wp\/v2\/media\/9205"}],"wp:attachment":[{"href":"https:\/\/www.ac-germania.com\/index.php?rest_route=%2Fwp%2Fv2%2Fmedia&parent=9209"}],"wp:term":[{"taxonomy":"category","embeddable":true,"href":"https:\/\/www.ac-germania.com\/index.php?rest_route=%2Fwp%2Fv2%2Fcategories&post=9209"},{"taxonomy":"post_tag","embeddable":true,"href":"https:\/\/www.ac-germania.com\/index.php?rest_route=%2Fwp%2Fv2%2Ftags&post=9209"}],"curies":[{"name":"wp","href":"https:\/\/api.w.org\/{rel}","templated":true}]}}