{"id":9199,"date":"2023-09-18T18:00:21","date_gmt":"2023-09-18T17:00:21","guid":{"rendered":"https:\/\/www.ac-germania.com\/?p=9199"},"modified":"2023-10-05T18:58:11","modified_gmt":"2023-10-05T17:58:11","slug":"gelungener-start-in-die-saison-2023","status":"publish","type":"post","link":"https:\/\/www.ac-germania.com\/?p=9199","title":{"rendered":"Gelungener Start in die Saison 2023"},"content":{"rendered":"<h5>Beitrag: Manja Braunsdorf Bilder: Maria Ehret<\/h5>\n<p>Am Samstag, den 16.09.2023, begann f\u00fcr die Ringer des AC Germania Artern die Saison 2023 in der Oberliga Sachsen-Anhalt. Als Gegner reiste das neu aufgestellte Team der WKG Apolda-S\u00f6mmerda in die Unstruthalle.<\/p>\n<p>P\u00fcnktlich 19:30 Uhr konnte der Kampfabend vor einer sehr gut gef\u00fcllten Halle beginnen.<\/p>\n<p>Neuzugang Timo Pitz zeigte sehenswerte Techniken und \u00fcberraschte das Publikum. Gegen seinen Kontrahenten, Zhalavdi Sokuev, musste er sich am Ende aber, seinem clever konternden, Gegner mit 24:11 Punkten geschlagen geben.<br \/>\nMichal Pietrzak zeigte sich in guter Form und dominierte Daniil Dolnikov zu jedem Zeitpunkt. Er gewann technisch \u00fcberlegen nach 03:45 min.<br \/>\nJack Eisenhardt tat es ihm gleich und gewann ebenfalls technisch \u00fcberlegen gegen Saleh Almassri.<br \/>\nOndrej Havelka tat sich schwer gegen den Apoldaer Jakub Struzynki. Der Apoldaer war gut auf Ondra eingestellt, sodass es ihm schwer fiel zu Punkten. Am Ende konnte Ondra aber den Kampf mit 9:1 Punkten f\u00fcr sich entscheiden.<br \/>\nNeuzugang Brandon Blake konnte aufgrund eines fehlenden Attests zu einer Hautver\u00e4nderung seinen Kampf gegen Omid Sayadi nicht antreten. Schade, dass w\u00e4re sicherlich ein sehenswertes Freistil-Duell geworden.<\/p>\n<p>Im ersten Kampf nach der Pause traf Pascal G\u00f6bel auf Konstantyn Chebanov. Kalle agierte ruhig und mit \u00dcbersicht, fand sich jedoch nach einem Konter auf beiden Schultern wieder.<br \/>\nBis 71 kg greco konnte Andr\u00e9 G\u00fcnther den erfahrenen Stefan Bittmann mit 8:4 Punkten besiegen.<br \/>\nDie letzten beiden Ringer des AC Germania hatten es dann untern Jubel der Zuschauer sehr eilig&#8230; Jonas Michel bezwang Hendrik Jahn nach nur 01:12 min und Tim Walther schulterte Wayes Amiri nach nur 32 Sekunden.<\/p>\n<p>Die Arterner gewannen mit 21:11 Punkten.<\/p>\n<p>\u201eWir sind froh und stolz, dass wir wieder vor einer prall gef\u00fcllten Halle Ringen durften. Gerade im ersten Kampf der Saison kann man gut erkennen, welcher Sportler seinen Trainingszustand verbessern konnte. Hier und da k\u00f6nnen wir noch etwas nacharbeiten, aber im Gesamten haben wir eine gute Leitung gezeigt. Die neue Aufstellung der WKG Apolda-S\u00f6mmerda zeigt, dass sich auch die anderen Vereine verst\u00e4rkt haben und dieses Jahr mit allen Teams als Anw\u00e4rter auf den Meistertitel zu rechnen ist\u201c so Andr\u00e9 G\u00fcnther nach dem Kampf.<\/p>\n<p>Am kommenden Samstag geht es f\u00fcr die Germanen zum ersten Ausw\u00e4rtskampf nach Luckenwalde. Hierzu wird es dann wieder einen Livestream f\u00fcr alle Daheimgebliebenen und Interessierten geben.<\/p>\n<p><a href=\"https:\/\/www.ac-germania.com\/A_ACG\/wordpress\/wp-content\/uploads\/2023\/10\/1D4F833C-7753-461E-BBD8-1EAB00658100-scaled.jpeg\"><img loading=\"lazy\" decoding=\"async\" class=\"alignnone size-full wp-image-9200\" src=\"https:\/\/www.ac-germania.com\/A_ACG\/wordpress\/wp-content\/uploads\/2023\/10\/1D4F833C-7753-461E-BBD8-1EAB00658100-scaled.jpeg\" alt=\"\" width=\"1920\" height=\"2560\" srcset=\"https:\/\/www.ac-germania.com\/A_ACG\/wordpress\/wp-content\/uploads\/2023\/10\/1D4F833C-7753-461E-BBD8-1EAB00658100-scaled.jpeg 1920w, https:\/\/www.ac-germania.com\/A_ACG\/wordpress\/wp-content\/uploads\/2023\/10\/1D4F833C-7753-461E-BBD8-1EAB00658100-225x300.jpeg 225w, https:\/\/www.ac-germania.com\/A_ACG\/wordpress\/wp-content\/uploads\/2023\/10\/1D4F833C-7753-461E-BBD8-1EAB00658100-768x1024.jpeg 768w, https:\/\/www.ac-germania.com\/A_ACG\/wordpress\/wp-content\/uploads\/2023\/10\/1D4F833C-7753-461E-BBD8-1EAB00658100-1152x1536.jpeg 1152w, https:\/\/www.ac-germania.com\/A_ACG\/wordpress\/wp-content\/uploads\/2023\/10\/1D4F833C-7753-461E-BBD8-1EAB00658100-1536x2048.jpeg 1536w, https:\/\/www.ac-germania.com\/A_ACG\/wordpress\/wp-content\/uploads\/2023\/10\/1D4F833C-7753-461E-BBD8-1EAB00658100-113x150.jpeg 113w\" sizes=\"auto, (max-width: 1920px) 100vw, 1920px\" \/><\/a><\/p>\n","protected":false},"excerpt":{"rendered":"<p>Beitrag: Manja Braunsdorf Bilder: Maria Ehret Am Samstag, den 16.09.2023, begann f\u00fcr die Ringer des AC Germania Artern die Saison 2023 in der Oberliga Sachsen-Anhalt. Als Gegner reiste das neu aufgestellte Team der WKG Apolda-S\u00f6mmerda in die Unstruthalle. P\u00fcnktlich 19:30 Uhr konnte der Kampfabend vor einer sehr gut gef\u00fcllten Halle \u2026 <a class=\"continue-reading-link\" href=\"https:\/\/www.ac-germania.com\/?p=9199\">Weiterlesen <span class=\"meta-nav\">&rarr; <\/span><\/a><\/p>\n","protected":false},"author":99,"featured_media":9202,"comment_status":"open","ping_status":"open","sticky":false,"template":"","format":"standard","meta":{"footnotes":""},"categories":[16],"tags":[],"class_list":["post-9199","post","type-post","status-publish","format-standard","has-post-thumbnail","hentry","category-news-2023"],"_links":{"self":[{"href":"https:\/\/www.ac-germania.com\/index.php?rest_route=\/wp\/v2\/posts\/9199","targetHints":{"allow":["GET"]}}],"collection":[{"href":"https:\/\/www.ac-germania.com\/index.php?rest_route=\/wp\/v2\/posts"}],"about":[{"href":"https:\/\/www.ac-germania.com\/index.php?rest_route=\/wp\/v2\/types\/post"}],"author":[{"embeddable":true,"href":"https:\/\/www.ac-germania.com\/index.php?rest_route=\/wp\/v2\/users\/99"}],"replies":[{"embeddable":true,"href":"https:\/\/www.ac-germania.com\/index.php?rest_route=%2Fwp%2Fv2%2Fcomments&post=9199"}],"version-history":[{"count":3,"href":"https:\/\/www.ac-germania.com\/index.php?rest_route=\/wp\/v2\/posts\/9199\/revisions"}],"predecessor-version":[{"id":9208,"href":"https:\/\/www.ac-germania.com\/index.php?rest_route=\/wp\/v2\/posts\/9199\/revisions\/9208"}],"wp:featuredmedia":[{"embeddable":true,"href":"https:\/\/www.ac-germania.com\/index.php?rest_route=\/wp\/v2\/media\/9202"}],"wp:attachment":[{"href":"https:\/\/www.ac-germania.com\/index.php?rest_route=%2Fwp%2Fv2%2Fmedia&parent=9199"}],"wp:term":[{"taxonomy":"category","embeddable":true,"href":"https:\/\/www.ac-germania.com\/index.php?rest_route=%2Fwp%2Fv2%2Fcategories&post=9199"},{"taxonomy":"post_tag","embeddable":true,"href":"https:\/\/www.ac-germania.com\/index.php?rest_route=%2Fwp%2Fv2%2Ftags&post=9199"}],"curies":[{"name":"wp","href":"https:\/\/api.w.org\/{rel}","templated":true}]}}