{"id":8921,"date":"2023-05-17T14:52:22","date_gmt":"2023-05-17T13:52:22","guid":{"rendered":"https:\/\/www.ac-germania.com\/?p=8921"},"modified":"2023-05-17T14:52:22","modified_gmt":"2023-05-17T13:52:22","slug":"mitgliederversammlung-2023","status":"publish","type":"post","link":"https:\/\/www.ac-germania.com\/?p=8921","title":{"rendered":"Mitgliederversammlung 2023"},"content":{"rendered":"<h5>Bericht: Manja Braunsdorf<\/h5>\n<p>Am 28. April fand die allj\u00e4hrliche Mitgliederversammlung vom AC Germania Artern statt. Es musste u.a. nichts weniger als ein neuer Vorstandsposten besetzt werden.<\/p>\n<p>Zun\u00e4chst er\u00f6ffneten Versammlungsleiter Michael Getschmann und Vereinspr\u00e4sident Mirko Reinhardt die Versammlung. Nach der Begr\u00fc\u00dfung res\u00fcmierten die Vorstandsmitglieder \u00fcber das vergangene Jahr. Nat\u00fcrlich war die erfolgreiche M\u00e4nnermannschaft sowie die Nachwuchsarbeit die Themen. Aber auch unsere Abteilungen Fitness- und Kraftsport, die Freizeitsportler und die allgemeine Vereinsarbeit, die Bauma\u00dfnahmen und die Finanzen wurden in die Berichte eingeschlossen. \u00dcberall wurden Erfolge erzielt, tolle Aktionen gestartet und flei\u00dfig Sport getrieben sowie Bem\u00fchungen um F\u00f6rderungen angestrebt.<br \/>\nAuch am Vereinsobjekt wurde im letzten Jahr gewerkelt, erneuert und versch\u00f6nert.<\/p>\n<p>Dem Vorstand wurde von den anwesenden Mitgliedern &#8222;Absolution erteilt&#8220; und er kann weiter mit der Arbeit fortfahren. Einen kleinen Ausblick auf die kommenden Monate vom Jahr 2023 lieferte anschlie\u00dfend der Vereinspr\u00e4sident. Alle k\u00f6nnen sich nun die n\u00e4chsten wichtigen Termine neben dem Wettkampfbetrieb der Jugend und M\u00e4nner schon einmal in den Terminkalender schreiben.<\/p>\n<p><span dir=\"ltr\">Am 24.06.23<\/span> soll das Beach-Wrestling-Turnier im Schwimmbad Artern stattfinden, <span dir=\"ltr\">am 01.07.23<\/span> unser Sommernachtsball und<br \/>\nam Brunnenfestwochenende <span dir=\"ltr\">am 04.08.23<\/span> ist ein Ringkampfabend auf der Freilichtb\u00fchne geplant, wenn alles klappt.<\/p>\n<p>Dar\u00fcber hinaus sind immer Helfer gebraucht. Bauvorhaben m\u00fcssen umgesetzt bzw. fortgesetzt werden und ebenso steht noch der Fr\u00fchjahrsputz an den Sportobjekten auf dem gesetzten Plan.<\/p>\n<p>Wichtig war an diesem Abend aber besonders Top 10 der Tagesordnung. Die Neuwahl des Finanzwartes wurde notwendig. Hier wurde Sportfreund Michael G\u00fcnther vorgeschlagen und einstimmig von den Anwesenden gew\u00e4hlt. Er ist kein Unbekannter und geh\u00f6rt seit seiner Jugend engagiert zu unserem Verein. Das Werkeln mit Zahlen und Geld beherrscht er. Wir freuen uns \u00fcber diese Wahl und sagen herzlichen Gl\u00fcckwunsch!<\/p>\n<p>In diesem Zusammenhang danken wir von Herzen unserer scheidenden Finanzwartin Susann Panitzsch f\u00fcr ihre jahrelange unerm\u00fcdliche Unterst\u00fctzung.<\/p>\n<p>\u00c4rgerlich war einmal mehr die geringe Beteiligung an dieser Versammlung. Wir hoffen sehr, dass sich dies wieder \u00e4ndert bei der n\u00e4chsten Mitgliederversammlung. Auch dies geh\u00f6rt zum Vereinsleben!!<\/p>\n<p><a href=\"https:\/\/www.ac-germania.com\/A_ACG\/wordpress\/wp-content\/uploads\/2023\/05\/9FE0C6B7-DF97-4147-9ED5-8FEF5E4A318F-scaled.jpeg\"><img loading=\"lazy\" decoding=\"async\" class=\"aligncenter wp-image-8922 size-full\" src=\"https:\/\/www.ac-germania.com\/A_ACG\/wordpress\/wp-content\/uploads\/2023\/05\/9FE0C6B7-DF97-4147-9ED5-8FEF5E4A318F-scaled.jpeg\" alt=\"\" width=\"1564\" height=\"2560\" srcset=\"https:\/\/www.ac-germania.com\/A_ACG\/wordpress\/wp-content\/uploads\/2023\/05\/9FE0C6B7-DF97-4147-9ED5-8FEF5E4A318F-scaled.jpeg 1564w, https:\/\/www.ac-germania.com\/A_ACG\/wordpress\/wp-content\/uploads\/2023\/05\/9FE0C6B7-DF97-4147-9ED5-8FEF5E4A318F-183x300.jpeg 183w, https:\/\/www.ac-germania.com\/A_ACG\/wordpress\/wp-content\/uploads\/2023\/05\/9FE0C6B7-DF97-4147-9ED5-8FEF5E4A318F-625x1024.jpeg 625w, https:\/\/www.ac-germania.com\/A_ACG\/wordpress\/wp-content\/uploads\/2023\/05\/9FE0C6B7-DF97-4147-9ED5-8FEF5E4A318F-768x1257.jpeg 768w, https:\/\/www.ac-germania.com\/A_ACG\/wordpress\/wp-content\/uploads\/2023\/05\/9FE0C6B7-DF97-4147-9ED5-8FEF5E4A318F-938x1536.jpeg 938w, https:\/\/www.ac-germania.com\/A_ACG\/wordpress\/wp-content\/uploads\/2023\/05\/9FE0C6B7-DF97-4147-9ED5-8FEF5E4A318F-1251x2048.jpeg 1251w, https:\/\/www.ac-germania.com\/A_ACG\/wordpress\/wp-content\/uploads\/2023\/05\/9FE0C6B7-DF97-4147-9ED5-8FEF5E4A318F-92x150.jpeg 92w\" sizes=\"auto, (max-width: 1564px) 100vw, 1564px\" \/><\/a><\/p>\n","protected":false},"excerpt":{"rendered":"<p>Bericht: Manja Braunsdorf Am 28. April fand die allj\u00e4hrliche Mitgliederversammlung vom AC Germania Artern statt. Es musste u.a. nichts weniger als ein neuer Vorstandsposten besetzt werden. Zun\u00e4chst er\u00f6ffneten Versammlungsleiter Michael Getschmann und Vereinspr\u00e4sident Mirko Reinhardt die Versammlung. Nach der Begr\u00fc\u00dfung res\u00fcmierten die Vorstandsmitglieder \u00fcber das vergangene Jahr. Nat\u00fcrlich war die \u2026 <a class=\"continue-reading-link\" href=\"https:\/\/www.ac-germania.com\/?p=8921\">Weiterlesen <span class=\"meta-nav\">&rarr; <\/span><\/a><\/p>\n","protected":false},"author":99,"featured_media":0,"comment_status":"open","ping_status":"open","sticky":false,"template":"","format":"standard","meta":{"footnotes":""},"categories":[16],"tags":[],"class_list":["post-8921","post","type-post","status-publish","format-standard","hentry","category-news-2023"],"_links":{"self":[{"href":"https:\/\/www.ac-germania.com\/index.php?rest_route=\/wp\/v2\/posts\/8921","targetHints":{"allow":["GET"]}}],"collection":[{"href":"https:\/\/www.ac-germania.com\/index.php?rest_route=\/wp\/v2\/posts"}],"about":[{"href":"https:\/\/www.ac-germania.com\/index.php?rest_route=\/wp\/v2\/types\/post"}],"author":[{"embeddable":true,"href":"https:\/\/www.ac-germania.com\/index.php?rest_route=\/wp\/v2\/users\/99"}],"replies":[{"embeddable":true,"href":"https:\/\/www.ac-germania.com\/index.php?rest_route=%2Fwp%2Fv2%2Fcomments&post=8921"}],"version-history":[{"count":1,"href":"https:\/\/www.ac-germania.com\/index.php?rest_route=\/wp\/v2\/posts\/8921\/revisions"}],"predecessor-version":[{"id":8923,"href":"https:\/\/www.ac-germania.com\/index.php?rest_route=\/wp\/v2\/posts\/8921\/revisions\/8923"}],"wp:attachment":[{"href":"https:\/\/www.ac-germania.com\/index.php?rest_route=%2Fwp%2Fv2%2Fmedia&parent=8921"}],"wp:term":[{"taxonomy":"category","embeddable":true,"href":"https:\/\/www.ac-germania.com\/index.php?rest_route=%2Fwp%2Fv2%2Fcategories&post=8921"},{"taxonomy":"post_tag","embeddable":true,"href":"https:\/\/www.ac-germania.com\/index.php?rest_route=%2Fwp%2Fv2%2Ftags&post=8921"}],"curies":[{"name":"wp","href":"https:\/\/api.w.org\/{rel}","templated":true}]}}