{"id":8917,"date":"2023-05-09T14:00:19","date_gmt":"2023-05-09T13:00:19","guid":{"rendered":"https:\/\/www.ac-germania.com\/?p=8917"},"modified":"2023-05-17T14:44:44","modified_gmt":"2023-05-17T13:44:44","slug":"die-germanen-zu-besuch-in-der-messestadt","status":"publish","type":"post","link":"https:\/\/www.ac-germania.com\/?p=8917","title":{"rendered":"Die Germanen zu Besuch in der Messestadt"},"content":{"rendered":"<h5>Bericht: Manja Braunsdorf<\/h5>\n<p>Am vergangenen Freitag begann f\u00fcr den KFC-Leipzig der Start in die Mannschaftsaison 2023 mit dem ersten Trainingslager. Da zu uns gute Kontakte zu den Ringern und Trainern in der Sachsen-Metropole bestehen, wurde die Einladung zum gemeinsamen Training nat\u00fcrlich angenommen. P\u00fcnktlich <span dir=\"ltr\">um 18.00 Uhr<\/span> standen Tim Walter, Pascal G\u00f6bel, Faisal Hamidi und Michael Getschmann mit 40 weiteren Ringern im Sportcentrum in der Leplaystra\u00dfe auf der Matte. Eine knackige gemeinsame Erw\u00e4rmung war der Einstieg zum Ringen. Aufgrund der gro\u00dfen Anzahl an Ringk\u00e4mpfern konnten hier vielf\u00e4ltige Partnerwechsel vorgenommen werden, wobei jeder an seine Grenzen gehen konnte. Nach dem Training wurden die weitere Termine f\u00fcr gemeinsame Trainingseinheiten abgesprochen, welche allen den Start in die neue Saison erleichtern sollen.<\/p>\n<p>Wir sagen Danke f\u00fcr diese tolle Trainingseinheit!<\/p>\n<p><a href=\"https:\/\/www.ac-germania.com\/A_ACG\/wordpress\/wp-content\/uploads\/2023\/05\/11661BB6-27FB-4F29-AEFE-25CAAC16FF43.jpeg\"><img loading=\"lazy\" decoding=\"async\" class=\"aligncenter wp-image-8918 size-full\" src=\"https:\/\/www.ac-germania.com\/A_ACG\/wordpress\/wp-content\/uploads\/2023\/05\/11661BB6-27FB-4F29-AEFE-25CAAC16FF43.jpeg\" alt=\"\" width=\"1600\" height=\"916\" srcset=\"https:\/\/www.ac-germania.com\/A_ACG\/wordpress\/wp-content\/uploads\/2023\/05\/11661BB6-27FB-4F29-AEFE-25CAAC16FF43.jpeg 1600w, https:\/\/www.ac-germania.com\/A_ACG\/wordpress\/wp-content\/uploads\/2023\/05\/11661BB6-27FB-4F29-AEFE-25CAAC16FF43-300x172.jpeg 300w, https:\/\/www.ac-germania.com\/A_ACG\/wordpress\/wp-content\/uploads\/2023\/05\/11661BB6-27FB-4F29-AEFE-25CAAC16FF43-1024x586.jpeg 1024w, https:\/\/www.ac-germania.com\/A_ACG\/wordpress\/wp-content\/uploads\/2023\/05\/11661BB6-27FB-4F29-AEFE-25CAAC16FF43-768x440.jpeg 768w, https:\/\/www.ac-germania.com\/A_ACG\/wordpress\/wp-content\/uploads\/2023\/05\/11661BB6-27FB-4F29-AEFE-25CAAC16FF43-1536x879.jpeg 1536w, https:\/\/www.ac-germania.com\/A_ACG\/wordpress\/wp-content\/uploads\/2023\/05\/11661BB6-27FB-4F29-AEFE-25CAAC16FF43-150x86.jpeg 150w\" sizes=\"auto, (max-width: 1600px) 100vw, 1600px\" \/><\/a><\/p>\n","protected":false},"excerpt":{"rendered":"<p>Bericht: Manja Braunsdorf Am vergangenen Freitag begann f\u00fcr den KFC-Leipzig der Start in die Mannschaftsaison 2023 mit dem ersten Trainingslager. Da zu uns gute Kontakte zu den Ringern und Trainern in der Sachsen-Metropole bestehen, wurde die Einladung zum gemeinsamen Training nat\u00fcrlich angenommen. P\u00fcnktlich um 18.00 Uhr standen Tim Walter, Pascal \u2026 <a class=\"continue-reading-link\" href=\"https:\/\/www.ac-germania.com\/?p=8917\">Weiterlesen <span class=\"meta-nav\">&rarr; <\/span><\/a><\/p>\n","protected":false},"author":99,"featured_media":8918,"comment_status":"open","ping_status":"open","sticky":false,"template":"","format":"standard","meta":{"footnotes":""},"categories":[16],"tags":[],"class_list":["post-8917","post","type-post","status-publish","format-standard","has-post-thumbnail","hentry","category-news-2023"],"_links":{"self":[{"href":"https:\/\/www.ac-germania.com\/index.php?rest_route=\/wp\/v2\/posts\/8917","targetHints":{"allow":["GET"]}}],"collection":[{"href":"https:\/\/www.ac-germania.com\/index.php?rest_route=\/wp\/v2\/posts"}],"about":[{"href":"https:\/\/www.ac-germania.com\/index.php?rest_route=\/wp\/v2\/types\/post"}],"author":[{"embeddable":true,"href":"https:\/\/www.ac-germania.com\/index.php?rest_route=\/wp\/v2\/users\/99"}],"replies":[{"embeddable":true,"href":"https:\/\/www.ac-germania.com\/index.php?rest_route=%2Fwp%2Fv2%2Fcomments&post=8917"}],"version-history":[{"count":2,"href":"https:\/\/www.ac-germania.com\/index.php?rest_route=\/wp\/v2\/posts\/8917\/revisions"}],"predecessor-version":[{"id":8920,"href":"https:\/\/www.ac-germania.com\/index.php?rest_route=\/wp\/v2\/posts\/8917\/revisions\/8920"}],"wp:featuredmedia":[{"embeddable":true,"href":"https:\/\/www.ac-germania.com\/index.php?rest_route=\/wp\/v2\/media\/8918"}],"wp:attachment":[{"href":"https:\/\/www.ac-germania.com\/index.php?rest_route=%2Fwp%2Fv2%2Fmedia&parent=8917"}],"wp:term":[{"taxonomy":"category","embeddable":true,"href":"https:\/\/www.ac-germania.com\/index.php?rest_route=%2Fwp%2Fv2%2Fcategories&post=8917"},{"taxonomy":"post_tag","embeddable":true,"href":"https:\/\/www.ac-germania.com\/index.php?rest_route=%2Fwp%2Fv2%2Ftags&post=8917"}],"curies":[{"name":"wp","href":"https:\/\/api.w.org\/{rel}","templated":true}]}}