{"id":884,"date":"2011-09-21T16:57:38","date_gmt":"2011-09-21T14:57:38","guid":{"rendered":"http:\/\/www.ac-germania.com\/A_ACG\/wordpress\/?p=884"},"modified":"2013-06-18T12:59:05","modified_gmt":"2013-06-18T10:59:05","slug":"kampf-gegen-sangerhausen-als-standortbestimmung-fur-die-germanen","status":"publish","type":"post","link":"https:\/\/www.ac-germania.com\/?p=884","title":{"rendered":"Kampf gegen Sangerhausen als Standortbestimmung f\u00fcr die Germanen"},"content":{"rendered":"<p>Wenn am Samstag den 24.09.2011 Herr Petri den Kampf zwischen dem ASV Sangerhausen und dem AC-Germania Artern anpfeift, dann ist es f\u00fcr die Germanen ein Pr\u00fcfstein f\u00fcr die Saison. Der ASV konnte bisher alle seine K\u00e4mpfe, darunter auch gegen den SV Magdeburg, siegreich gestalten. Sie f\u00fchren momentan mit einem Kampf mehr, die Tabelle der Oberliga Nord \/ Ost an. F\u00fcr das AC-Team hei\u00dft es aufpassen. Gegen die Nachbarn waren die Derbys immer unbequem, und letztes Jahr kam man in Sangerhausen m\u00e4chtig unter die R\u00e4der. Mit Riedel (55Kg), Rettkowski(74kg) und Mehlig (120kg) verf\u00fcgen die Rosenst\u00e4dter \u00fcber klasse Ringer die erst einmal besiegt werden m\u00fcssen. Will man das Saisonziel erreichen, m\u00fcssen die Germanen an die Leistung vom Heimkampf gegen Salzgitter ankn\u00fcpfen. Ausf\u00e4lle sind momentan nicht gemeldet und so kann der AC-Germania mit voller Mannschaft anreisen. Kampfbeginn ist 19.00 Uhr in der Turnhalle der Grundschule S\u00fcd-West.<\/p>\n","protected":false},"excerpt":{"rendered":"<p>Wenn am Samstag den 24.09.2011 Herr Petri den Kampf zwischen dem ASV Sangerhausen und dem AC-Germania Artern anpfeift, dann ist es f\u00fcr die Germanen ein Pr\u00fcfstein f\u00fcr die Saison. Der ASV konnte bisher alle seine K\u00e4mpfe, darunter auch gegen den SV Magdeburg, siegreich gestalten. Sie f\u00fchren momentan mit einem Kampf \u2026 <a class=\"continue-reading-link\" href=\"https:\/\/www.ac-germania.com\/?p=884\">Weiterlesen <span class=\"meta-nav\">&rarr; <\/span><\/a><\/p>\n","protected":false},"author":1,"featured_media":0,"comment_status":"open","ping_status":"open","sticky":false,"template":"","format":"standard","meta":{"footnotes":""},"categories":[6],"tags":[],"class_list":["post-884","post","type-post","status-publish","format-standard","hentry","category-news-2011"],"_links":{"self":[{"href":"https:\/\/www.ac-germania.com\/index.php?rest_route=\/wp\/v2\/posts\/884","targetHints":{"allow":["GET"]}}],"collection":[{"href":"https:\/\/www.ac-germania.com\/index.php?rest_route=\/wp\/v2\/posts"}],"about":[{"href":"https:\/\/www.ac-germania.com\/index.php?rest_route=\/wp\/v2\/types\/post"}],"author":[{"embeddable":true,"href":"https:\/\/www.ac-germania.com\/index.php?rest_route=\/wp\/v2\/users\/1"}],"replies":[{"embeddable":true,"href":"https:\/\/www.ac-germania.com\/index.php?rest_route=%2Fwp%2Fv2%2Fcomments&post=884"}],"version-history":[{"count":0,"href":"https:\/\/www.ac-germania.com\/index.php?rest_route=\/wp\/v2\/posts\/884\/revisions"}],"wp:attachment":[{"href":"https:\/\/www.ac-germania.com\/index.php?rest_route=%2Fwp%2Fv2%2Fmedia&parent=884"}],"wp:term":[{"taxonomy":"category","embeddable":true,"href":"https:\/\/www.ac-germania.com\/index.php?rest_route=%2Fwp%2Fv2%2Fcategories&post=884"},{"taxonomy":"post_tag","embeddable":true,"href":"https:\/\/www.ac-germania.com\/index.php?rest_route=%2Fwp%2Fv2%2Ftags&post=884"}],"curies":[{"name":"wp","href":"https:\/\/api.w.org\/{rel}","templated":true}]}}