{"id":7338,"date":"2020-03-13T20:46:49","date_gmt":"2020-03-13T19:46:49","guid":{"rendered":"https:\/\/www.ac-germania.com\/?p=7338"},"modified":"2020-03-13T20:46:49","modified_gmt":"2020-03-13T19:46:49","slug":"acg-schliesst-sportstaette-und-beendet-trainingsbetrieb","status":"publish","type":"post","link":"https:\/\/www.ac-germania.com\/?p=7338","title":{"rendered":"ACG schlie\u00dft Sportst\u00e4tte und beendet Trainingsbetrieb"},"content":{"rendered":"<h5>Bericht: Manja Braunsdorf<\/h5>\n<p>Nun ist es auch bei uns soweit. Nachdem mehrere F\u00e4lle mit positiv getesteten Corona-Patienten auch den Kyffh\u00e4userkreis erreichten und entsprechende Erstma\u00dfnahnen beschlossen wurden, gab es nun heute die Information vom Th\u00fcringer Bildungsministerium, dass ab kommender Woche Schulen und Kinderg\u00e4rten geschlossen werden. Seit Beginn der Corona-Krise hatten auch wir uns st\u00e4ndig wieder Gedanken gemacht, wie wir damit umgehen. Hygienema\u00dfnahmen, denen bei uns schon immer eine gro\u00dfe Bedeutung beigemessen wird, wurde nochmals verst\u00e4rkt.<br \/>\nNichts desto trotz wurde heute auch bei uns eine endg\u00fcltige Entscheidung getroffen:<\/p>\n<p>Der Trainingsbetrieb f\u00fcr alle Sportgruppen wird vom 16.03. bis zum 19.04.2020 eingestellt. Das Haus der Ringer bleibt geschlossen.<\/p>\n<p><a href=\"https:\/\/www.ac-germania.com\/A_ACG\/wordpress\/wp-content\/uploads\/2020\/03\/20200313_193339.jpg\"><img loading=\"lazy\" decoding=\"async\" class=\"alignnone wp-image-7339 size-full\" src=\"https:\/\/www.ac-germania.com\/A_ACG\/wordpress\/wp-content\/uploads\/2020\/03\/20200313_193339.jpg\" alt=\"\" width=\"800\" height=\"1384\" srcset=\"https:\/\/www.ac-germania.com\/A_ACG\/wordpress\/wp-content\/uploads\/2020\/03\/20200313_193339.jpg 800w, https:\/\/www.ac-germania.com\/A_ACG\/wordpress\/wp-content\/uploads\/2020\/03\/20200313_193339-173x300.jpg 173w, https:\/\/www.ac-germania.com\/A_ACG\/wordpress\/wp-content\/uploads\/2020\/03\/20200313_193339-592x1024.jpg 592w, https:\/\/www.ac-germania.com\/A_ACG\/wordpress\/wp-content\/uploads\/2020\/03\/20200313_193339-768x1329.jpg 768w, https:\/\/www.ac-germania.com\/A_ACG\/wordpress\/wp-content\/uploads\/2020\/03\/20200313_193339-87x150.jpg 87w\" sizes=\"auto, (max-width: 800px) 100vw, 800px\" \/><\/a><\/p>\n<p>All dies zum Schutz unserer Sportler und Mitglieder, aber auch deren Angeh\u00f6rige. All dies in der Hoffnung, dass wir gesund bleiben und bald wieder unseren Trainings- und Wettkampfbetrieb aufnehmen k\u00f6nnen.<\/p>\n<p>In den letzten Tagen gab es viele Veranstaltungsabsagen, welche auch uns betreffen. Sportlergala, Tennebergpokal, Mitteldeutsche- und Deutsche Meisterschaften&#8230; sollen hierf\u00fcr nur Beispiele sein. Wir sind froh, dass viele der Termine nachgeholt werden k\u00f6nnen.<\/p>\n<p>Auch wir m\u00fcssen unsere laufenden Pl\u00e4ne \u00e4ndern. Dies betrifft bereits unseren ersten Festtermin. Das Generationstreffen, was wir f\u00fcr den 1.5.2020 geplant hatten, muss verschoben werden. Ein neuer Termin muss erst gefunden werden und wird dann bekannt gegeben.<\/p>\n<p>Haltet euch bis dahin an die hygienischen Vorgaben und passt auf euch und eure Lieben auf!!!<\/p>\n","protected":false},"excerpt":{"rendered":"<p>Bericht: Manja Braunsdorf Nun ist es auch bei uns soweit. Nachdem mehrere F\u00e4lle mit positiv getesteten Corona-Patienten auch den Kyffh\u00e4userkreis erreichten und entsprechende Erstma\u00dfnahnen beschlossen wurden, gab es nun heute die Information vom Th\u00fcringer Bildungsministerium, dass ab kommender Woche Schulen und Kinderg\u00e4rten geschlossen werden. Seit Beginn der Corona-Krise hatten auch \u2026 <a class=\"continue-reading-link\" href=\"https:\/\/www.ac-germania.com\/?p=7338\">Weiterlesen <span class=\"meta-nav\">&rarr; <\/span><\/a><\/p>\n","protected":false},"author":99,"featured_media":7339,"comment_status":"open","ping_status":"open","sticky":false,"template":"","format":"standard","meta":{"footnotes":""},"categories":[13],"tags":[],"class_list":["post-7338","post","type-post","status-publish","format-standard","has-post-thumbnail","hentry","category-news-2020"],"_links":{"self":[{"href":"https:\/\/www.ac-germania.com\/index.php?rest_route=\/wp\/v2\/posts\/7338","targetHints":{"allow":["GET"]}}],"collection":[{"href":"https:\/\/www.ac-germania.com\/index.php?rest_route=\/wp\/v2\/posts"}],"about":[{"href":"https:\/\/www.ac-germania.com\/index.php?rest_route=\/wp\/v2\/types\/post"}],"author":[{"embeddable":true,"href":"https:\/\/www.ac-germania.com\/index.php?rest_route=\/wp\/v2\/users\/99"}],"replies":[{"embeddable":true,"href":"https:\/\/www.ac-germania.com\/index.php?rest_route=%2Fwp%2Fv2%2Fcomments&post=7338"}],"version-history":[{"count":2,"href":"https:\/\/www.ac-germania.com\/index.php?rest_route=\/wp\/v2\/posts\/7338\/revisions"}],"predecessor-version":[{"id":7341,"href":"https:\/\/www.ac-germania.com\/index.php?rest_route=\/wp\/v2\/posts\/7338\/revisions\/7341"}],"wp:featuredmedia":[{"embeddable":true,"href":"https:\/\/www.ac-germania.com\/index.php?rest_route=\/wp\/v2\/media\/7339"}],"wp:attachment":[{"href":"https:\/\/www.ac-germania.com\/index.php?rest_route=%2Fwp%2Fv2%2Fmedia&parent=7338"}],"wp:term":[{"taxonomy":"category","embeddable":true,"href":"https:\/\/www.ac-germania.com\/index.php?rest_route=%2Fwp%2Fv2%2Fcategories&post=7338"},{"taxonomy":"post_tag","embeddable":true,"href":"https:\/\/www.ac-germania.com\/index.php?rest_route=%2Fwp%2Fv2%2Ftags&post=7338"}],"curies":[{"name":"wp","href":"https:\/\/api.w.org\/{rel}","templated":true}]}}