{"id":7298,"date":"2020-02-16T14:28:42","date_gmt":"2020-02-16T13:28:42","guid":{"rendered":"https:\/\/www.ac-germania.com\/?p=7298"},"modified":"2020-02-16T14:28:42","modified_gmt":"2020-02-16T13:28:42","slug":"erfolge-in-apolda-eingeheimst","status":"publish","type":"post","link":"https:\/\/www.ac-germania.com\/?p=7298","title":{"rendered":"Erfolge in Apolda eingeheimst"},"content":{"rendered":"<h5>Bericht: Manja Braunsdorf<\/h5>\n<p>Unsere Ringerkids starteten am 8. Februar mit ihren Betreuern beim Pokalturnier in Apolda. Der &#8222;Pokal des B\u00fcrgermeisters&#8220; ist ein beliebter Wettkampf und war auch an diesem Tag wieder gut durch den Ringerverein KSC &#8222;Deutsche Eiche&#8220; Apolda&#8220; vorbereitet. Sogar die aktuell frisch gebackene Vizeeuropameisterin Maria Selmaier weilte neben der Matte und unterst\u00fctzte ihren Heimatverein vor der Abreise nach Rom!<\/p>\n<p>Das Turnier ist gemacht f\u00fcr die kleinsten Mattenf\u00fcchse. Es gilt hier nicht nur erfolgreich auf der Ringermatte zu sein, sondern auch im Viellseitigkeitswettkampf zuvor zu zeigen, was man sportlich schon drauf hat. Klimmz\u00fcge, Rumpfbeugen, Liegest\u00fctze und Bank\u00fcberspringen im Schlu\u00dfsprung standen auf dem Programm. Hierf\u00fcr wurde vorab im Training flei\u00dfig in Artern ge\u00fcbt.<\/p>\n<p><a href=\"https:\/\/www.ac-germania.com\/A_ACG\/wordpress\/wp-content\/uploads\/2020\/02\/20200215_134705.jpg\"><img loading=\"lazy\" decoding=\"async\" class=\"alignnone wp-image-7299 size-full\" src=\"https:\/\/www.ac-germania.com\/A_ACG\/wordpress\/wp-content\/uploads\/2020\/02\/20200215_134705.jpg\" alt=\"\" width=\"800\" height=\"449\" srcset=\"https:\/\/www.ac-germania.com\/A_ACG\/wordpress\/wp-content\/uploads\/2020\/02\/20200215_134705.jpg 800w, https:\/\/www.ac-germania.com\/A_ACG\/wordpress\/wp-content\/uploads\/2020\/02\/20200215_134705-300x168.jpg 300w, https:\/\/www.ac-germania.com\/A_ACG\/wordpress\/wp-content\/uploads\/2020\/02\/20200215_134705-768x431.jpg 768w, https:\/\/www.ac-germania.com\/A_ACG\/wordpress\/wp-content\/uploads\/2020\/02\/20200215_134705-150x84.jpg 150w\" sizes=\"auto, (max-width: 800px) 100vw, 800px\" \/><\/a><\/p>\n<p><a href=\"https:\/\/www.ac-germania.com\/A_ACG\/wordpress\/wp-content\/uploads\/2020\/02\/IMG-20200208-WA0034.jpg\"><img loading=\"lazy\" decoding=\"async\" class=\"alignnone wp-image-7301 size-full\" src=\"https:\/\/www.ac-germania.com\/A_ACG\/wordpress\/wp-content\/uploads\/2020\/02\/IMG-20200208-WA0034.jpg\" alt=\"\" width=\"800\" height=\"600\" srcset=\"https:\/\/www.ac-germania.com\/A_ACG\/wordpress\/wp-content\/uploads\/2020\/02\/IMG-20200208-WA0034.jpg 800w, https:\/\/www.ac-germania.com\/A_ACG\/wordpress\/wp-content\/uploads\/2020\/02\/IMG-20200208-WA0034-300x225.jpg 300w, https:\/\/www.ac-germania.com\/A_ACG\/wordpress\/wp-content\/uploads\/2020\/02\/IMG-20200208-WA0034-768x576.jpg 768w, https:\/\/www.ac-germania.com\/A_ACG\/wordpress\/wp-content\/uploads\/2020\/02\/IMG-20200208-WA0034-150x113.jpg 150w\" sizes=\"auto, (max-width: 800px) 100vw, 800px\" \/><\/a><\/p>\n<p>Anschlie\u00dfend ging es f\u00fcr unsere 7 Sportfreunde gemeinsam mit weiteren 57 Youngstern aus insgesamt 12 Vereinen auf die Ringermatte.<br \/>\nHier konnten sie nun zeigen, was sie im Training schon gelernt haben. Unsere kleinsten Germanen erzielten dabei auch gute Ergebnisse.<br \/>\nIn der D-Jugend konnte sich Marco Wallstab einen 1. Platz, Daniel Eisenhardt einen 2. Platz und Jeremy Wiegl einen 4. Platz sichern.<br \/>\nIn der E-Jugend konnten Florian Zelmer und Hugo Schlegel einen 1. Platz, Fabian Barberowski einen 2. Platz und Ben P\u00e4tzold einen 3. Platz erringen. Damit machten sie ihren mitgereisten Trainer Jan Eric Reinhardt richtig stolz, denn damit holten sie \u00fcberraschend den 3. Platz in der Mannschaftswertung.<\/p>\n<p><a href=\"https:\/\/www.ac-germania.com\/A_ACG\/wordpress\/wp-content\/uploads\/2020\/02\/20200215_134900.jpg\"><img loading=\"lazy\" decoding=\"async\" class=\"alignnone wp-image-7303 size-full\" src=\"https:\/\/www.ac-germania.com\/A_ACG\/wordpress\/wp-content\/uploads\/2020\/02\/20200215_134900.jpg\" alt=\"\" width=\"800\" height=\"479\" srcset=\"https:\/\/www.ac-germania.com\/A_ACG\/wordpress\/wp-content\/uploads\/2020\/02\/20200215_134900.jpg 800w, https:\/\/www.ac-germania.com\/A_ACG\/wordpress\/wp-content\/uploads\/2020\/02\/20200215_134900-300x180.jpg 300w, https:\/\/www.ac-germania.com\/A_ACG\/wordpress\/wp-content\/uploads\/2020\/02\/20200215_134900-768x460.jpg 768w, https:\/\/www.ac-germania.com\/A_ACG\/wordpress\/wp-content\/uploads\/2020\/02\/20200215_134900-150x90.jpg 150w, https:\/\/www.ac-germania.com\/A_ACG\/wordpress\/wp-content\/uploads\/2020\/02\/20200215_134900-250x150.jpg 250w\" sizes=\"auto, (max-width: 800px) 100vw, 800px\" \/><\/a><\/p>\n<p><a href=\"https:\/\/www.ac-germania.com\/A_ACG\/wordpress\/wp-content\/uploads\/2020\/02\/20200215_135105.jpg\"><img loading=\"lazy\" decoding=\"async\" class=\"alignnone wp-image-7305 size-full\" src=\"https:\/\/www.ac-germania.com\/A_ACG\/wordpress\/wp-content\/uploads\/2020\/02\/20200215_135105.jpg\" alt=\"\" width=\"800\" height=\"478\" srcset=\"https:\/\/www.ac-germania.com\/A_ACG\/wordpress\/wp-content\/uploads\/2020\/02\/20200215_135105.jpg 800w, https:\/\/www.ac-germania.com\/A_ACG\/wordpress\/wp-content\/uploads\/2020\/02\/20200215_135105-300x179.jpg 300w, https:\/\/www.ac-germania.com\/A_ACG\/wordpress\/wp-content\/uploads\/2020\/02\/20200215_135105-768x459.jpg 768w, https:\/\/www.ac-germania.com\/A_ACG\/wordpress\/wp-content\/uploads\/2020\/02\/20200215_135105-150x90.jpg 150w, https:\/\/www.ac-germania.com\/A_ACG\/wordpress\/wp-content\/uploads\/2020\/02\/20200215_135105-250x150.jpg 250w\" sizes=\"auto, (max-width: 800px) 100vw, 800px\" \/><\/a><\/p>\n<p><a href=\"https:\/\/www.ac-germania.com\/A_ACG\/wordpress\/wp-content\/uploads\/2020\/02\/20200208_213920.jpg\"><img loading=\"lazy\" decoding=\"async\" class=\"alignnone wp-image-7304 size-full\" src=\"https:\/\/www.ac-germania.com\/A_ACG\/wordpress\/wp-content\/uploads\/2020\/02\/20200208_213920.jpg\" alt=\"\" width=\"800\" height=\"1100\" srcset=\"https:\/\/www.ac-germania.com\/A_ACG\/wordpress\/wp-content\/uploads\/2020\/02\/20200208_213920.jpg 800w, https:\/\/www.ac-germania.com\/A_ACG\/wordpress\/wp-content\/uploads\/2020\/02\/20200208_213920-218x300.jpg 218w, https:\/\/www.ac-germania.com\/A_ACG\/wordpress\/wp-content\/uploads\/2020\/02\/20200208_213920-745x1024.jpg 745w, https:\/\/www.ac-germania.com\/A_ACG\/wordpress\/wp-content\/uploads\/2020\/02\/20200208_213920-768x1056.jpg 768w, https:\/\/www.ac-germania.com\/A_ACG\/wordpress\/wp-content\/uploads\/2020\/02\/20200208_213920-109x150.jpg 109w\" sizes=\"auto, (max-width: 800px) 100vw, 800px\" \/><\/a><\/p>\n<p>Minis, so kann es gern weitergehen! Herzlichen Gl\u00fcckwunsch!<\/p>\n","protected":false},"excerpt":{"rendered":"<p>Bericht: Manja Braunsdorf Unsere Ringerkids starteten am 8. Februar mit ihren Betreuern beim Pokalturnier in Apolda. Der &#8222;Pokal des B\u00fcrgermeisters&#8220; ist ein beliebter Wettkampf und war auch an diesem Tag wieder gut durch den Ringerverein KSC &#8222;Deutsche Eiche&#8220; Apolda&#8220; vorbereitet. Sogar die aktuell frisch gebackene Vizeeuropameisterin Maria Selmaier weilte neben \u2026 <a class=\"continue-reading-link\" href=\"https:\/\/www.ac-germania.com\/?p=7298\">Weiterlesen <span class=\"meta-nav\">&rarr; <\/span><\/a><\/p>\n","protected":false},"author":99,"featured_media":7305,"comment_status":"open","ping_status":"open","sticky":false,"template":"","format":"standard","meta":{"footnotes":""},"categories":[13],"tags":[],"class_list":["post-7298","post","type-post","status-publish","format-standard","has-post-thumbnail","hentry","category-news-2020"],"_links":{"self":[{"href":"https:\/\/www.ac-germania.com\/index.php?rest_route=\/wp\/v2\/posts\/7298","targetHints":{"allow":["GET"]}}],"collection":[{"href":"https:\/\/www.ac-germania.com\/index.php?rest_route=\/wp\/v2\/posts"}],"about":[{"href":"https:\/\/www.ac-germania.com\/index.php?rest_route=\/wp\/v2\/types\/post"}],"author":[{"embeddable":true,"href":"https:\/\/www.ac-germania.com\/index.php?rest_route=\/wp\/v2\/users\/99"}],"replies":[{"embeddable":true,"href":"https:\/\/www.ac-germania.com\/index.php?rest_route=%2Fwp%2Fv2%2Fcomments&post=7298"}],"version-history":[{"count":5,"href":"https:\/\/www.ac-germania.com\/index.php?rest_route=\/wp\/v2\/posts\/7298\/revisions"}],"predecessor-version":[{"id":7308,"href":"https:\/\/www.ac-germania.com\/index.php?rest_route=\/wp\/v2\/posts\/7298\/revisions\/7308"}],"wp:featuredmedia":[{"embeddable":true,"href":"https:\/\/www.ac-germania.com\/index.php?rest_route=\/wp\/v2\/media\/7305"}],"wp:attachment":[{"href":"https:\/\/www.ac-germania.com\/index.php?rest_route=%2Fwp%2Fv2%2Fmedia&parent=7298"}],"wp:term":[{"taxonomy":"category","embeddable":true,"href":"https:\/\/www.ac-germania.com\/index.php?rest_route=%2Fwp%2Fv2%2Fcategories&post=7298"},{"taxonomy":"post_tag","embeddable":true,"href":"https:\/\/www.ac-germania.com\/index.php?rest_route=%2Fwp%2Fv2%2Ftags&post=7298"}],"curies":[{"name":"wp","href":"https:\/\/api.w.org\/{rel}","templated":true}]}}