{"id":7278,"date":"2020-02-06T11:21:54","date_gmt":"2020-02-06T10:21:54","guid":{"rendered":"https:\/\/www.ac-germania.com\/?p=7278"},"modified":"2020-02-06T11:21:54","modified_gmt":"2020-02-06T10:21:54","slug":"germanen-sammeln-medaillen-bei-den-landesmeisterschaften-2020","status":"publish","type":"post","link":"https:\/\/www.ac-germania.com\/?p=7278","title":{"rendered":"Germanen sammeln Medaillen bei den Landesmeisterschaften 2020"},"content":{"rendered":"<h5>Bericht: Gerhard G\u00fcnther und Manja Braunsdorf<\/h5>\n<p>&nbsp;<br \/>\nTrippel f\u00fcr Max Neubert und Jack Eisenhardt<\/p>\n<p>Das neue Wettkampfjahr 2020 hat bereits seine ersten Spuren beim AC Germania hinterlassen. Am 18.01.20 standen f\u00fcr die Sportler die Th\u00fcringer Landesmeisterschaften im klassischen Stil in Greiz auf dem Programm. Die Trainer der Jugendabteilung stellten 9 Sportler f\u00fcr den Start auf. Gerungen wurde in 5 Altersklassen, mit 170 Teilnehmern aus 22 Vereinen. Der ACG belegte hier \u00fcberraschend einen guten 4. Platz.<br \/>\nEine Woche danach, am 25.01.20, fanden in Halle die Offenen Landesmeisterschaften des Sachsen-Anhaltinischen Ringerverbandes statt. Hier stellten sich 12 Sportler des AC Germania der starken Konkurrenz. Gerungen wurde hier in beiden Stilarten, mit 299 Teilnehmern aus 29 Vereinen. Aufgerufen waren die m\u00e4nnlichen Jugendlichen, die M\u00e4nner und auch die weibliche Jugend.<br \/>\nAuch hier konnte der ACG mit einem guten 4. Platz das Turnier beenden. Sch\u00f6n war es, bei den Meisterschaften in Halle auch wieder auf unsere Liga-Ringer, welche f\u00fcr ihre Heimmannschaften an den Start gingen und ebenso auf unsere ehemaligen Mannschaftssportler zu treffen. Auch sie holten sich einige Medaillen. <\/p>\n<p>Insgesamt konnten die Sportler des AC Germania 22 Medaillen und weitere Platzierungen bei beiden Turnieren erringen. Die Landesmeisterschaften sind die ersten H\u00f6hepunkte im Jahr. Die Medaillengewinner reisen als N\u00e4chstes zur Mitteldeutschen Meisterschaft, wo die begehrten Startpl\u00e4tze f\u00fcr die Deutsche Meisterschaft erk\u00e4mpft werden k\u00f6nnen. <\/p>\n<p>F\u00fcr Jack Eisenhardt und Max Neubert, welche sich souver\u00e4n die Landesmeistertitel jeweils 3x holten, w\u00fcrde diese Meisterschaft in Zella-Mehlis stattfinden. Auch Joy Chantal Kie\u00dfler und Katharina Gilewitsch befinden sich wieder auf einem guten Weg zu ihrer n\u00e4chsten Deutschen Meisterschaft.<\/p>\n<p><strong><em>Ergebnisse aus Greiz:<\/em><\/strong><br \/>\n<em>A-Jugend<\/em><br \/>\n1. Platz \u2013 Marko Kr\u00fcger<br \/>\n2. Platz \u2013 Pascal Filla<\/p>\n<p><em>B-Jugend\t<\/em><br \/>\n1. Platz \u2013 Max Neubert<br \/>\n1. Platz \u2013 Jack Eisenhardt<\/p>\n<p><em>C- Jugend\t<\/em><br \/>\n1. Platz \u2013 Anton Killat<br \/>\n2. Platz \u2013 Elias B\u00e4rnt<br \/>\n3. Platz \u2013 Simon Stenzel<\/p>\n<p><em>D-Jugend\t<\/em><br \/>\n3. Platz \u2013 Daniel Eisenhardt<br \/>\n5. Platz \u2013 Marco Wallstab<br \/>\n&nbsp;<\/p>\n<p><strong><em>Ergebnisse aus Halle im Freien Stil:<\/em><\/strong><br \/>\n<em>M\u00e4nner\t<\/em><br \/>\n1. Platz \u2013 Steve Brylla<br \/>\n1. Platz \u2013 Daniel Geist<br \/>\n5. Platz \u2013 Jan Gabor Leuthold<\/p>\n<p><em>B-Jugend\t<\/em><br \/>\n1. Platz \u2013 Max Neubert<br \/>\n1. Platz \u2013 Jack Eisenhardt<\/p>\n<p><em>C-Jugend\t<\/em><br \/>\n2. Platz \u2013 Anton Killat<br \/>\n3. Platz \u2013 Elias B\u00e4rnt<br \/>\n7. Platz \u2013 Ben Sch\u00f6neberg<br \/>\n8. Platz \u2013 Janik P\u00e4tzold<\/p>\n<p><em>Weibl. Jugend\t<\/em><br \/>\n1. Platz \u2013 Joy Chantal Kie\u00dfler<br \/>\n&nbsp;<br \/>\n<strong><em>Ergebnisse aus Halle im klassischen Stil:<\/em><\/strong><br \/>\n<em>M\u00e4nner\t<\/em><br \/>\n1. Platz \u2013 Andre G\u00fcnther<br \/>\n1. Platz \u2013 Daniel Geist<br \/>\n2. Platz \u2013 Jan Gabor Leuthold<br \/>\n5. Platz \u2013 Jonas Michel<\/p>\n<p><em>B-Jugend\t<\/em><br \/>\n1. Platz \u2013 Max Neubert<br \/>\n1. Platz \u2013 Jack Eisenhardt<\/p>\n<p><em>C-Jugend\t<\/em><br \/>\n1. Platz \u2013 Anton Killat<br \/>\n1. Platz \u2013 Elias B\u00e4rnt<\/p>\n<p><img loading=\"lazy\" decoding=\"async\" class=\"alignnone size-full wp-image-5651\" src=\"https:\/\/www.ac-germania.com\/A_ACG\/wordpress\/wp-content\/uploads\/2020\/02\/20200118_5.jpg\" alt=\"\" width=\"800\" height=\"665\" \/><\/p>\n<p><img loading=\"lazy\" decoding=\"async\" class=\"alignnone size-full wp-image-5651\" src=\"https:\/\/www.ac-germania.com\/A_ACG\/wordpress\/wp-content\/uploads\/2020\/02\/20200118_4.jpg\" alt=\"\" width=\"800\" height=\"665\" \/><\/p>\n<p><img loading=\"lazy\" decoding=\"async\" class=\"alignnone size-full wp-image-5651\" src=\"https:\/\/www.ac-germania.com\/A_ACG\/wordpress\/wp-content\/uploads\/2020\/02\/20200118_2.jpg\" alt=\"\" width=\"800\" height=\"665\" \/><\/p>\n<p><img loading=\"lazy\" decoding=\"async\" class=\"alignnone size-full wp-image-5651\" src=\"https:\/\/www.ac-germania.com\/A_ACG\/wordpress\/wp-content\/uploads\/2020\/02\/20200118_6.jpg\" alt=\"\" width=\"800\" height=\"665\" \/><\/p>\n<p><img loading=\"lazy\" decoding=\"async\" class=\"alignnone size-full wp-image-5651\" src=\"https:\/\/www.ac-germania.com\/A_ACG\/wordpress\/wp-content\/uploads\/2020\/02\/20200118_3.jpg\" alt=\"\" width=\"800\" height=\"665\" \/><\/p>\n<p><img loading=\"lazy\" decoding=\"async\" class=\"alignnone size-full wp-image-5651\" src=\"https:\/\/www.ac-germania.com\/A_ACG\/wordpress\/wp-content\/uploads\/2020\/02\/20200118_1.jpg\" alt=\"\" width=\"800\" height=\"665\" \/><\/p>\n<p><img loading=\"lazy\" decoding=\"async\" class=\"alignnone size-full wp-image-5651\" src=\"https:\/\/www.ac-germania.com\/A_ACG\/wordpress\/wp-content\/uploads\/2020\/02\/20200118_7.jpg\" alt=\"\" width=\"800\" height=\"665\" \/><\/p>\n<p>&nbsp;<br \/>\n<strong><em>Die Ergebnisse unserer Freunde in Halle: <\/em><\/strong><br \/>\nJan Ziska \u2013 im GR und FR jeweils den 1. Platz<br \/>\nMilan Altenburg \u2013 GR 1. Platz, FR 3. Platz<br \/>\nIbrahim Ismailov \u2013 GR 4. Platz, FR 2. Platz<br \/>\nSayed Sajad Hussaini \u2013 GR 3. Platz, FR 6. Platz<br \/>\nAbdolhamid Sadeghi \u2013 GR 3. Platz, FR 5. Platz<\/p>\n<p><strong>Wir gratulieren allen Sportlern zu den Medaillen und Platzierungen bei den Landesmeisterschaften 2020 und w\u00fcnschen alles Gute f\u00fcr die weitere Saison!<\/strong><\/p>\n","protected":false},"excerpt":{"rendered":"<p>Bericht: Gerhard G\u00fcnther und Manja Braunsdorf &nbsp; Trippel f\u00fcr Max Neubert und Jack Eisenhardt Das neue Wettkampfjahr 2020 hat bereits seine ersten Spuren beim AC Germania hinterlassen. Am 18.01.20 standen f\u00fcr die Sportler die Th\u00fcringer Landesmeisterschaften im klassischen Stil in Greiz auf dem Programm. Die Trainer der Jugendabteilung stellten 9 \u2026 <a class=\"continue-reading-link\" href=\"https:\/\/www.ac-germania.com\/?p=7278\">Weiterlesen <span class=\"meta-nav\">&rarr; <\/span><\/a><\/p>\n","protected":false},"author":97,"featured_media":7281,"comment_status":"open","ping_status":"open","sticky":false,"template":"","format":"standard","meta":{"footnotes":""},"categories":[13],"tags":[],"class_list":["post-7278","post","type-post","status-publish","format-standard","has-post-thumbnail","hentry","category-news-2020"],"_links":{"self":[{"href":"https:\/\/www.ac-germania.com\/index.php?rest_route=\/wp\/v2\/posts\/7278","targetHints":{"allow":["GET"]}}],"collection":[{"href":"https:\/\/www.ac-germania.com\/index.php?rest_route=\/wp\/v2\/posts"}],"about":[{"href":"https:\/\/www.ac-germania.com\/index.php?rest_route=\/wp\/v2\/types\/post"}],"author":[{"embeddable":true,"href":"https:\/\/www.ac-germania.com\/index.php?rest_route=\/wp\/v2\/users\/97"}],"replies":[{"embeddable":true,"href":"https:\/\/www.ac-germania.com\/index.php?rest_route=%2Fwp%2Fv2%2Fcomments&post=7278"}],"version-history":[{"count":9,"href":"https:\/\/www.ac-germania.com\/index.php?rest_route=\/wp\/v2\/posts\/7278\/revisions"}],"predecessor-version":[{"id":7294,"href":"https:\/\/www.ac-germania.com\/index.php?rest_route=\/wp\/v2\/posts\/7278\/revisions\/7294"}],"wp:featuredmedia":[{"embeddable":true,"href":"https:\/\/www.ac-germania.com\/index.php?rest_route=\/wp\/v2\/media\/7281"}],"wp:attachment":[{"href":"https:\/\/www.ac-germania.com\/index.php?rest_route=%2Fwp%2Fv2%2Fmedia&parent=7278"}],"wp:term":[{"taxonomy":"category","embeddable":true,"href":"https:\/\/www.ac-germania.com\/index.php?rest_route=%2Fwp%2Fv2%2Fcategories&post=7278"},{"taxonomy":"post_tag","embeddable":true,"href":"https:\/\/www.ac-germania.com\/index.php?rest_route=%2Fwp%2Fv2%2Ftags&post=7278"}],"curies":[{"name":"wp","href":"https:\/\/api.w.org\/{rel}","templated":true}]}}