{"id":7246,"date":"2020-01-03T17:22:30","date_gmt":"2020-01-03T16:22:30","guid":{"rendered":"https:\/\/www.ac-germania.com\/?p=7246"},"modified":"2020-01-03T17:24:42","modified_gmt":"2020-01-03T16:24:42","slug":"jahresabschluss-beim-ac-germania-artern","status":"publish","type":"post","link":"https:\/\/www.ac-germania.com\/?p=7246","title":{"rendered":"Jahresabschluss beim AC Germania Artern"},"content":{"rendered":"<h5>Bericht: Manja Braunsdorf<\/h5>\n<p>&nbsp;<br \/>\nAlle Jahre wieder k\u00f6nnte man sagen, aber so geh\u00f6rt es sich auch, wenn man von Tradition spricht. Und so ist es klar, was beim AC Germania Artern am 26.12. eines jeden Jahres los ist. Der Ringerfr\u00fchschoppen beendet offiziell das Wettkampf- und Vereinsjahr. Und dies schon seit vielen Jahren. Und so soll es auch bleiben.<\/p>\n<p>In gem\u00fctlicher Runde am Vormittag zwischen Familienfr\u00fchst\u00fcck und dem n\u00e4chsten Festessen trifft man sich in lockerer Runde unterm Weihnachtsbaum im Ringerhaus. Alt und Jung, aus Nah und Fern, Ringer und ehemaliger Ringer, F\u00f6rderer und Freund. Von jedem findet man etwas an den Tischen. Zu erz\u00e4hlen gibt es immer &#8211; Neues, Vergangenes, Kulinarisches der Festtage, Karriere, Gesundheit, Familie, die vergangene Saison, das n\u00e4chste gro\u00dfe Vereinsjahr. <\/p>\n<p>Wir hoffen, dass sich im 120. kommenden Vereinsjahr wieder mehr Germanen und Freunde am Ringerfr\u00fchschoppen beteiligen. Wer nicht da war wurde vermisst. Die Anwesenden hatten Spa\u00df und freuten sich \u00fcber das Wiedersehen!<\/p>\n<p><em><strong>Auf diesem Weg w\u00fcnscht der AC Germania seinen Mitgliedern, F\u00f6rderern und Ringkampffreunden aus Nah und Fern alles Gute f\u00fcr das Jahr 2020! <\/strong><\/em><\/p>\n<p><img loading=\"lazy\" decoding=\"async\" class=\"alignnone size-full wp-image-5651\" src=\"https:\/\/www.ac-germania.com\/A_ACG\/wordpress\/wp-content\/uploads\/2020\/01\/20191226_1.jpg\" alt=\"\" width=\"800\" height=\"665\" \/><\/p>\n<p><img loading=\"lazy\" decoding=\"async\" class=\"alignnone size-full wp-image-5651\" src=\"https:\/\/www.ac-germania.com\/A_ACG\/wordpress\/wp-content\/uploads\/2020\/01\/20191226_3.jpg\" alt=\"\" width=\"800\" height=\"665\" \/><\/p>\n<p><img loading=\"lazy\" decoding=\"async\" class=\"alignnone size-full wp-image-5651\" src=\"https:\/\/www.ac-germania.com\/A_ACG\/wordpress\/wp-content\/uploads\/2020\/01\/20191226_4.jpg\" alt=\"\" width=\"800\" height=\"665\" \/><\/p>\n<p><img loading=\"lazy\" decoding=\"async\" class=\"alignnone size-full wp-image-5651\" src=\"https:\/\/www.ac-germania.com\/A_ACG\/wordpress\/wp-content\/uploads\/2020\/01\/20191226_2.jpg\" alt=\"\" width=\"800\" height=\"665\" \/><\/p>\n","protected":false},"excerpt":{"rendered":"<p>Bericht: Manja Braunsdorf &nbsp; Alle Jahre wieder k\u00f6nnte man sagen, aber so geh\u00f6rt es sich auch, wenn man von Tradition spricht. Und so ist es klar, was beim AC Germania Artern am 26.12. eines jeden Jahres los ist. Der Ringerfr\u00fchschoppen beendet offiziell das Wettkampf- und Vereinsjahr. Und dies schon seit \u2026 <a class=\"continue-reading-link\" href=\"https:\/\/www.ac-germania.com\/?p=7246\">Weiterlesen <span class=\"meta-nav\">&rarr; <\/span><\/a><\/p>\n","protected":false},"author":97,"featured_media":7249,"comment_status":"open","ping_status":"open","sticky":false,"template":"","format":"standard","meta":{"footnotes":""},"categories":[13],"tags":[],"class_list":["post-7246","post","type-post","status-publish","format-standard","has-post-thumbnail","hentry","category-news-2020"],"_links":{"self":[{"href":"https:\/\/www.ac-germania.com\/index.php?rest_route=\/wp\/v2\/posts\/7246","targetHints":{"allow":["GET"]}}],"collection":[{"href":"https:\/\/www.ac-germania.com\/index.php?rest_route=\/wp\/v2\/posts"}],"about":[{"href":"https:\/\/www.ac-germania.com\/index.php?rest_route=\/wp\/v2\/types\/post"}],"author":[{"embeddable":true,"href":"https:\/\/www.ac-germania.com\/index.php?rest_route=\/wp\/v2\/users\/97"}],"replies":[{"embeddable":true,"href":"https:\/\/www.ac-germania.com\/index.php?rest_route=%2Fwp%2Fv2%2Fcomments&post=7246"}],"version-history":[{"count":3,"href":"https:\/\/www.ac-germania.com\/index.php?rest_route=\/wp\/v2\/posts\/7246\/revisions"}],"predecessor-version":[{"id":7253,"href":"https:\/\/www.ac-germania.com\/index.php?rest_route=\/wp\/v2\/posts\/7246\/revisions\/7253"}],"wp:featuredmedia":[{"embeddable":true,"href":"https:\/\/www.ac-germania.com\/index.php?rest_route=\/wp\/v2\/media\/7249"}],"wp:attachment":[{"href":"https:\/\/www.ac-germania.com\/index.php?rest_route=%2Fwp%2Fv2%2Fmedia&parent=7246"}],"wp:term":[{"taxonomy":"category","embeddable":true,"href":"https:\/\/www.ac-germania.com\/index.php?rest_route=%2Fwp%2Fv2%2Fcategories&post=7246"},{"taxonomy":"post_tag","embeddable":true,"href":"https:\/\/www.ac-germania.com\/index.php?rest_route=%2Fwp%2Fv2%2Ftags&post=7246"}],"curies":[{"name":"wp","href":"https:\/\/api.w.org\/{rel}","templated":true}]}}