{"id":7217,"date":"2019-12-30T13:46:24","date_gmt":"2019-12-30T12:46:24","guid":{"rendered":"https:\/\/www.ac-germania.com\/?p=7217"},"modified":"2019-12-30T13:46:24","modified_gmt":"2019-12-30T12:46:24","slug":"trauer-im-arterner-ringerlager","status":"publish","type":"post","link":"https:\/\/www.ac-germania.com\/?p=7217","title":{"rendered":"Trauer im Arterner Ringerlager"},"content":{"rendered":"<h5>Bericht: Manja Braunsdorf<\/h5>\n<p>&nbsp;<br \/>\nMit Best\u00fcrzen vernahmen wir am letzten Montag die traurige Nachricht von Familie Oppermann. Unser langj\u00e4hriger Sportfreund Ulf, welcher seit vielen Jahrzehnten Mitglied beim AC Germania und bis in die 70ziger Jahre aktiver Ringk\u00e4mpfer im Verein war, musste sich in seinem letzten Kampf nun doch nach langer schwerer Krankheit geschlagen geben. Bis zuletzt wurde gehofft, war er doch immer nach R\u00fcckschl\u00e4gen wieder ein wening zu Kr\u00e4ften gekommen und wirkte in Gespr\u00e4chen voller Hoffnung. Nun m\u00fcssen alle Abschied nehmen &#8211; vom Ehemann, Vater, Opa, Freund und vom Sportkamerad. Sein Platz bei den Seniorentreffen wird nun frei bleiben, aber in den Herzen seiner Sportfreunde und in den Geschichten des Vereinslebens wird er bleiben.<br \/>\nWir werden ihn immer in guter Erinnerung halten und sprechen seiner Familie unsere aufrichtige Anteilnahme aus!<\/p>\n<p>Im Namen des Vorstands<\/p>\n<div id=\"attachment_5642\" style=\"width: 810px\" class=\"wp-caption alignnone\"><img loading=\"lazy\" decoding=\"async\" aria-describedby=\"caption-attachment-5642\" class=\"wp-image-5642 size-full\" src=\"https:\/\/www.ac-germania.com\/A_ACG\/wordpress\/wp-content\/uploads\/2019\/12\/20191230_3.jpg\" alt=\"\" width=\"800\" height=\"466\" \/><p id=\"caption-attachment-5642\" class=\"wp-caption-text\">Ulf Oppermann, Kampf 60ziger Jahre<\/p><\/div>\n<div id=\"attachment_5642\" style=\"width: 810px\" class=\"wp-caption alignnone\"><img loading=\"lazy\" decoding=\"async\" aria-describedby=\"caption-attachment-5642\" class=\"wp-image-5642 size-full\" src=\"https:\/\/www.ac-germania.com\/A_ACG\/wordpress\/wp-content\/uploads\/2019\/12\/20191230_2.jpg\" alt=\"\" width=\"800\" height=\"466\" \/><p id=\"caption-attachment-5642\" class=\"wp-caption-text\">Mannschaftsbild 60ziger Jahre<\/p><\/div>\n<div id=\"attachment_5642\" style=\"width: 810px\" class=\"wp-caption alignnone\"><img loading=\"lazy\" decoding=\"async\" aria-describedby=\"caption-attachment-5642\" class=\"wp-image-5642 size-full\" src=\"https:\/\/www.ac-germania.com\/A_ACG\/wordpress\/wp-content\/uploads\/2019\/12\/20191230_1.jpg\" alt=\"\" width=\"800\" height=\"466\" \/><p id=\"caption-attachment-5642\" class=\"wp-caption-text\">Fr\u00fchschoppen 2016 mit Deinert und Michel<\/p><\/div>\n","protected":false},"excerpt":{"rendered":"<p>Bericht: Manja Braunsdorf &nbsp; Mit Best\u00fcrzen vernahmen wir am letzten Montag die traurige Nachricht von Familie Oppermann. Unser langj\u00e4hriger Sportfreund Ulf, welcher seit vielen Jahrzehnten Mitglied beim AC Germania und bis in die 70ziger Jahre aktiver Ringk\u00e4mpfer im Verein war, musste sich in seinem letzten Kampf nun doch nach langer \u2026 <a class=\"continue-reading-link\" href=\"https:\/\/www.ac-germania.com\/?p=7217\">Weiterlesen <span class=\"meta-nav\">&rarr; <\/span><\/a><\/p>\n","protected":false},"author":97,"featured_media":7220,"comment_status":"open","ping_status":"open","sticky":false,"template":"","format":"standard","meta":{"footnotes":""},"categories":[12],"tags":[],"class_list":["post-7217","post","type-post","status-publish","format-standard","has-post-thumbnail","hentry","category-news-2019"],"_links":{"self":[{"href":"https:\/\/www.ac-germania.com\/index.php?rest_route=\/wp\/v2\/posts\/7217","targetHints":{"allow":["GET"]}}],"collection":[{"href":"https:\/\/www.ac-germania.com\/index.php?rest_route=\/wp\/v2\/posts"}],"about":[{"href":"https:\/\/www.ac-germania.com\/index.php?rest_route=\/wp\/v2\/types\/post"}],"author":[{"embeddable":true,"href":"https:\/\/www.ac-germania.com\/index.php?rest_route=\/wp\/v2\/users\/97"}],"replies":[{"embeddable":true,"href":"https:\/\/www.ac-germania.com\/index.php?rest_route=%2Fwp%2Fv2%2Fcomments&post=7217"}],"version-history":[{"count":2,"href":"https:\/\/www.ac-germania.com\/index.php?rest_route=\/wp\/v2\/posts\/7217\/revisions"}],"predecessor-version":[{"id":7222,"href":"https:\/\/www.ac-germania.com\/index.php?rest_route=\/wp\/v2\/posts\/7217\/revisions\/7222"}],"wp:featuredmedia":[{"embeddable":true,"href":"https:\/\/www.ac-germania.com\/index.php?rest_route=\/wp\/v2\/media\/7220"}],"wp:attachment":[{"href":"https:\/\/www.ac-germania.com\/index.php?rest_route=%2Fwp%2Fv2%2Fmedia&parent=7217"}],"wp:term":[{"taxonomy":"category","embeddable":true,"href":"https:\/\/www.ac-germania.com\/index.php?rest_route=%2Fwp%2Fv2%2Fcategories&post=7217"},{"taxonomy":"post_tag","embeddable":true,"href":"https:\/\/www.ac-germania.com\/index.php?rest_route=%2Fwp%2Fv2%2Ftags&post=7217"}],"curies":[{"name":"wp","href":"https:\/\/api.w.org\/{rel}","templated":true}]}}