{"id":7208,"date":"2019-12-30T13:30:33","date_gmt":"2019-12-30T12:30:33","guid":{"rendered":"https:\/\/www.ac-germania.com\/?p=7208"},"modified":"2019-12-30T13:30:33","modified_gmt":"2019-12-30T12:30:33","slug":"mini-germanen-holen-sich-3-platz-beim-heimischen-pokalturnier","status":"publish","type":"post","link":"https:\/\/www.ac-germania.com\/?p=7208","title":{"rendered":"Mini-Germanen holen sich 3. Platz beim heimischen Pokalturnier"},"content":{"rendered":"<h5>Bericht: Gerhardt G\u00fcnther  &#038;  Manja Braunsdorf<\/h5>\n<p>Am 07.12.19 war es wieder mal soweit &#8211; Gro\u00dfkampftag bei den Arterner Ringern. Zahlreiche Helfer und Sportfreunde vom AC Germania Artern hatten den Tag gut vorbereitet und starteten am Morgen zum 24. Kyffh\u00e4user-Pokal-Turnier, ehe am Abend die M\u00e4nnermannschaft in der Liga k\u00e4mpfte.<\/p>\n<p>G\u00e4ste und Sportfreunde aus 14 Vereinen aus Nah und Fern wurden erwartet, wobei die Youngster vom RV L\u00fcbtheen dieses Mal die Ersten waren. Sie waren bereits am Freitag mit ihren Betreuern angereist und hatten bei den Germanen \u00fcbernachtet.<br \/>\nAusgetragen wurde der Wettkampf in den Altersklassen C-, D- und E-Jugend, wobei E und D im Freistil und die C-Jugendlichen griechisch-r\u00f6misch ausrangen.<\/p>\n<p>Die Arterner Knirpse um das Trainergespann Gerhard G\u00fcnther und Michael Kinitz hatten schon lange auf diesen Tag hingearbeitet, das Training wurde darauf abgestimmt. Helfer und Betreuer hatten die Wettkampfhalle entsprechend f\u00fcr das Kinderturnier umgestaltet &#8211; Ringkampfmatten, Fahnen, Siegerpodest und ein geschm\u00fcckter Weihnachtsbaum begr\u00fc\u00dften die G\u00e4ste, dazu standen am Versorgungstresen kleine Leckereien, warme und kalte Getr\u00e4nke, viele selbstgebackene Kuchen und f\u00fcr die Mittagsversorgung Salate mit W\u00fcrstchen und die geliebten Nudeln mit Tomatensauce bereit. Nat\u00fcrlich begann der Wettkampftag nicht mit &#8218;futtern&#8216;, sondern wiegen und ringen f\u00fcr alle aktiven Sportler. Dieser Ablauf ist auch den j\u00fcngsten Mattenf\u00fcchsen schon gel\u00e4ufig.<\/p>\n<p>Nach der feierlichen Er\u00f6ffnung durch Kampfrichter Michael G\u00fcnther, sowie der Einteilung von Matten und Kampfgerichten, startete das Turnier mit einem &#8222;Sport frei!&#8220; aus 82 jungen Kehlen.<br \/>\nEs folgten spannende K\u00e4mpfe. Bei vielen Sportlern waren bereits gute Techniken zu sehen und auch unsere &#8222;jungen Wilden&#8220; f\u00fchrten ihre K\u00e4mpfe mit viel Ehrgeiz durch. Entsprechend bejubelt wurden Siege oder es zeigte sich pers\u00f6nliche Entt\u00e4uschung, wenn verloren wurde.<\/p>\n<div id=\"attachment_5642\" style=\"width: 810px\" class=\"wp-caption alignnone\"><img loading=\"lazy\" decoding=\"async\" aria-describedby=\"caption-attachment-5642\" class=\"wp-image-5642 size-full\" src=\"https:\/\/www.ac-germania.com\/A_ACG\/wordpress\/wp-content\/uploads\/2019\/12\/20191207KYF_6.jpg\" alt=\"\" width=\"800\" height=\"466\" \/><p id=\"caption-attachment-5642\" class=\"wp-caption-text\">\u201eNicht nur dabei, sondern mitten drin!\u201c<\/p><\/div>\n<p>Daniel Eisenhardt (21kg, E) und sein Sportkamerad Florian Zelmer (23kg, E) konnten an diesem Tag in ihrer Gewichtsklasse nicht besiegt werden. Sie konzentrierten sich auf das Geschehen, legten ihre Gegner auf die Schultern und wurden verdient jeweils Pokalsieger. <\/p>\n<div id=\"attachment_5642\" style=\"width: 810px\" class=\"wp-caption alignnone\"><img loading=\"lazy\" decoding=\"async\" aria-describedby=\"caption-attachment-5642\" class=\"wp-image-5642 size-full\" src=\"https:\/\/www.ac-germania.com\/A_ACG\/wordpress\/wp-content\/uploads\/2019\/12\/20191207KYF_4.jpg\" alt=\"\" width=\"800\" height=\"466\" \/><p id=\"caption-attachment-5642\" class=\"wp-caption-text\">Daniel Eisenhardt (blau)<\/p><\/div>\n<div id=\"attachment_5642\" style=\"width: 810px\" class=\"wp-caption alignnone\"><img loading=\"lazy\" decoding=\"async\" aria-describedby=\"caption-attachment-5642\" class=\"wp-image-5642 size-full\" src=\"https:\/\/www.ac-germania.com\/A_ACG\/wordpress\/wp-content\/uploads\/2019\/12\/20191207KYF_5.jpg\" alt=\"\" width=\"800\" height=\"466\" \/><p id=\"caption-attachment-5642\" class=\"wp-caption-text\">Florian Zelmer (rot)<\/p><\/div>\n<p>Sie waren aber f\u00fcr Arten nicht allein auf der Matte. Ihre Sportfreunde schnitten, wie folgt, ab:<\/p>\n<p>2. Platz &#8211; Jack Eisenhardt (38kg, C)<br \/>\n2. Platz &#8211; Elias B\u00e4rnt (62kg, C)<br \/>\n5. Platz &#8211; Janik P\u00e4tzold (42kg, D)<br \/>\n2. Platz &#8211; Ben Sch\u00f6neberg (46kg, D)<br \/>\n2. Platz &#8211; Julien Schmaroski (50kg, D)<br \/>\n7. Platz &#8211; Ben P\u00e4tzold (28kg, E)<br \/>\n4. Platz &#8211; Hugo Schlegel (31kg, E)<br \/>\n5. Platz &#8211; Fabian Barborowsky (31kg, E)<\/p>\n<div id=\"attachment_5642\" style=\"width: 810px\" class=\"wp-caption alignnone\"><img loading=\"lazy\" decoding=\"async\" aria-describedby=\"caption-attachment-5642\" class=\"wp-image-5642 size-full\" src=\"https:\/\/www.ac-germania.com\/A_ACG\/wordpress\/wp-content\/uploads\/2019\/12\/20191207KYF_2.jpg\" alt=\"\" width=\"800\" height=\"466\" \/><p id=\"caption-attachment-5642\" class=\"wp-caption-text\">Elias B\u00e4rnt (blau)<\/p><\/div>\n<p>Aus dem Kyffh\u00e4userkreis k\u00e4mpfte noch Simon Stenzel (46kg, C) vom SV Gl\u00fcck-Auf Sondershausen mit. Er ist auch in der Arterner Traininggruppe zu Hause. Er holte an diesem Tag ebenfalls den 1. Platz in seiner Gewichtsklasse. <\/p>\n<div id=\"attachment_5642\" style=\"width: 810px\" class=\"wp-caption alignnone\"><img loading=\"lazy\" decoding=\"async\" aria-describedby=\"caption-attachment-5642\" class=\"wp-image-5642 size-full\" src=\"https:\/\/www.ac-germania.com\/A_ACG\/wordpress\/wp-content\/uploads\/2019\/12\/20191207KYF_3.jpg\" alt=\"\" width=\"800\" height=\"466\" \/><p id=\"caption-attachment-5642\" class=\"wp-caption-text\">Simon Stenzel (rot)<\/p><\/div>\n<p>Mit ihren guten Leistungen sicherten die kleinen Germanen ihrem Verein nach dem RSV Merseburg und Roter Stern Sudenburg den 3. Platz in der Vereinswertung. Mit der Siegerehrung wurde der Wettkampf in den Nachmittagsstunden f\u00fcr alle beendet.<\/p>\n<p>Trainer und Betreuer waren stolz auf die Jungs. Das Wettkampfjahr wurde mit dem Heimturnier f\u00fcr die Germania-Jugend beendet. Wir danken allen Helfern, Eltern und Vereinsmitstreitern, welche das Training, Wettk\u00e4mpfe, Events und Logistik im Jahr 2019 tatkr\u00e4ftig unterst\u00fctzt haben. <\/p>\n<p><em>&#8222;Die jungen Wilden&#8220; und ihre Betreuer w\u00fcnschen frohe Festtage und einen guten Rutsch in ein gesundes, gl\u00fcckliches und erfolgreiches Jahr 2020!!!<\/em><\/p>\n<p><strong>AC, AC, AC!<\/strong><\/p>\n<div id=\"attachment_5642\" style=\"width: 810px\" class=\"wp-caption alignnone\"><img loading=\"lazy\" decoding=\"async\" aria-describedby=\"caption-attachment-5642\" class=\"wp-image-5642 size-full\" src=\"https:\/\/www.ac-germania.com\/A_ACG\/wordpress\/wp-content\/uploads\/2019\/12\/20191207KYF_1.jpg\" alt=\"\" width=\"800\" height=\"466\" \/><p id=\"caption-attachment-5642\" class=\"wp-caption-text\">Gruppe des AC Germania<\/p><\/div>\n","protected":false},"excerpt":{"rendered":"<p>Bericht: Gerhardt G\u00fcnther &#038; Manja Braunsdorf Am 07.12.19 war es wieder mal soweit &#8211; Gro\u00dfkampftag bei den Arterner Ringern. Zahlreiche Helfer und Sportfreunde vom AC Germania Artern hatten den Tag gut vorbereitet und starteten am Morgen zum 24. Kyffh\u00e4user-Pokal-Turnier, ehe am Abend die M\u00e4nnermannschaft in der Liga k\u00e4mpfte. G\u00e4ste und \u2026 <a class=\"continue-reading-link\" href=\"https:\/\/www.ac-germania.com\/?p=7208\">Weiterlesen <span class=\"meta-nav\">&rarr; <\/span><\/a><\/p>\n","protected":false},"author":97,"featured_media":7214,"comment_status":"open","ping_status":"open","sticky":false,"template":"","format":"standard","meta":{"footnotes":""},"categories":[12],"tags":[],"class_list":["post-7208","post","type-post","status-publish","format-standard","has-post-thumbnail","hentry","category-news-2019"],"_links":{"self":[{"href":"https:\/\/www.ac-germania.com\/index.php?rest_route=\/wp\/v2\/posts\/7208","targetHints":{"allow":["GET"]}}],"collection":[{"href":"https:\/\/www.ac-germania.com\/index.php?rest_route=\/wp\/v2\/posts"}],"about":[{"href":"https:\/\/www.ac-germania.com\/index.php?rest_route=\/wp\/v2\/types\/post"}],"author":[{"embeddable":true,"href":"https:\/\/www.ac-germania.com\/index.php?rest_route=\/wp\/v2\/users\/97"}],"replies":[{"embeddable":true,"href":"https:\/\/www.ac-germania.com\/index.php?rest_route=%2Fwp%2Fv2%2Fcomments&post=7208"}],"version-history":[{"count":2,"href":"https:\/\/www.ac-germania.com\/index.php?rest_route=\/wp\/v2\/posts\/7208\/revisions"}],"predecessor-version":[{"id":7216,"href":"https:\/\/www.ac-germania.com\/index.php?rest_route=\/wp\/v2\/posts\/7208\/revisions\/7216"}],"wp:featuredmedia":[{"embeddable":true,"href":"https:\/\/www.ac-germania.com\/index.php?rest_route=\/wp\/v2\/media\/7214"}],"wp:attachment":[{"href":"https:\/\/www.ac-germania.com\/index.php?rest_route=%2Fwp%2Fv2%2Fmedia&parent=7208"}],"wp:term":[{"taxonomy":"category","embeddable":true,"href":"https:\/\/www.ac-germania.com\/index.php?rest_route=%2Fwp%2Fv2%2Fcategories&post=7208"},{"taxonomy":"post_tag","embeddable":true,"href":"https:\/\/www.ac-germania.com\/index.php?rest_route=%2Fwp%2Fv2%2Ftags&post=7208"}],"curies":[{"name":"wp","href":"https:\/\/api.w.org\/{rel}","templated":true}]}}