{"id":7192,"date":"2019-12-23T10:45:44","date_gmt":"2019-12-23T09:45:44","guid":{"rendered":"https:\/\/www.ac-germania.com\/?p=7192"},"modified":"2019-12-23T10:47:15","modified_gmt":"2019-12-23T09:47:15","slug":"ausgelassene-stimmung-und-positives-zeichen-im-ringkampfsport","status":"publish","type":"post","link":"https:\/\/www.ac-germania.com\/?p=7192","title":{"rendered":"Ausgelassene Stimmung und positives Zeichen im Ringkampfsport"},"content":{"rendered":"<h5>Bericht &#038; Fotos: Manja Braunsdorf<\/h5>\n<p>&nbsp;<br \/>\nOb man mit den Umst\u00e4nden des Finalkampfs und der Entscheidung zum Finalausgang zufrieden sein kann? Nein, denke ich nicht. Der Ringkampf hat mit Sicherheit hier dieses Jahr Schaden genommen! <\/p>\n<p>Aber die Mannschaftsaison 2019 ist nun beendet und in Artern und Henningsdorf wurde gerungen &#8211; friedlich, freundschaftlich und k\u00e4mpferisch auf der Matte. Die ganze Saison war spannend, oftmals emotional und wir freuten uns \u00fcber viele Fans und immer gute Stimmung in unserer Wettkampfhalle.<br \/>\nDies war auch am letzten Samstagsabend so. Besonders war es allemal wieder einmal. Lautstark und mit dreifacher Paukenunterst\u00fctzung wurden die Mannschaften angefeuert. Zu Gast der 1. Henningsdorfer RV &#8211; zum R\u00fcckrundenkampf im kleinen Finale. Komfortabel der Arterner Vorsprung aus dem Hinkampf. Der Sieg ging auch an diesem Abend erneut nach Artern. Mit einem 27:0 Mannschaftserfolg holten sich die Germanen den 3. Platz in der Landesliga Sachsen-Anhalt und wurden daf\u00fcr gefeiert!<\/p>\n<p>Artern stellte eine volle Mannschaft und bekam, da Henningsdorf zwei Gewichtsklassen, Kader geschw\u00e4cht, nicht besetzen konnte bereits zwei Siege f\u00fcr Andre G\u00fcnther und Sayed-Sajad Hussaini an der Waage. <\/p>\n<p>Zur Freude des Publikums holten an diesem Abend auch Milan Altenburg (1:0), Michal Pietrzak (2:0), Christian Mehlig, Ondrej Havelka, beide jeweils mit Schultersieg (je 4:0), Ibrahim Ismailov (3:0), Pascal G\u00f6bel mit technischer \u00dcberlegenheit (4:0) und Jonas Michel (1:0) die Siegespunkte nach Hause. <\/p>\n<p>Aber das Ergebnis t\u00e4uscht ein wenig \u00fcber die gezeigten Leistungen hinweg. Die Henningsdorfer stellten sich konsequent dagegen und wollten keine Geschenke verteilen. Hart f\u00fcr den Sieg mussten besonders Jonas und Milan k\u00e4mpfen. Auch Till Kosanke zeigte sich unbeeindruckt von unserem Michal. Sch\u00f6ne technische Aktionen konnte das Publikum bestaunen. <\/p>\n<p>Zu jeder Zeit gingen beide Mannschaften aber sportlich fair miteinander um. Hier wurde nicht nur wegen der guten Stimmung, welche bereits bei der Mannschaftsbegr\u00fc\u00dfung deutlich wurde, positive Werbung f\u00fcr den Ringkampfsport gemacht!!<\/p>\n<p><img loading=\"lazy\" decoding=\"async\" class=\"alignnone size-full wp-image-5651\" src=\"https:\/\/www.ac-germania.com\/A_ACG\/wordpress\/wp-content\/uploads\/2019\/12\/20191221_1.jpg\" alt=\"\" width=\"800\" height=\"665\" \/><\/p>\n<p><img loading=\"lazy\" decoding=\"async\" class=\"alignnone size-full wp-image-5651\" src=\"https:\/\/www.ac-germania.com\/A_ACG\/wordpress\/wp-content\/uploads\/2019\/12\/20191221_2.jpg\" alt=\"\" width=\"800\" height=\"665\" \/><\/p>\n<p><img loading=\"lazy\" decoding=\"async\" class=\"alignnone size-full wp-image-5651\" src=\"https:\/\/www.ac-germania.com\/A_ACG\/wordpress\/wp-content\/uploads\/2019\/12\/20191221_3.jpg\" alt=\"\" width=\"800\" height=\"665\" \/><\/p>\n<p><img loading=\"lazy\" decoding=\"async\" class=\"alignnone size-full wp-image-5651\" src=\"https:\/\/www.ac-germania.com\/A_ACG\/wordpress\/wp-content\/uploads\/2019\/12\/20191221_4.jpg\" alt=\"\" width=\"800\" height=\"665\" \/><\/p>\n<p>Doch man kann noch viel mehr von diesem Abend berichten. Neben beiden Mannschaften standen dieses Mal auch 20 Youngster der Germanen auf der Matte. Der Ringernachwuchs hatte bereits zuvor einige Tage unter Leitung von Ringermutti Andrea Zelmer f\u00fcr diesen Auftritt ge\u00fcbt. Es wurde mal nicht nur gerungen, sondern auf der Matte gesungen. Was? Na klar, das Ringerlied. Aus vollen Kehlen stimmte die Jugend an und alle im Publikum stimmten mit ein. Wunderbar! Ein Dank an die Trainer, die aktiven Sportler und nat\u00fcrlich auch die Veteranen im Publikum. Das begeisterte Publikum forderte eine Zugabe und danke mit dem ACG-Fanges\u00e4ngen!<\/p>\n<p>Zwei der Jugendlichen, Marco Kr\u00fcger und Anton Killat stellten sich danach an diesem Abend gegeneinander im Vorkampf. Unter ersten Anfeuerungen der Zuschauer zeigten beide, was sie drauf haben.<br \/>\nDoch das sollte nicht alles sein. <\/p>\n<p>Bereits an der Kasse begr\u00fc\u00dfte ein Hinweis auf die Weihnachtstombola die G\u00e4ste. Die drei Sieger wurden dann unter Beifall vom Publikum und den Mannschaften am Ende der Wettkampfpause auf die Matte gerufen. Ein Spa\u00df f\u00fcr alle!<br \/>\nAuch der Weihnachtsmann mischte sich unters Publikum und verteilte vorfristig an Kids und sp\u00e4ter die Mannschaft kleine Geschenke! Ho, ho, ho!<br \/>\nDie Arterner Schallmeien, eigentlich schon in der musikalischen Winterpause, unterst\u00fctzten am Samstag die Stimmung mit ihrem Trommelwirbel. Das gefiel nicht nur unserem Trommler Hendrik &#8222;Eisb\u00e4r&#8220; Blobner.<br \/>\nEin Dank ging an diesem Abend auch an die &#8222;Arterner Br\u00fcckenfrauen&#8220;. Sie spendeten 350,-\u20ac f\u00fcr die Anschaffung einer neuen Ringerpuppe. Frauen, ihr seid der Wahnsinn!!<\/p>\n<p>Nach dem Kampf und der Siegerehrung ging es fr\u00f6hlich und beschwingt weiter. Erst wurden Sportler und engagierte Helfer vom Pr\u00e4sidenten gew\u00fcrdigt und dann zur Musik das Tanzbein geschwungen.<br \/>\nDie beteiligten Fans, Helfer und Mitglieder und Freude des ACG trugen dazu bei, dass es ein wunderbarer Abend wurde, welcher die gute Wettkampfsaison stimmungsvoll abschloss. Bis in die Morgenstunden wurde ausgelassen gefeiert. <\/p>\n<p>Aber wer die Germanen kennt, wei\u00df, dass nach der Abschlussfeier vor dem n\u00e4chsten Event ist. Erst wurde am Sonntag Morgen aufger\u00e4umt und die Wettkampfhalle zur\u00fcck gebaut und dann die Trainingshalle gleich wieder f\u00fcr den Ringerfr\u00fchschoppen vorbereitet. Hierf\u00fcr geht der Dank an das ganze flei\u00dfige Bauteam!<\/p>\n<p><strong>Die Germanen sagen allen herzlich Danke und w\u00fcnschen den Mitgliedern, Helfern, Sponsoren und Sportfreunden in Nah und Fern ein frohes Weihnachtsfest mit Familie und Freunden!<\/strong><\/p>\n<p><img loading=\"lazy\" decoding=\"async\" class=\"alignnone size-full wp-image-5651\" src=\"https:\/\/www.ac-germania.com\/A_ACG\/wordpress\/wp-content\/uploads\/2019\/12\/20191221_5.jpg\" alt=\"\" width=\"800\" height=\"665\" \/><\/p>\n<p>Traditionell zum letzten Termin wird beim AC Germania Artern am 26.12.2019 geladen! Der Ringerfr\u00fchschoppen startet um 10:00 Uhr. <\/p>\n","protected":false},"excerpt":{"rendered":"<p>Bericht &#038; Fotos: Manja Braunsdorf &nbsp; Ob man mit den Umst\u00e4nden des Finalkampfs und der Entscheidung zum Finalausgang zufrieden sein kann? Nein, denke ich nicht. Der Ringkampf hat mit Sicherheit hier dieses Jahr Schaden genommen! Aber die Mannschaftsaison 2019 ist nun beendet und in Artern und Henningsdorf wurde gerungen &#8211; \u2026 <a class=\"continue-reading-link\" href=\"https:\/\/www.ac-germania.com\/?p=7192\">Weiterlesen <span class=\"meta-nav\">&rarr; <\/span><\/a><\/p>\n","protected":false},"author":97,"featured_media":7193,"comment_status":"open","ping_status":"open","sticky":false,"template":"","format":"standard","meta":{"footnotes":""},"categories":[12],"tags":[],"class_list":["post-7192","post","type-post","status-publish","format-standard","has-post-thumbnail","hentry","category-news-2019"],"_links":{"self":[{"href":"https:\/\/www.ac-germania.com\/index.php?rest_route=\/wp\/v2\/posts\/7192","targetHints":{"allow":["GET"]}}],"collection":[{"href":"https:\/\/www.ac-germania.com\/index.php?rest_route=\/wp\/v2\/posts"}],"about":[{"href":"https:\/\/www.ac-germania.com\/index.php?rest_route=\/wp\/v2\/types\/post"}],"author":[{"embeddable":true,"href":"https:\/\/www.ac-germania.com\/index.php?rest_route=\/wp\/v2\/users\/97"}],"replies":[{"embeddable":true,"href":"https:\/\/www.ac-germania.com\/index.php?rest_route=%2Fwp%2Fv2%2Fcomments&post=7192"}],"version-history":[{"count":3,"href":"https:\/\/www.ac-germania.com\/index.php?rest_route=\/wp\/v2\/posts\/7192\/revisions"}],"predecessor-version":[{"id":7200,"href":"https:\/\/www.ac-germania.com\/index.php?rest_route=\/wp\/v2\/posts\/7192\/revisions\/7200"}],"wp:featuredmedia":[{"embeddable":true,"href":"https:\/\/www.ac-germania.com\/index.php?rest_route=\/wp\/v2\/media\/7193"}],"wp:attachment":[{"href":"https:\/\/www.ac-germania.com\/index.php?rest_route=%2Fwp%2Fv2%2Fmedia&parent=7192"}],"wp:term":[{"taxonomy":"category","embeddable":true,"href":"https:\/\/www.ac-germania.com\/index.php?rest_route=%2Fwp%2Fv2%2Fcategories&post=7192"},{"taxonomy":"post_tag","embeddable":true,"href":"https:\/\/www.ac-germania.com\/index.php?rest_route=%2Fwp%2Fv2%2Ftags&post=7192"}],"curies":[{"name":"wp","href":"https:\/\/api.w.org\/{rel}","templated":true}]}}