{"id":7183,"date":"2019-12-16T18:28:29","date_gmt":"2019-12-16T17:28:29","guid":{"rendered":"https:\/\/www.ac-germania.com\/?p=7183"},"modified":"2019-12-16T18:28:29","modified_gmt":"2019-12-16T17:28:29","slug":"joy-erfolgreich-beim-skoda-cup","status":"publish","type":"post","link":"https:\/\/www.ac-germania.com\/?p=7183","title":{"rendered":"Joy erfolgreich beim Skoda Cup"},"content":{"rendered":"<h5>Bericht: Manja Braunsdorf<\/h5>\n<p>&nbsp;<br \/>\nW\u00e4hrend am 7. Dezember alt und jung auf heimischer Ringermatte k\u00e4mpften, weilte unsere Sportsch\u00fclerin Joy Chantal Kie\u00dfler in Demmin beim Skoda Cup.<br \/>\nTrotz Erk\u00e4ltung und Aufrutschen in die n\u00e4chsth\u00f6here Gewichtsklasse zeigte Joy eine respektable Leistung. <\/p>\n<p>In der Gewichtsklasse 65kg der weiblichen Jugend A+B musste sie sich gegen drei Mitstreiterinnen durchsetzen. Es wurde nordisch gek\u00e4mpft, so dass sie dreimal auf die Matte musste.<br \/>\nGleich im ersten Kampf \u00fcberzeugte sie mit 16:0 Punkten technisch \u00fcberlegen gegen Samantha Hellerforth aus Grimmen. Danach musste sie eine Schulterniederlage gegen die sp\u00e4tere Siegerin Lea Neborg vom RSV Hansa einstecken. Im letzten Kampf holte sie sich souver\u00e4n einen Schultersieg gegen Vanessa Hoth vom RV Demmin. <\/p>\n<p>Die gute Leistung brachte ihr verdient den 2. Platz!<br \/>\nMit Freude wurde das Ergebnis auch in Artern verfolgt! Gl\u00fcckwunsch Joy! Weiter so!<\/p>\n<p><img loading=\"lazy\" decoding=\"async\" class=\"alignnone size-full wp-image-5651\" src=\"https:\/\/www.ac-germania.com\/A_ACG\/wordpress\/wp-content\/uploads\/2019\/12\/20191214_Joy.jpg\" alt=\"\" width=\"800\" height=\"665\" \/><\/p>\n","protected":false},"excerpt":{"rendered":"<p>Bericht: Manja Braunsdorf &nbsp; W\u00e4hrend am 7. Dezember alt und jung auf heimischer Ringermatte k\u00e4mpften, weilte unsere Sportsch\u00fclerin Joy Chantal Kie\u00dfler in Demmin beim Skoda Cup. Trotz Erk\u00e4ltung und Aufrutschen in die n\u00e4chsth\u00f6here Gewichtsklasse zeigte Joy eine respektable Leistung. In der Gewichtsklasse 65kg der weiblichen Jugend A+B musste sie sich \u2026 <a class=\"continue-reading-link\" href=\"https:\/\/www.ac-germania.com\/?p=7183\">Weiterlesen <span class=\"meta-nav\">&rarr; <\/span><\/a><\/p>\n","protected":false},"author":97,"featured_media":7185,"comment_status":"open","ping_status":"open","sticky":false,"template":"","format":"standard","meta":{"footnotes":""},"categories":[12],"tags":[],"class_list":["post-7183","post","type-post","status-publish","format-standard","has-post-thumbnail","hentry","category-news-2019"],"_links":{"self":[{"href":"https:\/\/www.ac-germania.com\/index.php?rest_route=\/wp\/v2\/posts\/7183","targetHints":{"allow":["GET"]}}],"collection":[{"href":"https:\/\/www.ac-germania.com\/index.php?rest_route=\/wp\/v2\/posts"}],"about":[{"href":"https:\/\/www.ac-germania.com\/index.php?rest_route=\/wp\/v2\/types\/post"}],"author":[{"embeddable":true,"href":"https:\/\/www.ac-germania.com\/index.php?rest_route=\/wp\/v2\/users\/97"}],"replies":[{"embeddable":true,"href":"https:\/\/www.ac-germania.com\/index.php?rest_route=%2Fwp%2Fv2%2Fcomments&post=7183"}],"version-history":[{"count":2,"href":"https:\/\/www.ac-germania.com\/index.php?rest_route=\/wp\/v2\/posts\/7183\/revisions"}],"predecessor-version":[{"id":7187,"href":"https:\/\/www.ac-germania.com\/index.php?rest_route=\/wp\/v2\/posts\/7183\/revisions\/7187"}],"wp:featuredmedia":[{"embeddable":true,"href":"https:\/\/www.ac-germania.com\/index.php?rest_route=\/wp\/v2\/media\/7185"}],"wp:attachment":[{"href":"https:\/\/www.ac-germania.com\/index.php?rest_route=%2Fwp%2Fv2%2Fmedia&parent=7183"}],"wp:term":[{"taxonomy":"category","embeddable":true,"href":"https:\/\/www.ac-germania.com\/index.php?rest_route=%2Fwp%2Fv2%2Fcategories&post=7183"},{"taxonomy":"post_tag","embeddable":true,"href":"https:\/\/www.ac-germania.com\/index.php?rest_route=%2Fwp%2Fv2%2Ftags&post=7183"}],"curies":[{"name":"wp","href":"https:\/\/api.w.org\/{rel}","templated":true}]}}