{"id":7173,"date":"2019-12-16T18:18:02","date_gmt":"2019-12-16T17:18:02","guid":{"rendered":"https:\/\/www.ac-germania.com\/?p=7173"},"modified":"2019-12-16T18:18:02","modified_gmt":"2019-12-16T17:18:02","slug":"germania-nachwuchs-unterwegs-auf-wettkampf-reisen","status":"publish","type":"post","link":"https:\/\/www.ac-germania.com\/?p=7173","title":{"rendered":"Germania-Nachwuchs unterwegs auf Wettkampf-Reisen"},"content":{"rendered":"<h5>Bericht: Gerhard G\u00fcnther, Fotos: Gerhard G\u00fcnther &#038; Frau Zelmer<\/h5>\n<p>&nbsp;<br \/>\nDie Nachwuchs Athleten vom AC Germania Artern stellten sich am 23.11.2019 auf zwei Turnieren dem Publikum. Die Athleten der Altersklasse C-\/B- und A-Jugend fuhren nach Berlin zum 7. Werner-Seelenbinder-Turnier. Trainer Gerhard G\u00fcnther stellte eine kleine, aber kampfstarke Riege auf die Matte in Berlin-Buch. Zu diesem Turnier reisten insgesamt 130 Sportler aus 20 Vereinen an. Die K\u00e4mpfe wurden alle im griechisch-r\u00f6mischen Stil zum Gedenken an den Widerstandsk\u00e4mpfer und Ringer Werner-Seelenbinder ausgetragen. Nach spannenden und technisch gut gerungenen K\u00e4mpfen standen die Sieger und weitere Platzierungen fest.<\/p>\n<p><em>C-Jungend\t<\/em><br \/>\n38 kg Jack Eisenhardt &#8211; Platz 5<br \/>\n46 kg Simon Stenzel &#8211; Platz 6<br \/>\n63 kg Elias B\u00e4rnt &#8211; Platz 2<\/p>\n<p><em>B-Jugend\t<\/em><br \/>\n48 kg Marco Kr\u00fcger &#8211; Platz 2<br \/>\n57 kg Max Neubert &#8211; Platz 4<\/p>\n<p><img loading=\"lazy\" decoding=\"async\" class=\"alignnone size-full wp-image-5651\" src=\"https:\/\/www.ac-germania.com\/A_ACG\/wordpress\/wp-content\/uploads\/2019\/12\/20191123_5.jpg\" alt=\"\" width=\"800\" height=\"665\" \/><\/p>\n<p>&nbsp;<\/p>\n<p>Unsere Kleinsten im Ringerlager fuhren am selben Tag zusammen mit ihrem Coach Michael Kinitz zum Dieter-Allmrodt-Ged\u00e4chtnis-Turnier nach Waltershausen. Die Mattenfl\u00f6he aus dem Kyffh\u00e4userkreis sind schon alte Bekannte bei diesem Turnier und wollten auch wieder kr\u00e4ftig um die Medaillen und Urkunden mit ringen. Die Riege der Germanen bestand aus 6 Sportlern, alle k\u00e4mpften im Freistil an diesem Tag. Insgesamt gingen in Walterhausen 135 Sportler aus 26 Vereinen an den Start und k\u00e4mpften mit vollem Ringerherz um den Sieg.<\/p>\n<p><em>E-Jugend\t<\/em><br \/>\n21 kg Daniel Eisenhardt Platz 1<br \/>\n21 kg Marco Wallstab Platz 4<br \/>\n23 kg Florian Zelmer Platz 7<br \/>\n27 kg Luca Franke Platz 13<br \/>\n27 kg Ben P\u00e4tzold Platz 10<\/p>\n<p><em>D-Jugend\t<\/em><br \/>\n46 kg Ben Sch\u00f6neberg Platz 3<\/p>\n<p><img loading=\"lazy\" decoding=\"async\" class=\"alignnone size-full wp-image-5651\" src=\"https:\/\/www.ac-germania.com\/A_ACG\/wordpress\/wp-content\/uploads\/2019\/12\/20191123_1.jpg\" alt=\"\" width=\"800\" height=\"665\" \/><\/p>\n<p><img loading=\"lazy\" decoding=\"async\" class=\"alignnone size-full wp-image-5651\" src=\"https:\/\/www.ac-germania.com\/A_ACG\/wordpress\/wp-content\/uploads\/2019\/12\/20191123_4.jpg\" alt=\"\" width=\"800\" height=\"665\" \/><\/p>\n<p><img loading=\"lazy\" decoding=\"async\" class=\"alignnone size-full wp-image-5651\" src=\"https:\/\/www.ac-germania.com\/A_ACG\/wordpress\/wp-content\/uploads\/2019\/12\/20191123_3.jpg\" alt=\"\" width=\"800\" height=\"665\" \/><\/p>\n<p><img loading=\"lazy\" decoding=\"async\" class=\"alignnone size-full wp-image-5651\" src=\"https:\/\/www.ac-germania.com\/A_ACG\/wordpress\/wp-content\/uploads\/2019\/12\/20191123_2.jpg\" alt=\"\" width=\"800\" height=\"665\" \/><\/p>\n<p>Beide Nachwuchstrainer konnten allen Sportlern hohen Kampfgeist und Siegeswillen bescheinigen und waren mit den guten Leistungen sehr zufrieden.<br \/>\nEin Dank geht auch an die Betreuer, welche die jungen Sportler bei den Wettk\u00e4mpfen tatkr\u00e4ftig unterst\u00fctzt haben.<\/p>\n","protected":false},"excerpt":{"rendered":"<p>Bericht: Gerhard G\u00fcnther, Fotos: Gerhard G\u00fcnther &#038; Frau Zelmer &nbsp; Die Nachwuchs Athleten vom AC Germania Artern stellten sich am 23.11.2019 auf zwei Turnieren dem Publikum. Die Athleten der Altersklasse C-\/B- und A-Jugend fuhren nach Berlin zum 7. Werner-Seelenbinder-Turnier. Trainer Gerhard G\u00fcnther stellte eine kleine, aber kampfstarke Riege auf die \u2026 <a class=\"continue-reading-link\" href=\"https:\/\/www.ac-germania.com\/?p=7173\">Weiterlesen <span class=\"meta-nav\">&rarr; <\/span><\/a><\/p>\n","protected":false},"author":97,"featured_media":7177,"comment_status":"open","ping_status":"open","sticky":false,"template":"","format":"standard","meta":{"footnotes":""},"categories":[12],"tags":[],"class_list":["post-7173","post","type-post","status-publish","format-standard","has-post-thumbnail","hentry","category-news-2019"],"_links":{"self":[{"href":"https:\/\/www.ac-germania.com\/index.php?rest_route=\/wp\/v2\/posts\/7173","targetHints":{"allow":["GET"]}}],"collection":[{"href":"https:\/\/www.ac-germania.com\/index.php?rest_route=\/wp\/v2\/posts"}],"about":[{"href":"https:\/\/www.ac-germania.com\/index.php?rest_route=\/wp\/v2\/types\/post"}],"author":[{"embeddable":true,"href":"https:\/\/www.ac-germania.com\/index.php?rest_route=\/wp\/v2\/users\/97"}],"replies":[{"embeddable":true,"href":"https:\/\/www.ac-germania.com\/index.php?rest_route=%2Fwp%2Fv2%2Fcomments&post=7173"}],"version-history":[{"count":4,"href":"https:\/\/www.ac-germania.com\/index.php?rest_route=\/wp\/v2\/posts\/7173\/revisions"}],"predecessor-version":[{"id":7182,"href":"https:\/\/www.ac-germania.com\/index.php?rest_route=\/wp\/v2\/posts\/7173\/revisions\/7182"}],"wp:featuredmedia":[{"embeddable":true,"href":"https:\/\/www.ac-germania.com\/index.php?rest_route=\/wp\/v2\/media\/7177"}],"wp:attachment":[{"href":"https:\/\/www.ac-germania.com\/index.php?rest_route=%2Fwp%2Fv2%2Fmedia&parent=7173"}],"wp:term":[{"taxonomy":"category","embeddable":true,"href":"https:\/\/www.ac-germania.com\/index.php?rest_route=%2Fwp%2Fv2%2Fcategories&post=7173"},{"taxonomy":"post_tag","embeddable":true,"href":"https:\/\/www.ac-germania.com\/index.php?rest_route=%2Fwp%2Fv2%2Ftags&post=7173"}],"curies":[{"name":"wp","href":"https:\/\/api.w.org\/{rel}","templated":true}]}}