{"id":7171,"date":"2019-12-15T14:27:04","date_gmt":"2019-12-15T13:27:04","guid":{"rendered":"https:\/\/www.ac-germania.com\/?p=7171"},"modified":"2019-12-15T14:27:04","modified_gmt":"2019-12-15T13:27:04","slug":"artern-siegreich-in-hennigsdorf","status":"publish","type":"post","link":"https:\/\/www.ac-germania.com\/?p=7171","title":{"rendered":"Artern siegreich in Hennigsdorf"},"content":{"rendered":"<h5>Bericht: Andr\u00e9 G\u00fcnther  &#038;  Fotos: Manja Braunsdorf<\/h5>\n<p>&nbsp;<\/p>\n<p>Am vergangenen Samstag ging es f\u00fcr die Sportler des AC zum letzten Ausw\u00e4rtskampf der Saison 2019 nach Hennigsdorf. Begleitet von zahlreichen stimmungsvollen Fans, die mit einem Reisebus nach Hennigsdorf fuhren, sollten die Weichen f\u00fcr Platz drei gestellt werden.<\/p>\n<p>Der 1. Hennigsdorfer Ringerverein konnte die Gewichtsklasse bis 57 kg nicht besetzen und somit holte Milan Altenburg die ersten vier Z\u00e4hler f\u00fcr die Arterner.<\/p>\n<p>Michal Pietrzak besiegte bis 130 kg Marcel Redmann technisch \u00fcberlegen und sicherte weitere vier Punkte. <\/p>\n<div id=\"attachment_5642\" style=\"width: 810px\" class=\"wp-caption alignnone\"><img loading=\"lazy\" decoding=\"async\" aria-describedby=\"caption-attachment-5642\" class=\"wp-image-5642 size-full\" src=\"https:\/\/www.ac-germania.com\/A_ACG\/wordpress\/wp-content\/uploads\/2019\/12\/20191214_1.jpg\" alt=\"\" width=\"800\" height=\"466\" \/><p id=\"caption-attachment-5642\" class=\"wp-caption-text\">Michal Pietrzak (blau)<\/p><\/div>\n<p>Bis 61 kg griechisch-r\u00f6misch musste der Freistiler Sayed-Sajad Hussaini aushelfen. Sayed verkaufte sich gut, konnte jedoch eine Punktniederlage nicht verhindern. <\/p>\n<p>Im Kampf bis 98 kg verletzte sich der Hennigsdorfer Mirco Redmann im Kampf gegen Ondrej Havelka und musste den Kampf aufgeben. Gute Besserung an dieser Stelle! <\/p>\n<div id=\"attachment_5642\" style=\"width: 810px\" class=\"wp-caption alignnone\"><img loading=\"lazy\" decoding=\"async\" aria-describedby=\"caption-attachment-5642\" class=\"wp-image-5642 size-full\" src=\"https:\/\/www.ac-germania.com\/A_ACG\/wordpress\/wp-content\/uploads\/2019\/12\/20191214_2.jpg\" alt=\"\" width=\"800\" height=\"466\" \/><p id=\"caption-attachment-5642\" class=\"wp-caption-text\">Ondrej Havelka (blau)<\/p><\/div>\n<p>Hasan Sherzad findet diese Saison nicht in die K\u00e4mpfe. Nach einer guten ersten Halbzeit, fand er sich kurz nach Beginn der zweiten H\u00e4lfte gegen Christian N\u00fctzmann auf beiden Schultern wieder.<\/p>\n<p>Pausenstand: 12:6 und noch alles offen.<\/p>\n<p>Die zweite H\u00e4lfte l\u00e4utete Pascal G\u00f6bel ein. &#8222;Kalle&#8220; ackerte 6 min und gewann verdient mit 6:1 Punkten gegen Marvin von Prondzinsky. <\/p>\n<p>Andr\u00e9 G\u00fcnther konnte durch seine Schleuder einen Schultersieg gegen Til Weinkauf verbuchen. <\/p>\n<div id=\"attachment_5642\" style=\"width: 810px\" class=\"wp-caption alignnone\"><img loading=\"lazy\" decoding=\"async\" aria-describedby=\"caption-attachment-5642\" class=\"wp-image-5642 size-full\" src=\"https:\/\/www.ac-germania.com\/A_ACG\/wordpress\/wp-content\/uploads\/2019\/12\/20191214_3.jpg\" alt=\"\" width=\"800\" height=\"466\" \/><p id=\"caption-attachment-5642\" class=\"wp-caption-text\">Andr\u00e9 G\u00fcnther (blau)<\/p><\/div>\n<p>Christopher Brunke hatte im Kampf gegen den erfahrenen Michael Martinke Schwierigkeiten seinen Stil durchzusetzen und musste sich mit 2:0 geschlagen geben. <\/p>\n<p>Im letzten Kampf des Abends traf Ibrahim Ismailov auf den Bundesligaerfahrenen Steffen L\u00fcbke. \u201eDadei\u201c zeigte sich wenig beeindruckt und ging permanent nach vorn. Dennoch sah der Kampfrichter ihn als Passiveren, wodurch L\u00fcbke zu seinen Punkten kam und am Ende mit 3:1 siegte.<\/p>\n<div id=\"attachment_5642\" style=\"width: 810px\" class=\"wp-caption alignnone\"><img loading=\"lazy\" decoding=\"async\" aria-describedby=\"caption-attachment-5642\" class=\"wp-image-5642 size-full\" src=\"https:\/\/www.ac-germania.com\/A_ACG\/wordpress\/wp-content\/uploads\/2019\/12\/20191214_4.jpg\" alt=\"\" width=\"800\" height=\"466\" \/><p id=\"caption-attachment-5642\" class=\"wp-caption-text\">Ibrahim Ismailov (blau)<\/p><\/div>\n<p>Am Ende eines spannenden Kampfabends in einer guten Atmosph\u00e4re in Hennigsdorf siegte der ACG mit 18:8 Punkten und hat somit ein gutes Polster f\u00fcr den R\u00fcckkampf am 21.12.2019 vor heimischer Kulisse. Kampfbeginn ist dann wie gewohnt 19:30 Uhr und wir hoffen auf die Unterst\u00fctzung zahlreicher Zuschauer im letzten Kampf der Saison 2019. <\/p>\n<div id=\"attachment_5642\" style=\"width: 810px\" class=\"wp-caption alignnone\"><img loading=\"lazy\" decoding=\"async\" aria-describedby=\"caption-attachment-5642\" class=\"wp-image-5642 size-full\" src=\"https:\/\/www.ac-germania.com\/A_ACG\/wordpress\/wp-content\/uploads\/2019\/12\/20191214_5.jpg\" alt=\"\" width=\"800\" height=\"466\" \/><p id=\"caption-attachment-5642\" class=\"wp-caption-text\">Siegerfoto<\/p><\/div>\n","protected":false},"excerpt":{"rendered":"<p>Bericht: Andr\u00e9 G\u00fcnther &#038; Fotos: Manja Braunsdorf &nbsp; Am vergangenen Samstag ging es f\u00fcr die Sportler des AC zum letzten Ausw\u00e4rtskampf der Saison 2019 nach Hennigsdorf. Begleitet von zahlreichen stimmungsvollen Fans, die mit einem Reisebus nach Hennigsdorf fuhren, sollten die Weichen f\u00fcr Platz drei gestellt werden. Der 1. Hennigsdorfer Ringerverein \u2026 <a class=\"continue-reading-link\" href=\"https:\/\/www.ac-germania.com\/?p=7171\">Weiterlesen <span class=\"meta-nav\">&rarr; <\/span><\/a><\/p>\n","protected":false},"author":97,"featured_media":7166,"comment_status":"open","ping_status":"open","sticky":false,"template":"","format":"standard","meta":{"footnotes":""},"categories":[12],"tags":[],"class_list":["post-7171","post","type-post","status-publish","format-standard","has-post-thumbnail","hentry","category-news-2019"],"_links":{"self":[{"href":"https:\/\/www.ac-germania.com\/index.php?rest_route=\/wp\/v2\/posts\/7171","targetHints":{"allow":["GET"]}}],"collection":[{"href":"https:\/\/www.ac-germania.com\/index.php?rest_route=\/wp\/v2\/posts"}],"about":[{"href":"https:\/\/www.ac-germania.com\/index.php?rest_route=\/wp\/v2\/types\/post"}],"author":[{"embeddable":true,"href":"https:\/\/www.ac-germania.com\/index.php?rest_route=\/wp\/v2\/users\/97"}],"replies":[{"embeddable":true,"href":"https:\/\/www.ac-germania.com\/index.php?rest_route=%2Fwp%2Fv2%2Fcomments&post=7171"}],"version-history":[{"count":1,"href":"https:\/\/www.ac-germania.com\/index.php?rest_route=\/wp\/v2\/posts\/7171\/revisions"}],"predecessor-version":[{"id":7172,"href":"https:\/\/www.ac-germania.com\/index.php?rest_route=\/wp\/v2\/posts\/7171\/revisions\/7172"}],"wp:featuredmedia":[{"embeddable":true,"href":"https:\/\/www.ac-germania.com\/index.php?rest_route=\/wp\/v2\/media\/7166"}],"wp:attachment":[{"href":"https:\/\/www.ac-germania.com\/index.php?rest_route=%2Fwp%2Fv2%2Fmedia&parent=7171"}],"wp:term":[{"taxonomy":"category","embeddable":true,"href":"https:\/\/www.ac-germania.com\/index.php?rest_route=%2Fwp%2Fv2%2Fcategories&post=7171"},{"taxonomy":"post_tag","embeddable":true,"href":"https:\/\/www.ac-germania.com\/index.php?rest_route=%2Fwp%2Fv2%2Ftags&post=7171"}],"curies":[{"name":"wp","href":"https:\/\/api.w.org\/{rel}","templated":true}]}}