{"id":7153,"date":"2019-12-10T18:51:46","date_gmt":"2019-12-10T17:51:46","guid":{"rendered":"https:\/\/www.ac-germania.com\/?p=7153"},"modified":"2019-12-10T20:11:45","modified_gmt":"2019-12-10T19:11:45","slug":"ringernachwuchs-misst-sich-untereinander","status":"publish","type":"post","link":"https:\/\/www.ac-germania.com\/?p=7153","title":{"rendered":"Ringernachwuchs misst sich untereinander"},"content":{"rendered":"<h5>Bericht &#038; Fotos: Manja Braunsdorf<\/h5>\n<p>&nbsp;<br \/>\n<strong>25. Kreisjugendspiele im Kyffh\u00e4userkreis<\/strong><\/p>\n<p>Kreisjugendspiele hei\u00dft immer sportlicher Aufruf an die J\u00fcngsten im Sport! Traditionell sind die Ringer oft die letzten im Jahr, welche dieses Event im Kyffh\u00e4userkreis ausrichten.<br \/>\nAm 26.11.2019 f\u00fcllte sich damit bereits zum 25. Mal am Nachmittag die Ringerhalle in Artern mit den j\u00fcngsten Sportlern und Mattenf\u00fcchsen und ihren Betreuern, sowie Mamas, Papas, Gro\u00dfeltern und Geschwistern zu diesem j\u00e4hrlichen Event.<\/p>\n<p>Den Start machten zun\u00e4chst die Kleinsten aus dem KITA-Projekt, was seit Jahren im Ringerverein unterst\u00fctzt wird. 25 Kinder, welche zu allen Kindertagesst\u00e4tten der Stadt Artern geh\u00f6rten, nahmen teil. Der sportliche Mehrkampf, welcher aus Schlussweitsprung, Schl\u00e4ngellauf, Staffelspielen und verschiedenen Matten\u00fcbungen bestand, wurde von den Jungen und M\u00e4dchen, wie gewohnt, engagiert und mit viel Freude durchgef\u00fchrt. Zur Belohnung gab es daf\u00fcr f\u00fcr jeden eine Medaille und Urkunde von den Betreuern \u00fcberreicht.<\/p>\n<p>Anschlie\u00dfend \u00fcbernahmen die Youngster im Ringertrikot der Jugend C, D und E die Turnhalle und st\u00fcrmten die Matte. 18 Sportler vom AC Germania Artern, RSV Heldrungen und der Ringerabteilung des SV &#8218;Gl\u00fcck-Auf&#8216; Sondershausen k\u00e4mpften nach der gemeinsamen Erw\u00e4rmung dann um die Medaillen im klassischen und freien Ringkampf. <\/p>\n<p><strong>Ergebnisse:<\/strong><\/p>\n<p><strong><em>Jugend E &#8211; Freistil<\/em><\/strong><br \/>\n<em>20 kg <\/em><br \/>\n1. Platz Marco Wallstab &#8211; Artern<br \/>\n2. Platz Paul Hafermalz &#8211; Heldrungen<br \/>\n3. Platz Luca Frank &#8211; Artern<\/p>\n<div id=\"attachment_5642\" style=\"width: 810px\" class=\"wp-caption alignnone\"><img loading=\"lazy\" decoding=\"async\" aria-describedby=\"caption-attachment-5642\" class=\"wp-image-5642 size-full\" src=\"https:\/\/www.ac-germania.com\/A_ACG\/wordpress\/wp-content\/uploads\/2019\/12\/20191126_2.jpg\" alt=\"\" width=\"800\" height=\"466\" \/><p id=\"caption-attachment-5642\" class=\"wp-caption-text\">Marco Wallstab (rot)<\/p><\/div>\n<p><em>22 kg <\/em><br \/>\n1. Platz Daniel Eisenhardt &#8211; Artern<br \/>\n2. Platz Florian Zelmer &#8211; Artern<\/p>\n<p><em>25 kg <\/em><br \/>\n1. Platz Darius Sattler &#8211; Heldrungen<br \/>\n2. Platz Ben P\u00e4tzold &#8211; Artern<br \/>\n3. Platz Fabian Barberowski &#8211; Artern<\/p>\n<div id=\"attachment_5642\" style=\"width: 810px\" class=\"wp-caption alignnone\"><img loading=\"lazy\" decoding=\"async\" aria-describedby=\"caption-attachment-5642\" class=\"wp-image-5642 size-full\" src=\"https:\/\/www.ac-germania.com\/A_ACG\/wordpress\/wp-content\/uploads\/2019\/12\/20191126_3.jpg\" alt=\"\" width=\"800\" height=\"466\" \/><p id=\"caption-attachment-5642\" class=\"wp-caption-text\">Ben P\u00e4tzold (blau)<\/p><\/div>\n<p><strong><em>Jugend C &#8211; Freistil<\/em><\/strong><br \/>\n<em>40 kg <\/em><br \/>\n1. Platz Jack Eisenhardt &#8211; Artern<br \/>\n2. Platz Simon Stenzel &#8211; Sondershausen<br \/>\n3. Platz Aaron R\u00f6nnecke &#8211; Heldrungen<\/p>\n<div id=\"attachment_5642\" style=\"width: 810px\" class=\"wp-caption alignnone\"><img loading=\"lazy\" decoding=\"async\" aria-describedby=\"caption-attachment-5642\" class=\"wp-image-5642 size-full\" src=\"https:\/\/www.ac-germania.com\/A_ACG\/wordpress\/wp-content\/uploads\/2019\/12\/20191126_4.jpg\" alt=\"\" width=\"800\" height=\"466\" \/><p id=\"caption-attachment-5642\" class=\"wp-caption-text\">Jack Eisenhardt (blau)<\/p><\/div>\n<p><em>48 kg <\/em><br \/>\n1. Platz Anton Killat &#8211; Artern<br \/>\n2. Platz Pascal Filla &#8211; Artern<\/p>\n<p><strong><em>Jugend D &#8211; Freistil<\/em><\/strong><br \/>\n<em>40 kg<\/em><br \/>\n1. Platz John Tettenborn &#8211; Heldrungen<br \/>\n2. Platz Janik P\u00e4tzold &#8211; Artern<br \/>\n3. Platz Richard Schlegel &#8211; Artern<\/p>\n<p><em>46 kg<\/em><br \/>\n1. Platz Ben Sch\u00f6neberg &#8211; Artern<br \/>\n2. Platz Konstantin Theuerkauf &#8211; Heldrungen<\/p>\n<p><strong><em>Jugend C &#8211; Griechisch-R\u00f6misch<\/em><\/strong><br \/>\n<em>40 kg <\/em><br \/>\n1. Platz  Simon Stenzel &#8211; Sondershausen<br \/>\n2. Platz Jack Eisenhardt &#8211; Artern<br \/>\n3. Platz Aaron R\u00f6nnecke &#8211; Heldrungen<\/p>\n<p><em>48 kg<\/em><br \/>\n1. Platz Anton Killat &#8211; Artern<br \/>\n2. Platz Pascal Filla &#8211; Artern<\/p>\n<p><strong><em>Jugend D &#8211; Griechisch-R\u00f6misch<\/em><\/strong><br \/>\n<em>40 kg<\/em><br \/>\n1. Platz John Tettenborn &#8211; Heldrungen<br \/>\n2. Platz Janik P\u00e4tzold &#8211; Artern<br \/>\n3. Platz Richard Schlegel &#8211; Artern<\/p>\n<p><em>46 kg<\/em><br \/>\n1. Platz Ben Sch\u00f6neberg &#8211; Artern<br \/>\n2. Platz Konstantin Theuerkauf &#8211; Heldrungen<\/p>\n<p>Wir gratulieren allen Teilnehmern und w\u00fcnschen weiterhin viel Erfolg! Auf ein Wiedersehen auf der Ringermatte!!!<\/p>\n<div id=\"attachment_5642\" style=\"width: 810px\" class=\"wp-caption alignnone\"><img loading=\"lazy\" decoding=\"async\" aria-describedby=\"caption-attachment-5642\" class=\"wp-image-5642 size-full\" src=\"https:\/\/www.ac-germania.com\/A_ACG\/wordpress\/wp-content\/uploads\/2019\/12\/20191126_1.jpg\" alt=\"\" width=\"800\" height=\"466\" \/><p id=\"caption-attachment-5642\" class=\"wp-caption-text\">Gruppenfoto<\/p><\/div>\n<p>Auf diesem Wege m\u00f6chten wir uns beim Kreissportbund f\u00fcr die fortw\u00e4hrende Unterst\u00fctzung dieses Wettkampfs bedanken. Dank geht auch an das Logistikteam neben der Matte, sowie Trainer und Betreuer, welche die Kleinen und Gro\u00dfen aus dem Nachwuchsbereich immer engagiert trainieren und Woche f\u00fcr Woche fordern.<\/p>\n","protected":false},"excerpt":{"rendered":"<p>Bericht &#038; Fotos: Manja Braunsdorf &nbsp; 25. Kreisjugendspiele im Kyffh\u00e4userkreis Kreisjugendspiele hei\u00dft immer sportlicher Aufruf an die J\u00fcngsten im Sport! Traditionell sind die Ringer oft die letzten im Jahr, welche dieses Event im Kyffh\u00e4userkreis ausrichten. Am 26.11.2019 f\u00fcllte sich damit bereits zum 25. Mal am Nachmittag die Ringerhalle in Artern \u2026 <a class=\"continue-reading-link\" href=\"https:\/\/www.ac-germania.com\/?p=7153\">Weiterlesen <span class=\"meta-nav\">&rarr; <\/span><\/a><\/p>\n","protected":false},"author":97,"featured_media":7157,"comment_status":"open","ping_status":"open","sticky":false,"template":"","format":"standard","meta":{"footnotes":""},"categories":[12],"tags":[],"class_list":["post-7153","post","type-post","status-publish","format-standard","has-post-thumbnail","hentry","category-news-2019"],"_links":{"self":[{"href":"https:\/\/www.ac-germania.com\/index.php?rest_route=\/wp\/v2\/posts\/7153","targetHints":{"allow":["GET"]}}],"collection":[{"href":"https:\/\/www.ac-germania.com\/index.php?rest_route=\/wp\/v2\/posts"}],"about":[{"href":"https:\/\/www.ac-germania.com\/index.php?rest_route=\/wp\/v2\/types\/post"}],"author":[{"embeddable":true,"href":"https:\/\/www.ac-germania.com\/index.php?rest_route=\/wp\/v2\/users\/97"}],"replies":[{"embeddable":true,"href":"https:\/\/www.ac-germania.com\/index.php?rest_route=%2Fwp%2Fv2%2Fcomments&post=7153"}],"version-history":[{"count":2,"href":"https:\/\/www.ac-germania.com\/index.php?rest_route=\/wp\/v2\/posts\/7153\/revisions"}],"predecessor-version":[{"id":7159,"href":"https:\/\/www.ac-germania.com\/index.php?rest_route=\/wp\/v2\/posts\/7153\/revisions\/7159"}],"wp:featuredmedia":[{"embeddable":true,"href":"https:\/\/www.ac-germania.com\/index.php?rest_route=\/wp\/v2\/media\/7157"}],"wp:attachment":[{"href":"https:\/\/www.ac-germania.com\/index.php?rest_route=%2Fwp%2Fv2%2Fmedia&parent=7153"}],"wp:term":[{"taxonomy":"category","embeddable":true,"href":"https:\/\/www.ac-germania.com\/index.php?rest_route=%2Fwp%2Fv2%2Fcategories&post=7153"},{"taxonomy":"post_tag","embeddable":true,"href":"https:\/\/www.ac-germania.com\/index.php?rest_route=%2Fwp%2Fv2%2Ftags&post=7153"}],"curies":[{"name":"wp","href":"https:\/\/api.w.org\/{rel}","templated":true}]}}