{"id":7103,"date":"2019-11-12T17:11:27","date_gmt":"2019-11-12T16:11:27","guid":{"rendered":"https:\/\/www.ac-germania.com\/?p=7103"},"modified":"2019-11-12T17:11:27","modified_gmt":"2019-11-12T16:11:27","slug":"artern-weiter-ungeschlagen","status":"publish","type":"post","link":"https:\/\/www.ac-germania.com\/?p=7103","title":{"rendered":"Artern weiter ungeschlagen"},"content":{"rendered":"<h5>Bericht: Andr\u00e9 G\u00fcnther<\/h5>\n<p>&nbsp;<br \/>\n<strong>Vorzeitig Staffelsieg in Salzgitter gesichert<\/strong><\/p>\n<p>Am vergangenen Samstag reisten die Germanen samt Anh\u00e4ngerschaft zur Mannschaft der KG Salzgitter in die Eikelarena. Dort wartete der aktuell Tabellenzweite, die Siegfriedringer.<br \/>\nSie hatten bereits in den Medien vorab angek\u00fcndigt sich f\u00fcr die Niederlage in der Hinrunde revanchieren und ihren zweiten Platz sichern zu wollen. Die Arterner dagegen konnten leider nicht voll und in Bestbesetzung anreisen, wodurch der Kampftag durchaus spannend werden konnte. <\/p>\n<p>Die Germanen konnten die Gewichtsklasse bis 57 kg nicht besetzten, sodass Lasse Schuldt kampflos 4 Punkte f\u00fcr die KG holte. <\/p>\n<p>Bis 130 kg traf Christian Mehlig auf den wieder deutlich schwereren Pascal Krau\u00df. Christian k\u00e4mpfte konzentriert und sicherte mit 9:0 drei Mannschaftspunkte. <\/p>\n<div id=\"attachment_5642\" style=\"width: 810px\" class=\"wp-caption alignnone\"><img loading=\"lazy\" decoding=\"async\" aria-describedby=\"caption-attachment-5642\" class=\"wp-image-5642 size-full\" src=\"https:\/\/www.ac-germania.com\/A_ACG\/wordpress\/wp-content\/uploads\/2019\/11\/20191109_1141.jpg\" alt=\"\" width=\"800\" height=\"466\" \/><p id=\"caption-attachment-5642\" class=\"wp-caption-text\">Coaching, Halbzeit, Kampf Christian Mehlig<\/p><\/div>\n<p>Milan Altenburg rutschte in die Gewichtsklasse bis 61 kg auf und erk\u00e4mpfte gegen Bilal Tajik mit 6:4 einen weiteren Mannschaftspunkt. <\/p>\n<p>Michal Pietrzak hatte mit Anton Hochhalter zun\u00e4chst seine Probleme, siegte dann aber klar mit 10:1. <\/p>\n<div id=\"attachment_5642\" style=\"width: 810px\" class=\"wp-caption alignnone\"><img loading=\"lazy\" decoding=\"async\" aria-describedby=\"caption-attachment-5642\" class=\"wp-image-5642 size-full\" src=\"https:\/\/www.ac-germania.com\/A_ACG\/wordpress\/wp-content\/uploads\/2019\/11\/20191109_1174.jpg\" alt=\"\" width=\"800\" height=\"466\" \/><p id=\"caption-attachment-5642\" class=\"wp-caption-text\">Michal Petrzak, blau<\/p><\/div>\n<p>Andr\u00e9 G\u00fcnther traf in der Gewichtsklasse bis 66 kg auf Islam Djabrailov. In einem hitzigen Kampf, bei dem auch der sonst so besonnene Trainer Michael Getschmann durch den Kampfrichter verwarnt werden musste, wurde \u201eG\u00fcnne\u201c bei einer Schleuder abgefangen und konnte sich nicht mehr befreien. <\/p>\n<p>Zur Halbzeit stand es somit 8:7 f\u00fcr die KG Salzgitter. Ein Hoffnungsschimmer f\u00fcr Salzgitter und seine Fans.<\/p>\n<p>Nach einer kurzen Pause \u00fcberzeugte dann Ondrej Havelka bis 86 kg erneut durch saubere Techniken und schickte David Litau nach nur 02:42 min mit 15:0 von der Matte. <\/p>\n<p>Ibrahim Ismailov k\u00e4mpfte ebenfalls gewohnt konzentriert und marschierte die vollen 6 Minuten vorw\u00e4rts. Er siegte verdient mit 16:2 \u00fcber Ajub Usmanov. <\/p>\n<p>Pascal G\u00f6bel machte kurzen Prozess und schulterte Jalal Patoyijamal nach nur einer Minute. Jalal verletzte sich in diesem Kampf, wir w\u00fcnschen auf diesem Weg gute Besserung. <\/p>\n<p>Im letzten Kampf des Abends traf Jonas Michel auf Nawieed Hussaini. Beide schenkten sich nichts. Nach der vollen Kampfzeit entschied Jonas den Sieg mit 15:11 Punkten f\u00fcr sich. <\/p>\n<div id=\"attachment_5642\" style=\"width: 810px\" class=\"wp-caption alignnone\"><img loading=\"lazy\" decoding=\"async\" aria-describedby=\"caption-attachment-5642\" class=\"wp-image-5642 size-full\" src=\"https:\/\/www.ac-germania.com\/A_ACG\/wordpress\/wp-content\/uploads\/2019\/11\/20191109_1240.jpg\" alt=\"\" width=\"800\" height=\"466\" \/><p id=\"caption-attachment-5642\" class=\"wp-caption-text\">Jonas Michel, blau<\/p><\/div>\n<p>Am Ende stand es 20:8 f\u00fcr den AC Germania Artern. Trotz des deutlichen Ergebnisses wurde den mitgereisten Fans und Zuschauern ein spannender Kampfabend in einem durch die KG Salzgitter sehr gut vorbereiteten Ambiente geboten. Rechnerisch ist der AC Germania Artern damit vorm letzten Kampf der R\u00fcckrunde schon Staffelsieger. <\/p>\n<p>Am kommenden Samstag, den 16.11.2019, kommt es im letzten Kampf zum Derby gegen den ewigen Rivalen MSV 90 Magdeburg. Die Magdeburger werden sicherlich versuchen Arterns bisher makellose Statistik zu st\u00f6ren. Wir werden dem entschieden entgegentreten und hoffen auf eine volle Wettkampfhalle und gesunde Sportler.<br \/>\nLos geht es \u2013 wie gewohnt \u2013 um 19:30 Uhr in der Arterner Ringerhalle.<\/p>\n","protected":false},"excerpt":{"rendered":"<p>Bericht: Andr\u00e9 G\u00fcnther &nbsp; Vorzeitig Staffelsieg in Salzgitter gesichert Am vergangenen Samstag reisten die Germanen samt Anh\u00e4ngerschaft zur Mannschaft der KG Salzgitter in die Eikelarena. Dort wartete der aktuell Tabellenzweite, die Siegfriedringer. Sie hatten bereits in den Medien vorab angek\u00fcndigt sich f\u00fcr die Niederlage in der Hinrunde revanchieren und ihren \u2026 <a class=\"continue-reading-link\" href=\"https:\/\/www.ac-germania.com\/?p=7103\">Weiterlesen <span class=\"meta-nav\">&rarr; <\/span><\/a><\/p>\n","protected":false},"author":97,"featured_media":7106,"comment_status":"open","ping_status":"open","sticky":false,"template":"","format":"standard","meta":{"footnotes":""},"categories":[12],"tags":[],"class_list":["post-7103","post","type-post","status-publish","format-standard","has-post-thumbnail","hentry","category-news-2019"],"_links":{"self":[{"href":"https:\/\/www.ac-germania.com\/index.php?rest_route=\/wp\/v2\/posts\/7103","targetHints":{"allow":["GET"]}}],"collection":[{"href":"https:\/\/www.ac-germania.com\/index.php?rest_route=\/wp\/v2\/posts"}],"about":[{"href":"https:\/\/www.ac-germania.com\/index.php?rest_route=\/wp\/v2\/types\/post"}],"author":[{"embeddable":true,"href":"https:\/\/www.ac-germania.com\/index.php?rest_route=\/wp\/v2\/users\/97"}],"replies":[{"embeddable":true,"href":"https:\/\/www.ac-germania.com\/index.php?rest_route=%2Fwp%2Fv2%2Fcomments&post=7103"}],"version-history":[{"count":3,"href":"https:\/\/www.ac-germania.com\/index.php?rest_route=\/wp\/v2\/posts\/7103\/revisions"}],"predecessor-version":[{"id":7109,"href":"https:\/\/www.ac-germania.com\/index.php?rest_route=\/wp\/v2\/posts\/7103\/revisions\/7109"}],"wp:featuredmedia":[{"embeddable":true,"href":"https:\/\/www.ac-germania.com\/index.php?rest_route=\/wp\/v2\/media\/7106"}],"wp:attachment":[{"href":"https:\/\/www.ac-germania.com\/index.php?rest_route=%2Fwp%2Fv2%2Fmedia&parent=7103"}],"wp:term":[{"taxonomy":"category","embeddable":true,"href":"https:\/\/www.ac-germania.com\/index.php?rest_route=%2Fwp%2Fv2%2Fcategories&post=7103"},{"taxonomy":"post_tag","embeddable":true,"href":"https:\/\/www.ac-germania.com\/index.php?rest_route=%2Fwp%2Fv2%2Ftags&post=7103"}],"curies":[{"name":"wp","href":"https:\/\/api.w.org\/{rel}","templated":true}]}}