{"id":7082,"date":"2019-11-03T19:55:35","date_gmt":"2019-11-03T18:55:35","guid":{"rendered":"https:\/\/www.ac-germania.com\/?p=7082"},"modified":"2019-11-03T19:55:35","modified_gmt":"2019-11-03T18:55:35","slug":"stark-erkaempfter-1814-heimsieg-der-germanen","status":"publish","type":"post","link":"https:\/\/www.ac-germania.com\/?p=7082","title":{"rendered":"Stark erk\u00e4mpfter 18:14 Heimsieg der Germanen"},"content":{"rendered":"<h5>Bericht:Gerhard G\u00fcnther und Manja Braunsdorf<\/h5>\n<p>&nbsp;<br \/>\nAm Samstagabend war es wieder soweit, der AC Germania Artern hatte zum Heimkampf geladen. Der 2. Kampf der R\u00fcckrunde in der Landesliga Sachsen-Anhalt zwischen dem AC Germania Artern und der WKG Apolda\/S\u00f6mmerda stand auf dem Programm. Die Halle der Germanen war durch viele Fans und Sportler gut gef\u00fcllt. <\/p>\n<p>Nach dem Sieg in der Vorwoche in Eisleben konnten die Trainer die Mannschaft in dieser Woche noch etwas umstellen, da man sich sicher war, wie stark der Gegner, mit dem Willen auf eine Revanche, aufstellen w\u00fcrde, um in Artern siegen zu k\u00f6nnen. Nach dem Wiegen wussten dann beide Mannschaften, was die Stunde geschlagen hatte. Die Trainer gaben noch letzte Hinweise f\u00fcr den Kampfabend.<br \/>\nEr\u00f6ffnet wurde der Mannschaftskampf aber erneut wieder durch den mit Nachwuchs der Germanen. Gefeiert vom Publikum konnte Daniel Eisenhardt einen Sieg gegen seinen Sportfreund Hugo Schlegel feiern. So war die Stimmung im Hexenkessel durch den Jugendkampf schon richtig im Gang, als dann  die M\u00e4nner begannen.<\/p>\n<p>Im ersten Kampf des Abends traf in der Gewichtsklasse bis 57 kg unser Milan Altenburg auf Malte Guthmann. Milan hatte hier einen schweren Stand, stilartfremd k\u00e4mpfte er sich \u00fcber die Zeit und musste den Kampf leider 3:10 an seinen Gegner abgeben. Die WKG holte sich hier die ersten 2 Punkte.<\/p>\n<p>Michal Pietrzak, seit Langem eine echte St\u00fctze der Germanen, holte gegen Hagen Steinh\u00e4user, im Limit bis 130 kg, nach nur 55 Sek Kampfzeit sicher die ersten 4 Punkte durch Schultersieg. Bemerkenswert daran, erneut 40kg Gewichtsunterschied zum schwereren Gegner.  4:2 f\u00fcr Artern.<\/p>\n<div id=\"attachment_5642\" style=\"width: 810px\" class=\"wp-caption alignnone\"><img loading=\"lazy\" decoding=\"async\" aria-describedby=\"caption-attachment-5642\" class=\"wp-image-5642 size-full\" src=\"https:\/\/www.ac-germania.com\/A_ACG\/wordpress\/wp-content\/uploads\/2019\/11\/20191103_1.jpg\" alt=\"\" width=\"800\" height=\"466\" \/><p id=\"caption-attachment-5642\" class=\"wp-caption-text\">Foto von Sarah Kinitz zeigt &#8222;Michals Schultersieg&#8220;<\/p><\/div>\n<p>In der Gewichtsklasse bis 61 kg traf Sayed-Sajad Hussaini auf Haydar Afshar. Sajad fand keine Mittel seinen Gegner zu stoppen und kassierte folgerichtig eine Schulternierderlage. 4:6 f\u00fcr die WKG.<\/p>\n<p>Ondra Havelka konnte sein K\u00f6nnen in der Gewichtsklasse bis 98 kg nicht zeigen, da sein Gegner Sharabaddin Karimi verletzungsbedingt aufgab.<br \/>\nSomit ging es mit 8:6 f\u00fcr Artern in die Pause.<br \/>\nDiese verging wie im Flug und schon war die Arterner Jugend wieder auf der Matte. <\/p>\n<p>Nils Braunsberger und Ben Sch\u00f6neberg traten zum zweiten Nachwuchskampf an, diesen Kampf konnte Ben auf Schulter f\u00fcr sich entscheiden und holte sich den Beifall.<\/p>\n<p>Mit Tim Salzmann und Patrick Ortmann trafen zwei alte Bekannte im Limit bis 66 kg auf der Matte wieder aufeinander. Tim wusste um die St\u00e4rken seines Gegners. Konzentriert und mit Siegeswillen gestaltete er den Kampf. Verdient holte sich Tim den 7:2 Punktsieg und wichtige Mannschaftspunkte. 10:6 f\u00fcr Artern.<\/p>\n<p>Im sechsten Kampf des Abends bis 86kg bekam Christopher Brunke seinen Sieg geschenkt, da die WKG die Gewichtsklasse nicht besetzt hatte.<br \/>\nSomit stand es 14:6 f\u00fcr Artern und 3 spannende K\u00e4mpf waren noch offen.<\/p>\n<p>Los ging es mit Ibrahim Ismailov bis 71 kg gegen Omid Sayadi. Ibrahim musste sich den Techniken seines Gegners geschlagen geben und verlor den Kampf durch technische \u00dcberlegenheit von Omid. 14:10 f\u00fcr Artern.<\/p>\n<p>Jetzt wusste &#8222;Kalle&#8220;, dass er den Kampfabend sicher machen kann. Im vorletzten Kampf des Abends trafen Pascal G\u00f6bel und Nick B\u00fcchner in der Gewichtsklasse bis 80 kg aufeinander.<br \/>\n&#8222;Kalle&#8220; nutzte die Unachtsamkeiten seines Gegners geschickt und gewann den Kampf technisch \u00fcberlegen. 18:10 f\u00fcr Artern.<\/p>\n<p>Trotzdem wurden im letzten Kampf des Abends die Nerven aller Anwesenden noch mal richtig strapaziert. Hier trafen Jonas Michel und Stefan Bittmann aufeinander. Jonas fand schnell in den Kampf und wusste um die St\u00e4rken vom erfahrenen 31 Jahre \u00e4lteren Stefan Bittmann. Die erste Runde ging auf Jonas sein Konto. Der Sieg schien schon m\u00f6glich, als eine kleine Unachtsamkeit Jonas in der 2. H\u00e4lfte in die gef\u00e4hrliche Lage brachte, welche sein Gegner sicher zum Schultersieg nutzte.<br \/>\nErw\u00e4hnenswert ist, dass Sportfreund Bittmann erst k\u00fcrzlich von der Veteranen-Weltmeisterschaft zur\u00fcckkehrte und sich immer noch fit und durchtrainiert in den Dienst seiner Mannschaft stellt. <\/p>\n<p>Fans und Besucher feierten danach die guten Leistungen der einzelnen K\u00e4mpfer. Das Germanenteam gewann den Abend unter viel Applaus im Hexenkessel mit 18:14 \u00fcber die WKG Apolda\/S\u00f6mmerda.<\/p>\n<p><img loading=\"lazy\" decoding=\"async\" class=\"alignnone size-full wp-image-5651\" src=\"https:\/\/www.ac-germania.com\/A_ACG\/wordpress\/wp-content\/uploads\/2019\/11\/20191103_2.jpg\" alt=\"\" width=\"800\" height=\"665\" \/><\/p>\n<p>Ein starker Kampfabend ging gem\u00fctlich anschlie\u00dfend in der Ringerhalle zu Ende. N\u00e4chste Woche reist das ACG-Team dann zum R\u00fcckkampf nach Salzgitter.<\/p>\n","protected":false},"excerpt":{"rendered":"<p>Bericht:Gerhard G\u00fcnther und Manja Braunsdorf &nbsp; Am Samstagabend war es wieder soweit, der AC Germania Artern hatte zum Heimkampf geladen. Der 2. Kampf der R\u00fcckrunde in der Landesliga Sachsen-Anhalt zwischen dem AC Germania Artern und der WKG Apolda\/S\u00f6mmerda stand auf dem Programm. Die Halle der Germanen war durch viele Fans \u2026 <a class=\"continue-reading-link\" href=\"https:\/\/www.ac-germania.com\/?p=7082\">Weiterlesen <span class=\"meta-nav\">&rarr; <\/span><\/a><\/p>\n","protected":false},"author":97,"featured_media":7084,"comment_status":"open","ping_status":"open","sticky":false,"template":"","format":"standard","meta":{"footnotes":""},"categories":[12],"tags":[],"class_list":["post-7082","post","type-post","status-publish","format-standard","has-post-thumbnail","hentry","category-news-2019"],"_links":{"self":[{"href":"https:\/\/www.ac-germania.com\/index.php?rest_route=\/wp\/v2\/posts\/7082","targetHints":{"allow":["GET"]}}],"collection":[{"href":"https:\/\/www.ac-germania.com\/index.php?rest_route=\/wp\/v2\/posts"}],"about":[{"href":"https:\/\/www.ac-germania.com\/index.php?rest_route=\/wp\/v2\/types\/post"}],"author":[{"embeddable":true,"href":"https:\/\/www.ac-germania.com\/index.php?rest_route=\/wp\/v2\/users\/97"}],"replies":[{"embeddable":true,"href":"https:\/\/www.ac-germania.com\/index.php?rest_route=%2Fwp%2Fv2%2Fcomments&post=7082"}],"version-history":[{"count":4,"href":"https:\/\/www.ac-germania.com\/index.php?rest_route=\/wp\/v2\/posts\/7082\/revisions"}],"predecessor-version":[{"id":7088,"href":"https:\/\/www.ac-germania.com\/index.php?rest_route=\/wp\/v2\/posts\/7082\/revisions\/7088"}],"wp:featuredmedia":[{"embeddable":true,"href":"https:\/\/www.ac-germania.com\/index.php?rest_route=\/wp\/v2\/media\/7084"}],"wp:attachment":[{"href":"https:\/\/www.ac-germania.com\/index.php?rest_route=%2Fwp%2Fv2%2Fmedia&parent=7082"}],"wp:term":[{"taxonomy":"category","embeddable":true,"href":"https:\/\/www.ac-germania.com\/index.php?rest_route=%2Fwp%2Fv2%2Fcategories&post=7082"},{"taxonomy":"post_tag","embeddable":true,"href":"https:\/\/www.ac-germania.com\/index.php?rest_route=%2Fwp%2Fv2%2Ftags&post=7082"}],"curies":[{"name":"wp","href":"https:\/\/api.w.org\/{rel}","templated":true}]}}