{"id":7069,"date":"2019-10-28T06:55:39","date_gmt":"2019-10-28T05:55:39","guid":{"rendered":"https:\/\/www.ac-germania.com\/?p=7069"},"modified":"2019-10-28T06:56:00","modified_gmt":"2019-10-28T05:56:00","slug":"artern-auch-in-eisleben-siegreich","status":"publish","type":"post","link":"https:\/\/www.ac-germania.com\/?p=7069","title":{"rendered":"Artern auch in Eisleben siegreich"},"content":{"rendered":"<h5>Bericht: Andr\u00e9 G\u00fcnther &#038; Foto: Sarah Kinitz<\/h5>\n<p>&nbsp;<br \/>\nVergangenen Samstag ging die Reise f\u00fcr die Ringer des AC Germania Artern nach Eisleben zur zweiten Mannschaft des KAV Mansfelder Land. Im Vorfeld galt es f\u00fcr die Trainer die Aufstellung an die Stilart\u00e4nderung der R\u00fcckrunde anzupassen. Der ACG konnte trotz einiger Ausf\u00e4lle eine volle Mannschaft stellen und die vielen mitgereisten Fans sollten einen spannenden Ringkampf Abend erleben.<\/p>\n<p>Mehr als 100 Anh\u00e4nger f\u00fcllten bereits fr\u00fchzeitig die Eislebener Sporthalle. Dies sorgte f\u00fcr eine entsprechend gute Stimmung und laute Unterst\u00fctzung am Mattenrand. <\/p>\n<p>Milan Altenburg traf im ersten Kampf im ungewohnten griechisch-r\u00f6mischen Stil auf Erik Mehle. Milan konnte durch clevere Angriffe den Kampf trotzdem mit 12:0 f\u00fcr sich entscheiden.<br \/>\nBis 130 kg traf Christian Mehlig auf Mario Bahn. Nach einem sehenswerten Wurf ging Christian weiter nach vorn und siegte verdient technisch \u00fcberlegen.<br \/>\nBis 61 kg hatte es Sayed gegen den erfahrenen Christian Borgwardt schwer. Er lieferte eine starke erste Kampfh\u00e4lfte ab, in der jeder sehen konnte, was es hei\u00dft einen Punkt auch auszuk\u00e4mpfen. In der zweiten H\u00e4lfte musste er sich jedoch dann auf Schulter geschlagen geben.<br \/>\nJan-Erik Reinhardt half der Mannschaft dieses Mal bis 98 kg aus. Ung\u00fcnstig lief er bereits zu Beginn in einen Kopfh\u00fcftschwung von Gegner Asad Shekhe hinein, aus dem er sich nicht mehr befreien konnte und auf Schulter verlor.<br \/>\nBis 66 kg traf Tim Salzmann dann auf Alias Karam Omar. Dieser Kampf lie\u00df die Emotionen in der Halle hochkochen. Tim zeigte sich von den Kopfst\u00f6\u00dfen seines Gegners ebenso unbeeindruckt wie der Kampfrichter und gewann zur Freude vom Publikum technisch \u00fcberlegen. Zur Pause stand es damit 11:8 f\u00fcr den AC Germania Artern. <\/p>\n<p>Die zweite H\u00e4lfte l\u00e4utete Marcus Winter ein. Er rutschte an seinem Geburtstag zwei Gewichtsklassen nach oben und traf bis 86 kg auf Toni Richter. Marcus lie\u00df sich von den 10 kg Gewichtsunterschied nicht aus dem Konzept bringen und konnte Toni in einem Wurf abfangen und nach 1:22 min schultern.<br \/>\nBis 71 kg traf Ibrahim Ismailov auf Marcus Breitschuh. Ibrahim fand gegen den Eisleber Freistil-Experten nicht in den Kampf und musste sich 15:0 geschlagen geben.<br \/>\nPascal G\u00f6bel hatte anschlie\u00dfend in der Gewichtsklasse bis 80 kg Freistil mit Max Bartel keine Schwierigkeiten und siegte nach nur 53 Sekunden souver\u00e4n auf Schulter.<br \/>\nIm letzten Kampf des Abends bis 75 kg griechisch-r\u00f6misch, traf Jonas Michel auf Sebastian Schmidt. Nach kurzer Kennenlernphase im Kampf konnte Jonas seinen Kontrahenten schultern. <\/p>\n<p>Am Ende konnte der AC Germania den ersten Kampf der R\u00fcckrunde mit 23:12 f\u00fcr sich entscheiden. Nun hei\u00dft es f\u00fcr die Trainer die Protokolle des vergangenen Kampftages zu studieren und die Aufstellung so anzupassen, dass im kommenden Heimkampf gegen die WKG Apolda\/S\u00f6mmerda am 02.11.2019 ein weiterer Sieg auf das Konto der Arterner geht.<\/p>\n<p><img loading=\"lazy\" decoding=\"async\" class=\"alignnone size-full wp-image-5651\" src=\"https:\/\/www.ac-germania.com\/A_ACG\/wordpress\/wp-content\/uploads\/2019\/10\/20191026_2.jpg\" alt=\"\" width=\"800\" height=\"665\" \/><\/p>\n<p><img loading=\"lazy\" decoding=\"async\" class=\"alignnone size-full wp-image-5651\" src=\"https:\/\/www.ac-germania.com\/A_ACG\/wordpress\/wp-content\/uploads\/2019\/10\/20191026_1.jpg\" alt=\"\" width=\"800\" height=\"665\" \/><\/p>\n<p><img loading=\"lazy\" decoding=\"async\" class=\"alignnone size-full wp-image-5651\" src=\"https:\/\/www.ac-germania.com\/A_ACG\/wordpress\/wp-content\/uploads\/2019\/10\/20191026_3.jpg\" alt=\"\" width=\"800\" height=\"665\" \/><\/p>\n","protected":false},"excerpt":{"rendered":"<p>Bericht: Andr\u00e9 G\u00fcnther &#038; Foto: Sarah Kinitz &nbsp; Vergangenen Samstag ging die Reise f\u00fcr die Ringer des AC Germania Artern nach Eisleben zur zweiten Mannschaft des KAV Mansfelder Land. Im Vorfeld galt es f\u00fcr die Trainer die Aufstellung an die Stilart\u00e4nderung der R\u00fcckrunde anzupassen. Der ACG konnte trotz einiger Ausf\u00e4lle \u2026 <a class=\"continue-reading-link\" href=\"https:\/\/www.ac-germania.com\/?p=7069\">Weiterlesen <span class=\"meta-nav\">&rarr; <\/span><\/a><\/p>\n","protected":false},"author":97,"featured_media":7070,"comment_status":"open","ping_status":"open","sticky":false,"template":"","format":"standard","meta":{"footnotes":""},"categories":[12],"tags":[],"class_list":["post-7069","post","type-post","status-publish","format-standard","has-post-thumbnail","hentry","category-news-2019"],"_links":{"self":[{"href":"https:\/\/www.ac-germania.com\/index.php?rest_route=\/wp\/v2\/posts\/7069","targetHints":{"allow":["GET"]}}],"collection":[{"href":"https:\/\/www.ac-germania.com\/index.php?rest_route=\/wp\/v2\/posts"}],"about":[{"href":"https:\/\/www.ac-germania.com\/index.php?rest_route=\/wp\/v2\/types\/post"}],"author":[{"embeddable":true,"href":"https:\/\/www.ac-germania.com\/index.php?rest_route=\/wp\/v2\/users\/97"}],"replies":[{"embeddable":true,"href":"https:\/\/www.ac-germania.com\/index.php?rest_route=%2Fwp%2Fv2%2Fcomments&post=7069"}],"version-history":[{"count":2,"href":"https:\/\/www.ac-germania.com\/index.php?rest_route=\/wp\/v2\/posts\/7069\/revisions"}],"predecessor-version":[{"id":7074,"href":"https:\/\/www.ac-germania.com\/index.php?rest_route=\/wp\/v2\/posts\/7069\/revisions\/7074"}],"wp:featuredmedia":[{"embeddable":true,"href":"https:\/\/www.ac-germania.com\/index.php?rest_route=\/wp\/v2\/media\/7070"}],"wp:attachment":[{"href":"https:\/\/www.ac-germania.com\/index.php?rest_route=%2Fwp%2Fv2%2Fmedia&parent=7069"}],"wp:term":[{"taxonomy":"category","embeddable":true,"href":"https:\/\/www.ac-germania.com\/index.php?rest_route=%2Fwp%2Fv2%2Fcategories&post=7069"},{"taxonomy":"post_tag","embeddable":true,"href":"https:\/\/www.ac-germania.com\/index.php?rest_route=%2Fwp%2Fv2%2Ftags&post=7069"}],"curies":[{"name":"wp","href":"https:\/\/api.w.org\/{rel}","templated":true}]}}