{"id":7004,"date":"2019-10-01T15:26:47","date_gmt":"2019-10-01T14:26:47","guid":{"rendered":"https:\/\/www.ac-germania.com\/?p=7004"},"modified":"2019-10-01T15:26:47","modified_gmt":"2019-10-01T14:26:47","slug":"starker-kampfabend-in-apolda","status":"publish","type":"post","link":"https:\/\/www.ac-germania.com\/?p=7004","title":{"rendered":"Starker Kampfabend in Apolda"},"content":{"rendered":"<h5>Bericht: Gerhard G\u00fcnther und Manja Braunsdorf &#038; Fotos: Sarah Kinitz<\/h5>\n<p>&nbsp;<br \/>\n<strong>19:6 Ausw\u00e4rtssieg f\u00fcr Arterner Germanen<\/strong><\/p>\n<p>Nach dem guten Start in die Landesliga Sachsen \u2013 Anhalt in der vergangenen Woche ging es am 28.09.2019 f\u00fcr die Germanen vom AC zur starken Wettkampfgemeinschaft Apolda\/S\u00f6mmerda.<br \/>\nDas Trainergespann Andre G\u00fcnther und Michael Getschmann hatte die Mannschaft gegen\u00fcber dem 1. Kampfabend umgestellt, da man vom Vorjahreskampf gewarnt war. <\/p>\n<p><img loading=\"lazy\" decoding=\"async\" class=\"alignnone size-full wp-image-5651\" src=\"https:\/\/www.ac-germania.com\/A_ACG\/wordpress\/wp-content\/uploads\/2019\/10\/20190930_1.jpg\" alt=\"\" width=\"800\" height=\"665\" \/><\/p>\n<p>Nach dem Wiegen ging es in die Kabine zur Mannschaftsbesprechung. Die WKG Apolda\/S\u00f6mmerda hatte ihre Teamaufstellung ebenfalls ver\u00e4ndert und somit stand f\u00fcr beide Mannschaften fest, dass es ein durchaus spannender Wettkampfabend werden kann.<\/p>\n<p>Zur Freude der Mannschaft standen ihr die zahlreich mitgereisten Fans des ACG zur Seite. Und schon erklang der erste Pfiff des Abends auf der Matte im Apoldaer Sportzentrum.<\/p>\n<p>Neuzugang Milan Altenburg rang zum ersten Mal in den Farben des ACG. Nach spannenden 6 Minuten Kampfgeschehen in der Gewichtsklasse bis 57 kg konnte er seinen Gegner Schalawdi Sokujew mit 9:1 besiegen und holte die ersten 3 Mannschaftspunkte f\u00fcr Artern.<br \/>\nMichal Pietrzak stellte sich mit nur 86,5 kg eigenem K\u00f6rpergewicht wieder im h\u00f6chsten Limit bis 130 kg in den Dienst der Mannschaft. Sein Gegner Hagen Steinh\u00e4user hatte das Limit mit 127,4 kg fast ausgesch\u00f6pft. Michal rang sehr konzentriert und machte nach 3:36 Min den Sieg durch technische \u00dcberlegenheit souver\u00e4n perfekt. Weitere 4 Punkte gingen damit auf das Arterner Konto.<br \/>\nKapit\u00e4n Tim Salzmann rang in der Gewichtsklasse bis 61 kg gegen den starken Haydar Afshar. Beide Sportler schenkten sich nichts auf die Matte und der Kampf wurde kr\u00e4ftig durch unsere Fans angefeuert. Zum Kampfende stand es 3:4 gegen Tim, der seinem Gegner damit nach einem harten Kampf nur einen Mannschaftspunkt abgab.<br \/>\nIm vierten Kampf des Abends konnte Neuzugang Ondra Havelka in der Gewichtsklassen bis 98 kg gegen Christopher Marx endlich den Arterner Fans sein K\u00f6nnen zeigen. Erstmalig stand er f\u00fcr Artern auf der Matte. Nach nur 2:10 Min endete der Kampf mit technische \u00dcberlegenheit verdient mit einem Sieg f\u00fcr Ondra.<\/p>\n<p><img loading=\"lazy\" decoding=\"async\" class=\"alignnone size-full wp-image-5651\" src=\"https:\/\/www.ac-germania.com\/A_ACG\/wordpress\/wp-content\/uploads\/2019\/10\/20190930_5_Ondra.jpg\" alt=\"\" width=\"800\" height=\"665\" \/><\/p>\n<p>Mit einem Punktestand von 1:11 gingen beide Mannschaften damit in die Wettkampfpause. Durchaus eine \u00dcberraschung.<\/p>\n<p>Nach der Pause musste Hasam Sherzad in der Gewichtsklasse bis 66 kg gegen Ramsan Sokujew ran. Beide K\u00e4mpfer rangen sehr konzentriert und die K\u00e4mpfer mussten \u00fcber die volle Zeit. Nach technischen Wertungen f\u00fcr beide Seiten endete der Kampf 8:8. Der Mannschaftspunkt verblieb dann aber aufgrund der h\u00f6heren Wertung bei Sportfreund Sokujew und der WKG.<br \/>\nSpannend ging es weiter. Pascal G\u00f6bel traf in der Gewichtsklasse bis 86 kg auf Nick B\u00fcchner. Nach anf\u00e4nglichem Abtasten rang &#8222;Kalle&#8220; mit guten Aktionen \u00fcber die Zeit. Er beendete den Kampf  mit 9:1 f\u00fcr sich und holte weitere 3 Punkte nach Artern.<br \/>\nIn der Gewichtsklasse bis 71 kg gingen die 4 Punkte kampflos zur WKG und an Omid Sayadi, da unser Sportfreund Andre G\u00fcnther arbeitsbedingt nicht zur Verf\u00fcgung stand. Damit stand es vor den letzten beiden K\u00e4mpfen 14:6 f\u00fcr Artern.<br \/>\nChristopher Brunke k\u00e4mpfte  in der Gewichtsklasse bis 80 kg gegen Moritz Wagenknecht. Beiden Sportlern war klar, was auf dem Spiel steht. Christopher wusste, dass er den Mannschaftserfolg bereits sicher machen konnte. Letztlich hatte er die besseren Nerven und punktete gegen seinen Rivalen. Er gewann verdient mit 8:2. Die Freude bei den Fans war gro\u00df. <\/p>\n<p><img loading=\"lazy\" decoding=\"async\" class=\"alignnone size-full wp-image-5651\" src=\"https:\/\/www.ac-germania.com\/A_ACG\/wordpress\/wp-content\/uploads\/2019\/10\/20190930_4_Christopher.jpg\" alt=\"\" width=\"800\" height=\"665\" \/><\/p>\n<p>Im letzten Kampf des Abends trafen in der Gewichtsklasse bis 75 kg unser 17j\u00e4hriger Neuzugang Ibrahim Ismailov und der kampferfahrenen Stefan Bittmann aufeinander. Ibrahim erk\u00e4mpfte sich beherzt Punkt f\u00fcr Punkt und zeigte keine Furcht vor seinem 32 Jahre \u00e4lteren Gegner. Das Duell endete mit 12:2 f\u00fcr Ibrahim und mit 3 weiteren Mannschaftspunkten siegreich f\u00fcr Artern.<\/p>\n<p><img loading=\"lazy\" decoding=\"async\" class=\"alignnone size-full wp-image-5651\" src=\"https:\/\/www.ac-germania.com\/A_ACG\/wordpress\/wp-content\/uploads\/2019\/10\/20190930_2_Ismailov.jpg\" alt=\"\" width=\"800\" height=\"665\" \/><\/p>\n<p><img loading=\"lazy\" decoding=\"async\" class=\"alignnone size-full wp-image-5651\" src=\"https:\/\/www.ac-germania.com\/A_ACG\/wordpress\/wp-content\/uploads\/2019\/10\/20190930_3_Ibrahim.jpg\" alt=\"\" width=\"800\" height=\"665\" \/><\/p>\n<p>Betreuer und Fans feierten den starken Siegeswillen der K\u00e4mpfer und den 2. Mannschaftssieg. <\/p>\n<p>Mit 2 Siegen im R\u00fccken geht es schon am n\u00e4chsten Samstag  in heimischer Halle um 19:30 Uhr weiter.<br \/>\nZum 3. Kampfabend der Vorrunde erwartet der AC Germania den Vorjahreszweiten aus Salzgitter. Keinesfalls ein leichter Gegner!<br \/>\nAuch hier sind wieder spannende K\u00e4mpfe zu erwarten.<\/p>\n<p><em><strong>AC AC AC!!!<\/strong><\/em><\/p>\n","protected":false},"excerpt":{"rendered":"<p>Bericht: Gerhard G\u00fcnther und Manja Braunsdorf &#038; Fotos: Sarah Kinitz &nbsp; 19:6 Ausw\u00e4rtssieg f\u00fcr Arterner Germanen Nach dem guten Start in die Landesliga Sachsen \u2013 Anhalt in der vergangenen Woche ging es am 28.09.2019 f\u00fcr die Germanen vom AC zur starken Wettkampfgemeinschaft Apolda\/S\u00f6mmerda. Das Trainergespann Andre G\u00fcnther und Michael Getschmann \u2026 <a class=\"continue-reading-link\" href=\"https:\/\/www.ac-germania.com\/?p=7004\">Weiterlesen <span class=\"meta-nav\">&rarr; <\/span><\/a><\/p>\n","protected":false},"author":97,"featured_media":7009,"comment_status":"open","ping_status":"open","sticky":false,"template":"","format":"standard","meta":{"footnotes":""},"categories":[12],"tags":[],"class_list":["post-7004","post","type-post","status-publish","format-standard","has-post-thumbnail","hentry","category-news-2019"],"_links":{"self":[{"href":"https:\/\/www.ac-germania.com\/index.php?rest_route=\/wp\/v2\/posts\/7004","targetHints":{"allow":["GET"]}}],"collection":[{"href":"https:\/\/www.ac-germania.com\/index.php?rest_route=\/wp\/v2\/posts"}],"about":[{"href":"https:\/\/www.ac-germania.com\/index.php?rest_route=\/wp\/v2\/types\/post"}],"author":[{"embeddable":true,"href":"https:\/\/www.ac-germania.com\/index.php?rest_route=\/wp\/v2\/users\/97"}],"replies":[{"embeddable":true,"href":"https:\/\/www.ac-germania.com\/index.php?rest_route=%2Fwp%2Fv2%2Fcomments&post=7004"}],"version-history":[{"count":6,"href":"https:\/\/www.ac-germania.com\/index.php?rest_route=\/wp\/v2\/posts\/7004\/revisions"}],"predecessor-version":[{"id":7017,"href":"https:\/\/www.ac-germania.com\/index.php?rest_route=\/wp\/v2\/posts\/7004\/revisions\/7017"}],"wp:featuredmedia":[{"embeddable":true,"href":"https:\/\/www.ac-germania.com\/index.php?rest_route=\/wp\/v2\/media\/7009"}],"wp:attachment":[{"href":"https:\/\/www.ac-germania.com\/index.php?rest_route=%2Fwp%2Fv2%2Fmedia&parent=7004"}],"wp:term":[{"taxonomy":"category","embeddable":true,"href":"https:\/\/www.ac-germania.com\/index.php?rest_route=%2Fwp%2Fv2%2Fcategories&post=7004"},{"taxonomy":"post_tag","embeddable":true,"href":"https:\/\/www.ac-germania.com\/index.php?rest_route=%2Fwp%2Fv2%2Ftags&post=7004"}],"curies":[{"name":"wp","href":"https:\/\/api.w.org\/{rel}","templated":true}]}}