{"id":6980,"date":"2019-09-24T16:47:47","date_gmt":"2019-09-24T15:47:47","guid":{"rendered":"https:\/\/www.ac-germania.com\/?p=6980"},"modified":"2019-09-24T16:47:47","modified_gmt":"2019-09-24T15:47:47","slug":"gelungener-saisonauftakt-fuer-den-ac-germania-artern","status":"publish","type":"post","link":"https:\/\/www.ac-germania.com\/?p=6980","title":{"rendered":"Gelungener Saisonauftakt f\u00fcr den AC Germania Artern"},"content":{"rendered":"<h5>Bericht: Andre G\u00fcnther  &#038;  Fotos: Manja Braunsdorf<\/h5>\n<p>Am vergangenen Samstag ging die Ringersaison f\u00fcr die Arterner endlich wieder los. Die Unstruthalle war sehr gut gef\u00fcllt und so konnte die Partie gegen den KAV Mansfelder Land II beginnen.<\/p>\n<p>Eingel\u00e4utet wurde der Kampftag durch einen Vorkampf des AC Germania Nachwuchses.<br \/>\nNoi Getschmann und Jack Eisenhardt zeigten in einem spannenden Kampf ihr K\u00f6nnen, sodass die Zuschauer bereits auf die folgenden neun Ligak\u00e4mpfe eingestimmt wurden.<\/p>\n<div id=\"attachment_5642\" style=\"width: 810px\" class=\"wp-caption alignnone\"><img loading=\"lazy\" decoding=\"async\" aria-describedby=\"caption-attachment-5642\" class=\"wp-image-5642 size-full\" src=\"https:\/\/www.ac-germania.com\/A_ACG\/wordpress\/wp-content\/uploads\/2019\/09\/20190921_2.jpg\" alt=\"\" width=\"800\" height=\"466\" \/><p id=\"caption-attachment-5642\" class=\"wp-caption-text\">Vorkampf Jack (blau) gegen Noi (rot)<\/p><\/div>\n<p>Neuzugang Sayad-Sajed Hussaini startete gut in den Kampf gegen den Eislebener Erik Mehle, tat sich aber dann schwer gegen den erfahreneren Sportler weiter zu Punkten. Nach einer kurzen Pausenansprache konnte er dann den Kampf technisch \u00fcberlegen gewinnen. <\/p>\n<p>Bis 130 kg musste Paul Steingr\u00e4ber es mit Emil Thiele aufnehmen. Paul konnte gegen den jungen Athleten nicht in den Kampf finden und musste sich 16:0 geschlagen geben. <\/p>\n<p>Tim Salzmann kochte vorm Kampf ordentlich ab, sodass er f\u00fcr die Mannschaft in der Gewichtsklasse bis 61 kg starten konnte. Ein beherzter Kopfh\u00fcftschwung, wenn auch erst im zweiten Versuch, sicherte ihm einen Schultersieg \u00fcber Christian Borgwardt und dem Team weitere vier Punkte. <\/p>\n<div id=\"attachment_5642\" style=\"width: 810px\" class=\"wp-caption alignnone\"><img loading=\"lazy\" decoding=\"async\" aria-describedby=\"caption-attachment-5642\" class=\"wp-image-5642 size-full\" src=\"https:\/\/www.ac-germania.com\/A_ACG\/wordpress\/wp-content\/uploads\/2019\/09\/20190921_3.jpg\" alt=\"\" width=\"800\" height=\"466\" \/><p id=\"caption-attachment-5642\" class=\"wp-caption-text\">Tim Salzmann (rot)<\/p><\/div>\n<p>Christian Mehlig hatte ebenfalls einige Kilos hinter sich gelassen und konnte in der Gewichtsklasse bis 98 kg \u00fcberzeugen. Er bezwang Asad Shekhe nach nur 1:48 min technisch \u00fcberlegen.<br \/>\nDen letzten Kampf vor der Pause bestritt Hasam Sherzad gegen Alias Kavam Omar. Nach einem guten Start tat auch Hasam sich schwer. Am Ende konnte er jedoch mit 21:6 Punkten den Kampf f\u00fcr sich entscheiden.<\/p>\n<div id=\"attachment_5642\" style=\"width: 810px\" class=\"wp-caption alignnone\"><img loading=\"lazy\" decoding=\"async\" aria-describedby=\"caption-attachment-5642\" class=\"wp-image-5642 size-full\" src=\"https:\/\/www.ac-germania.com\/A_ACG\/wordpress\/wp-content\/uploads\/2019\/09\/20190921_4.jpg\" alt=\"\" width=\"800\" height=\"466\" \/><p id=\"caption-attachment-5642\" class=\"wp-caption-text\">Hasam Sherzad (rot)<\/p><\/div>\n<p>So stand es bereits zur Halbzeit 16:4 f\u00fcr den AC.<\/p>\n<p>Die zweite Halbzeit wurde ebenfalls durch einen Vorkampf zwischen Anton Killat und Simon Stenzel vom SV Sonderhausen geb\u00fchrend er\u00f6ffnet.<br \/>\nPascal G\u00f6bel rutschte zwei Gewichtsklassen nach oben und traf bis 86 kg auf Tital Geloyan. Nach schwerf\u00e4lligen drei Minuten konnte \u201eKalle\u201c zu seiner alten Form zur\u00fcckfinden und punktete durch saubere Angriffe. Am Ende stand es 11:1 f\u00fcr ihn. Da der Sportfreund aus Eisleben jedoch \u00dcbergewicht hatte, gingen weitere vier Z\u00e4hler auf das Arterner Punktekonto. <\/p>\n<p>Bis 71 kg traf Trainer Andr\u00e9 G\u00fcnther mit Marcus Breitschuh auf einen alten Bekannten. \u201eG\u00fcnne\u201c wurde sehr zeitig im Kampf durch den Bundesliga erfahrenen Breitschuh mehrfach gerollt, sodass es schnell 10:0 gegen ihn stand. Durch eine saubere Schleuder konnte er zur Halbzeit auf 10:4 verk\u00fcrzen. Am Ende verlor Andr\u00e9 den Kampf mit 14:4 Punkten und erreichte somit sein Ziel keine vier Punkte abzugeben. <\/p>\n<p>Im Kampf bis 80 kg traf Christopher Brunke auf Shirin Hajoyan. Nach spannenden sechs Minuten konnte Christopher den Kampf mit 3:1 f\u00fcr sich entscheiden.<\/p>\n<p>Im letzten Kampf des Abends traf Ibrahim Ismailov auf seinen Trainingspartner Max Bartel. \u201eDadei\u201c k\u00e4mpfte er clever und punktete durch saubere Aktionen und permanentes nach vorn gehen. Nach 5:21 min entschied er den Kampf technisch \u00fcberlegen ebenfalls f\u00fcr sich. <\/p>\n<p>Am Ende stand es 25:7 f\u00fcr den AC Germania Artern. Trainer, Fans und Neuzug\u00e4nge zeigten sich sehr zufrieden mit der gezeigten Leistung. Nun hei\u00dft es Kr\u00e4fte sammeln, um kommenden Samstag gegen die WKG Apolda\/S\u00f6mmerda ebenfalls zu Punkten.<\/p>\n<p><img loading=\"lazy\" decoding=\"async\" class=\"alignnone size-full wp-image-5651\" src=\"https:\/\/www.ac-germania.com\/A_ACG\/wordpress\/wp-content\/uploads\/2019\/09\/20190921_1.jpg\" alt=\"\" width=\"800\" height=\"665\" \/><\/p>\n<p><strong><em>Der Ausw\u00e4rtskampf wird am 28.09.2019 in der Ernst-Homann Str. 2 in Apolda um 18:00 Uhr ausgetragen. Die Mannschaft braucht eure Unterst\u00fctzung!<\/em><\/strong><\/p>\n","protected":false},"excerpt":{"rendered":"<p>Bericht: Andre G\u00fcnther &#038; Fotos: Manja Braunsdorf Am vergangenen Samstag ging die Ringersaison f\u00fcr die Arterner endlich wieder los. Die Unstruthalle war sehr gut gef\u00fcllt und so konnte die Partie gegen den KAV Mansfelder Land II beginnen. Eingel\u00e4utet wurde der Kampftag durch einen Vorkampf des AC Germania Nachwuchses. Noi Getschmann \u2026 <a class=\"continue-reading-link\" href=\"https:\/\/www.ac-germania.com\/?p=6980\">Weiterlesen <span class=\"meta-nav\">&rarr; <\/span><\/a><\/p>\n","protected":false},"author":97,"featured_media":6984,"comment_status":"open","ping_status":"open","sticky":false,"template":"","format":"standard","meta":{"footnotes":""},"categories":[12],"tags":[],"class_list":["post-6980","post","type-post","status-publish","format-standard","has-post-thumbnail","hentry","category-news-2019"],"_links":{"self":[{"href":"https:\/\/www.ac-germania.com\/index.php?rest_route=\/wp\/v2\/posts\/6980","targetHints":{"allow":["GET"]}}],"collection":[{"href":"https:\/\/www.ac-germania.com\/index.php?rest_route=\/wp\/v2\/posts"}],"about":[{"href":"https:\/\/www.ac-germania.com\/index.php?rest_route=\/wp\/v2\/types\/post"}],"author":[{"embeddable":true,"href":"https:\/\/www.ac-germania.com\/index.php?rest_route=\/wp\/v2\/users\/97"}],"replies":[{"embeddable":true,"href":"https:\/\/www.ac-germania.com\/index.php?rest_route=%2Fwp%2Fv2%2Fcomments&post=6980"}],"version-history":[{"count":6,"href":"https:\/\/www.ac-germania.com\/index.php?rest_route=\/wp\/v2\/posts\/6980\/revisions"}],"predecessor-version":[{"id":6990,"href":"https:\/\/www.ac-germania.com\/index.php?rest_route=\/wp\/v2\/posts\/6980\/revisions\/6990"}],"wp:featuredmedia":[{"embeddable":true,"href":"https:\/\/www.ac-germania.com\/index.php?rest_route=\/wp\/v2\/media\/6984"}],"wp:attachment":[{"href":"https:\/\/www.ac-germania.com\/index.php?rest_route=%2Fwp%2Fv2%2Fmedia&parent=6980"}],"wp:term":[{"taxonomy":"category","embeddable":true,"href":"https:\/\/www.ac-germania.com\/index.php?rest_route=%2Fwp%2Fv2%2Fcategories&post=6980"},{"taxonomy":"post_tag","embeddable":true,"href":"https:\/\/www.ac-germania.com\/index.php?rest_route=%2Fwp%2Fv2%2Ftags&post=6980"}],"curies":[{"name":"wp","href":"https:\/\/api.w.org\/{rel}","templated":true}]}}