{"id":6971,"date":"2019-09-20T16:29:46","date_gmt":"2019-09-20T15:29:46","guid":{"rendered":"https:\/\/www.ac-germania.com\/?p=6971"},"modified":"2019-09-20T16:29:46","modified_gmt":"2019-09-20T15:29:46","slug":"wir-sind-startklar-wir-hoffen-ihr-seid-es-auch","status":"publish","type":"post","link":"https:\/\/www.ac-germania.com\/?p=6971","title":{"rendered":"Wir sind startklar, wir hoffen ihr seid es auch!"},"content":{"rendered":"<p><strong>SAVE THE DATE<\/strong> &#x1f49a;<br \/>\n<strong>21.09.2019, 19:30 Uhr <\/strong>&#x1f49b;<\/p>\n<p>Die Wettkampfhalle ist durch flei\u00dfige H\u00e4nde hergerichtet, die Mannschaft steht in den Startl\u00f6chern. Die letzten Tage und Wochen standen beim AC Germania im Zeichen der Saisonvorbereitung! Am Samstag geht es nun endlich los!!!<\/p>\n<p><img loading=\"lazy\" decoding=\"async\" class=\"alignnone size-full wp-image-5651\" src=\"https:\/\/www.ac-germania.com\/A_ACG\/wordpress\/wp-content\/uploads\/2019\/09\/20190920_1.jpg\" alt=\"\" width=\"800\" height=\"665\" \/><\/p>\n<p><img loading=\"lazy\" decoding=\"async\" class=\"alignnone size-full wp-image-5651\" src=\"https:\/\/www.ac-germania.com\/A_ACG\/wordpress\/wp-content\/uploads\/2019\/09\/20190920_2.jpg\" alt=\"\" width=\"800\" height=\"665\" \/><\/p>\n<p><img loading=\"lazy\" decoding=\"async\" class=\"alignnone size-full wp-image-5651\" src=\"https:\/\/www.ac-germania.com\/A_ACG\/wordpress\/wp-content\/uploads\/2019\/09\/20190920_3.jpg\" alt=\"\" width=\"800\" height=\"665\" \/><\/p>\n<p>Gegner zum Auftakt in der heimischen Turnhalle ist die Landesligamannschaft des KAV Mansfelder Land.<br \/>\nDie Ziele f\u00fcr die Saison wurden durch das Trainergespann gesteckt und bereits am Samstag gilt es hierf\u00fcr gegen die, nicht zu untersch\u00e4tzenden, Eisleber zu punkten! Die Mansfelder sind gut aufgestellt und wollen sicher in diesem Jahr weiter oben mitmischen.<br \/>\nWir sind also auf eure Unterst\u00fctzung angewiesen und m\u00fcssen das Beste geben! <\/p>\n<p>Wir freuen uns auf die neue Saison und das Wiedersehen mit Sportfreunden und unseren Zuschauern! <\/p>\n<p><strong>Auf geht&#8217;s M\u00e4nner und Fanblock!<br \/>\nAC, AC,AC!<\/strong><\/p>\n<p><img loading=\"lazy\" decoding=\"async\" class=\"alignnone size-full wp-image-5651\" src=\"https:\/\/www.ac-germania.com\/A_ACG\/wordpress\/wp-content\/uploads\/2019\/09\/20190920_4.jpg\" alt=\"\" width=\"800\" height=\"665\" \/><\/p>\n","protected":false},"excerpt":{"rendered":"<p>SAVE THE DATE &#x1f49a; 21.09.2019, 19:30 Uhr &#x1f49b; Die Wettkampfhalle ist durch flei\u00dfige H\u00e4nde hergerichtet, die Mannschaft steht in den Startl\u00f6chern. Die letzten Tage und Wochen standen beim AC Germania im Zeichen der Saisonvorbereitung! Am Samstag geht es nun endlich los!!! Gegner zum Auftakt in der heimischen Turnhalle ist die \u2026 <a class=\"continue-reading-link\" href=\"https:\/\/www.ac-germania.com\/?p=6971\">Weiterlesen <span class=\"meta-nav\">&rarr; <\/span><\/a><\/p>\n","protected":false},"author":97,"featured_media":6972,"comment_status":"open","ping_status":"open","sticky":false,"template":"","format":"standard","meta":{"footnotes":""},"categories":[12],"tags":[],"class_list":["post-6971","post","type-post","status-publish","format-standard","has-post-thumbnail","hentry","category-news-2019"],"_links":{"self":[{"href":"https:\/\/www.ac-germania.com\/index.php?rest_route=\/wp\/v2\/posts\/6971","targetHints":{"allow":["GET"]}}],"collection":[{"href":"https:\/\/www.ac-germania.com\/index.php?rest_route=\/wp\/v2\/posts"}],"about":[{"href":"https:\/\/www.ac-germania.com\/index.php?rest_route=\/wp\/v2\/types\/post"}],"author":[{"embeddable":true,"href":"https:\/\/www.ac-germania.com\/index.php?rest_route=\/wp\/v2\/users\/97"}],"replies":[{"embeddable":true,"href":"https:\/\/www.ac-germania.com\/index.php?rest_route=%2Fwp%2Fv2%2Fcomments&post=6971"}],"version-history":[{"count":1,"href":"https:\/\/www.ac-germania.com\/index.php?rest_route=\/wp\/v2\/posts\/6971\/revisions"}],"predecessor-version":[{"id":6976,"href":"https:\/\/www.ac-germania.com\/index.php?rest_route=\/wp\/v2\/posts\/6971\/revisions\/6976"}],"wp:featuredmedia":[{"embeddable":true,"href":"https:\/\/www.ac-germania.com\/index.php?rest_route=\/wp\/v2\/media\/6972"}],"wp:attachment":[{"href":"https:\/\/www.ac-germania.com\/index.php?rest_route=%2Fwp%2Fv2%2Fmedia&parent=6971"}],"wp:term":[{"taxonomy":"category","embeddable":true,"href":"https:\/\/www.ac-germania.com\/index.php?rest_route=%2Fwp%2Fv2%2Fcategories&post=6971"},{"taxonomy":"post_tag","embeddable":true,"href":"https:\/\/www.ac-germania.com\/index.php?rest_route=%2Fwp%2Fv2%2Ftags&post=6971"}],"curies":[{"name":"wp","href":"https:\/\/api.w.org\/{rel}","templated":true}]}}