{"id":6898,"date":"2019-08-17T09:51:50","date_gmt":"2019-08-17T08:51:50","guid":{"rendered":"https:\/\/www.ac-germania.com\/?p=6898"},"modified":"2019-08-17T10:08:57","modified_gmt":"2019-08-17T09:08:57","slug":"letztes-trainingslager-vor-der-saison-2019","status":"publish","type":"post","link":"https:\/\/www.ac-germania.com\/?p=6898","title":{"rendered":"Letztes Trainingslager vor der Saison 2019"},"content":{"rendered":"<h5>Bericht: Andr\u00e9 G\u00fcnther<\/h5>\n<p>Am Wochenende um den 10.08.2019 fand beim AC-Germania Artern das letzte Trainingslager in Vorbereitung auf die Saison 2019 statt. <\/p>\n<p>Neben Team-Building Ma\u00dfnahmen, um die sieben (ja richtig SIEBEN) neuen Ringer in das bestehende Team zu integrieren stand vor allem eins auf dem Programm: ringen, ringen und nochmal ringen.<br \/>\nNeben den aktiven Sportlern ist es immer wieder sch\u00f6n zu sehen, dass auch \u201eehemalige\u201c Mannschaftsringer wie Steve Brylla oder Tim Walther, ebenso wie Ringer anderer Vereine wie Dominik Klann zu den Trainingslagern erscheinen um ihre Erfahrungen und ihr Wissen mit den Arternern zu teilen.<\/p>\n<p><img loading=\"lazy\" decoding=\"async\" class=\"alignnone size-full wp-image-5651\" src=\"https:\/\/www.ac-germania.com\/A_ACG\/wordpress\/wp-content\/uploads\/2019\/08\/20190810_1.jpg\" alt=\"\" width=\"800\" height=\"665\" \/><\/p>\n<p><img loading=\"lazy\" decoding=\"async\" class=\"alignnone size-full wp-image-5651\" src=\"https:\/\/www.ac-germania.com\/A_ACG\/wordpress\/wp-content\/uploads\/2019\/08\/20190810_2.jpg\" alt=\"\" width=\"800\" height=\"665\" \/><\/p>\n<p><img loading=\"lazy\" decoding=\"async\" class=\"alignnone size-full wp-image-5651\" src=\"https:\/\/www.ac-germania.com\/A_ACG\/wordpress\/wp-content\/uploads\/2019\/08\/20190810_3.jpg\" alt=\"\" width=\"800\" height=\"665\" \/><\/p>\n<p><img loading=\"lazy\" decoding=\"async\" class=\"alignnone size-full wp-image-5651\" src=\"https:\/\/www.ac-germania.com\/A_ACG\/wordpress\/wp-content\/uploads\/2019\/08\/20190810_4.jpg\" alt=\"\" width=\"800\" height=\"665\" \/><\/p>\n<p><img loading=\"lazy\" decoding=\"async\" class=\"alignnone size-full wp-image-5651\" src=\"https:\/\/www.ac-germania.com\/A_ACG\/wordpress\/wp-content\/uploads\/2019\/08\/20190810_5.jpg\" alt=\"\" width=\"800\" height=\"665\" \/><\/p>\n<p>Die Landesliga Sachsen-Anhalt startet offiziell am 07.09.2019. Die Athleten vom ACG greifen am 21.09.2019 vor heimischem Publikum gegen die Sportfreunde aus Eisleben in das Ligageschehen ein. <\/p>\n<p>Es wird von Seiten der Trainer, wie auch der Sportler ganz klar ein Podiumsplatz anvisiert. Dies wird bereits in der Gruppenphase mit Gegnern, wie dem Vorjahressieger MSV 90 Magdeburg, dem Sieger von 2017 Hennigsdorfer RV, dem Zweitplazierten von 2018 KG Salzgitter, dem Drittplazierten von 2018 WKG Apolda\/S\u00f6mmerda und dem starken und vor allem umfangreichen Kader des KAV Mansfelder Land kein leichtes Unterfangen.<\/p>\n<p>Die Fans k\u00f6nnen sich also auf packende K\u00e4mpfe in dieser b\u00e4renstark besetzten Saison freuen.<\/p>\n<p>Alle Neuzug\u00e4nge werden in den N\u00e4chsten Wochen auf der Homepage: ac-germania.com mit einem kurzen Steckbrief und Portrait vorgestellt.<\/p>\n<p><em><strong>Bis dahin schont eure Stimmen, wir sind auf EURE Unterst\u00fctzung angewiesen.<br \/>\nAC AC AC<\/strong><\/em><\/p>\n","protected":false},"excerpt":{"rendered":"<p>Bericht: Andr\u00e9 G\u00fcnther Am Wochenende um den 10.08.2019 fand beim AC-Germania Artern das letzte Trainingslager in Vorbereitung auf die Saison 2019 statt. Neben Team-Building Ma\u00dfnahmen, um die sieben (ja richtig SIEBEN) neuen Ringer in das bestehende Team zu integrieren stand vor allem eins auf dem Programm: ringen, ringen und nochmal \u2026 <a class=\"continue-reading-link\" href=\"https:\/\/www.ac-germania.com\/?p=6898\">Weiterlesen <span class=\"meta-nav\">&rarr; <\/span><\/a><\/p>\n","protected":false},"author":97,"featured_media":6899,"comment_status":"open","ping_status":"open","sticky":false,"template":"","format":"standard","meta":{"footnotes":""},"categories":[12],"tags":[],"class_list":["post-6898","post","type-post","status-publish","format-standard","has-post-thumbnail","hentry","category-news-2019"],"_links":{"self":[{"href":"https:\/\/www.ac-germania.com\/index.php?rest_route=\/wp\/v2\/posts\/6898","targetHints":{"allow":["GET"]}}],"collection":[{"href":"https:\/\/www.ac-germania.com\/index.php?rest_route=\/wp\/v2\/posts"}],"about":[{"href":"https:\/\/www.ac-germania.com\/index.php?rest_route=\/wp\/v2\/types\/post"}],"author":[{"embeddable":true,"href":"https:\/\/www.ac-germania.com\/index.php?rest_route=\/wp\/v2\/users\/97"}],"replies":[{"embeddable":true,"href":"https:\/\/www.ac-germania.com\/index.php?rest_route=%2Fwp%2Fv2%2Fcomments&post=6898"}],"version-history":[{"count":4,"href":"https:\/\/www.ac-germania.com\/index.php?rest_route=\/wp\/v2\/posts\/6898\/revisions"}],"predecessor-version":[{"id":6907,"href":"https:\/\/www.ac-germania.com\/index.php?rest_route=\/wp\/v2\/posts\/6898\/revisions\/6907"}],"wp:featuredmedia":[{"embeddable":true,"href":"https:\/\/www.ac-germania.com\/index.php?rest_route=\/wp\/v2\/media\/6899"}],"wp:attachment":[{"href":"https:\/\/www.ac-germania.com\/index.php?rest_route=%2Fwp%2Fv2%2Fmedia&parent=6898"}],"wp:term":[{"taxonomy":"category","embeddable":true,"href":"https:\/\/www.ac-germania.com\/index.php?rest_route=%2Fwp%2Fv2%2Fcategories&post=6898"},{"taxonomy":"post_tag","embeddable":true,"href":"https:\/\/www.ac-germania.com\/index.php?rest_route=%2Fwp%2Fv2%2Ftags&post=6898"}],"curies":[{"name":"wp","href":"https:\/\/api.w.org\/{rel}","templated":true}]}}