{"id":6836,"date":"2019-06-27T15:30:28","date_gmt":"2019-06-27T14:30:28","guid":{"rendered":"https:\/\/www.ac-germania.com\/?p=6836"},"modified":"2019-06-27T15:30:28","modified_gmt":"2019-06-27T14:30:28","slug":"gemeinsames-trainingslager-mit-alten-und-neuen-freunden","status":"publish","type":"post","link":"https:\/\/www.ac-germania.com\/?p=6836","title":{"rendered":"Gemeinsames Trainingslager mit alten und neuen Freunden"},"content":{"rendered":"<h5>Bericht: Andr\u00e9 G\u00fcnther<\/h5>\n<p>Am Wochenende um den 14. &#8211; 16.06.2019 trafen sich erneut die Ringer des AC-Germania Artern e.V. zum gemeinsamen Trainingslager. Mit dabei waren neben ehemaligen Arternern, wie Jan Zizka, auch fast alle Neuzug\u00e4nge des Vereins und drei Sportler aus Arterns Nachwuchsbereich. So kam es, dass sich am Samstag ganze 21 Sportler auf der Arterner Matte befanden.<\/p>\n<p><img loading=\"lazy\" decoding=\"async\" class=\"alignnone size-full wp-image-5651\" src=\"https:\/\/www.ac-germania.com\/A_ACG\/wordpress\/wp-content\/uploads\/2019\/06\/20190615_3.jpg\" alt=\"\" width=\"800\" height=\"665\" \/><\/p>\n<p><img loading=\"lazy\" decoding=\"async\" class=\"alignnone size-full wp-image-5651\" src=\"https:\/\/www.ac-germania.com\/A_ACG\/wordpress\/wp-content\/uploads\/2019\/06\/20190615_4.jpg\" alt=\"\" width=\"800\" height=\"665\" \/><\/p>\n<p>Nach einer knackigen Freitagabend Einheit ging es Samstag direkt mit Ausdauereinheiten im Bereich Kraft weiter, sodass gegen Samstagmittag alle Sportler ihren \u201eSoll\u201c erf\u00fcllt hatten.<\/p>\n<p><img loading=\"lazy\" decoding=\"async\" class=\"alignnone size-full wp-image-5651\" src=\"https:\/\/www.ac-germania.com\/A_ACG\/wordpress\/wp-content\/uploads\/2019\/06\/20190615_2.jpg\" alt=\"\" width=\"800\" height=\"665\" \/><\/p>\n<p>Am 15.06.2019 veranstaltete der Arterner Verein Wir f\u00fcr Artern e.V. ein Benefizschwimmen, bei dem ein Sonnensegel f\u00fcr das Kinderbecken erschwommen werden sollte. Daran wollte sich der AC Germania nat\u00fcrlich auch beteiligen. Somit ging es f\u00fcr die Ringer Samstagnachmittag in das Soleschwimmbad Artern. Gesponsert von der Firma Kyffh\u00e4user Pumpen Artern GmbH erschwommen die Ringer insgesamt 510 Bahnen, was zu einer Spende von 278\u20ac (Bahnen inklusive Startgeb\u00fchr) durch die Firma KPA f\u00fchrte.  <\/p>\n<p><img loading=\"lazy\" decoding=\"async\" class=\"alignnone size-full wp-image-5651\" src=\"https:\/\/www.ac-germania.com\/A_ACG\/wordpress\/wp-content\/uploads\/2019\/06\/20190615_1.jpg\" alt=\"\" width=\"800\" height=\"665\" \/><\/p>\n<p>Vielen Dank nochmal an dieser Stelle der Firma Kyffh\u00e4user Pumpen Artern GmbH f\u00fcr die Unterst\u00fctzung!<\/p>\n<p>Im Anschluss wurde der Tag der Vereine im Schwimmbad genutzt um eine kurze Vorf\u00fchrung der Arterner Nachwuchs Ringer, den Jungen Wilden, zu unterst\u00fctzen. Dort wurde auch von den \u201eGro\u00dfen\u201c einige turnerische \u00dcbungen, sowie Griffe vorgef\u00fchrt.<\/p>\n<p><img loading=\"lazy\" decoding=\"async\" class=\"alignnone size-full wp-image-5651\" src=\"https:\/\/www.ac-germania.com\/A_ACG\/wordpress\/wp-content\/uploads\/2019\/06\/20190615_5.jpg\" alt=\"\" width=\"800\" height=\"665\" \/><\/p>\n<p><img loading=\"lazy\" decoding=\"async\" class=\"alignnone size-full wp-image-5651\" src=\"https:\/\/www.ac-germania.com\/A_ACG\/wordpress\/wp-content\/uploads\/2019\/06\/20190615_6.jpg\" alt=\"\" width=\"800\" height=\"665\" \/><\/p>\n<p><img loading=\"lazy\" decoding=\"async\" class=\"alignnone size-full wp-image-5651\" src=\"https:\/\/www.ac-germania.com\/A_ACG\/wordpress\/wp-content\/uploads\/2019\/06\/20190615_7.jpg\" alt=\"\" width=\"800\" height=\"665\" \/><\/p>\n<p><img loading=\"lazy\" decoding=\"async\" class=\"alignnone size-full wp-image-5651\" src=\"https:\/\/www.ac-germania.com\/A_ACG\/wordpress\/wp-content\/uploads\/2019\/06\/20190615_8.jpg\" alt=\"\" width=\"800\" height=\"665\" \/><\/p>\n<p>Den Tag rundeten einige spannende Volleyballmatches, sowie eine gesellige Grillrunde am Haus der Ringer ab.<br \/>\nEin weiteres Trainingslager steht den Athleten noch bevor und dann geht es auch schon los mit der Saison 2019.<\/p>\n","protected":false},"excerpt":{"rendered":"<p>Bericht: Andr\u00e9 G\u00fcnther Am Wochenende um den 14. &#8211; 16.06.2019 trafen sich erneut die Ringer des AC-Germania Artern e.V. zum gemeinsamen Trainingslager. Mit dabei waren neben ehemaligen Arternern, wie Jan Zizka, auch fast alle Neuzug\u00e4nge des Vereins und drei Sportler aus Arterns Nachwuchsbereich. So kam es, dass sich am Samstag \u2026 <a class=\"continue-reading-link\" href=\"https:\/\/www.ac-germania.com\/?p=6836\">Weiterlesen <span class=\"meta-nav\">&rarr; <\/span><\/a><\/p>\n","protected":false},"author":97,"featured_media":6838,"comment_status":"open","ping_status":"open","sticky":false,"template":"","format":"standard","meta":{"footnotes":""},"categories":[12],"tags":[],"class_list":["post-6836","post","type-post","status-publish","format-standard","has-post-thumbnail","hentry","category-news-2019"],"_links":{"self":[{"href":"https:\/\/www.ac-germania.com\/index.php?rest_route=\/wp\/v2\/posts\/6836","targetHints":{"allow":["GET"]}}],"collection":[{"href":"https:\/\/www.ac-germania.com\/index.php?rest_route=\/wp\/v2\/posts"}],"about":[{"href":"https:\/\/www.ac-germania.com\/index.php?rest_route=\/wp\/v2\/types\/post"}],"author":[{"embeddable":true,"href":"https:\/\/www.ac-germania.com\/index.php?rest_route=\/wp\/v2\/users\/97"}],"replies":[{"embeddable":true,"href":"https:\/\/www.ac-germania.com\/index.php?rest_route=%2Fwp%2Fv2%2Fcomments&post=6836"}],"version-history":[{"count":3,"href":"https:\/\/www.ac-germania.com\/index.php?rest_route=\/wp\/v2\/posts\/6836\/revisions"}],"predecessor-version":[{"id":6847,"href":"https:\/\/www.ac-germania.com\/index.php?rest_route=\/wp\/v2\/posts\/6836\/revisions\/6847"}],"wp:featuredmedia":[{"embeddable":true,"href":"https:\/\/www.ac-germania.com\/index.php?rest_route=\/wp\/v2\/media\/6838"}],"wp:attachment":[{"href":"https:\/\/www.ac-germania.com\/index.php?rest_route=%2Fwp%2Fv2%2Fmedia&parent=6836"}],"wp:term":[{"taxonomy":"category","embeddable":true,"href":"https:\/\/www.ac-germania.com\/index.php?rest_route=%2Fwp%2Fv2%2Fcategories&post=6836"},{"taxonomy":"post_tag","embeddable":true,"href":"https:\/\/www.ac-germania.com\/index.php?rest_route=%2Fwp%2Fv2%2Ftags&post=6836"}],"curies":[{"name":"wp","href":"https:\/\/api.w.org\/{rel}","templated":true}]}}