{"id":6820,"date":"2019-06-18T17:38:03","date_gmt":"2019-06-18T16:38:03","guid":{"rendered":"https:\/\/www.ac-germania.com\/?p=6820"},"modified":"2019-06-18T17:41:29","modified_gmt":"2019-06-18T16:41:29","slug":"mitteldeutsche-meisterschaft-der-c-und-d-jugend-im-griechisch-roemischen-stil","status":"publish","type":"post","link":"https:\/\/www.ac-germania.com\/?p=6820","title":{"rendered":"Mitteldeutsche Meisterschaft der C- und D- Jugend im griechisch-r\u00f6mischen Stil"},"content":{"rendered":"<h5>Bericht: Gerhard G\u00fcnther<\/h5>\n<p>Am 25.05.2019 starteten 137 Sportler aus 30 Vereinen bei der Mitteldeutschen Meisterschaft in Pausa. Vom AC Germania Artern konnten sich 2 Sportler f\u00fcr dieses Turnier qualifizieren und stellten sich in der Altersklasse 10-12 dem dortigen Starterfeld.<br \/>\nDas Training vorab wurde durch die \u00dcbungsleiter, f\u00fcr das Ziel eine Medaille zu gewinnen, entsprechend eingestellt. <\/p>\n<p>Jack Eisenhardt ging als Erster auf die Matte. Im Limit bis 34 kg erfolgte mit 12 Startern die Pooleinteilung. Jack startete Im Pool B gleich voll ins Turnier durch und konnte die ersten 2 K\u00e4mpfe fr\u00fchzeitig und sicher auf Schulter gewinnen. Bei den weiteren K\u00e4mpfen fand er aber nicht mehr die richtigen Griffe und verlor beide nach Punkten. Im folgenden Poolfinale verlor er dann auch gegen Sportfreund Wei\u00df von Erzgebirge Aue und erreichte somit den 6. Platz. <\/p>\n<p>Anton Killat startete im Limit bis 46 kg. Hier wurde mit 5 Startern nordisch jeder gegen jeden gek\u00e4mpft. Nach Freilos verlor Anton seinen ersten Kampf in F\u00fchrung liegend gegen den sp\u00e4teren Sieger Sportfreund Sch\u00fctz vom KSV Pausa auf Schulter. Das mitgereiste Betreuerteam fand anschlie\u00dfend die richtigen Worte und Anton steigerte sich in der Folge. Es folgten zwei Schultersiege gegen Fleck vom AC Werdau und Jungnickel vom FC Erzgebirge Aue, sowie eine Niederlage gegen Sportfreund Poprawa vom RSC Erfurt. Somit erreichte er den 3. Platz. <\/p>\n<p>Die Betreuer bescheinigten beiden Sportlern einen starken Wettkampf.<br \/>\nErfreulich war, dass Antons Schwester Anne gleich vor Ort stolz mit gratulieren konnte. Sie war bei der MDM im Kampfrichterteam mit eingeteilt und sammelte damit weitere Erfahrung.<br \/>\nIn K\u00fcrze kommt es bei den Duellen der Mitteldeutschen Meisterschaft im Freien Ringkampf in P\u00f6sneck dann zur M\u00f6glichkeit der Revanche.<\/p>\n<p>An beide Athleten einen herzlichen Gl\u00fcckwunsch f\u00fcr die Medaille und Platzierung.<\/p>\n<p><img loading=\"lazy\" decoding=\"async\" class=\"alignnone size-full wp-image-5651\" src=\"https:\/\/www.ac-germania.com\/A_ACG\/wordpress\/wp-content\/uploads\/2019\/06\/20190610_2.jpg\" alt=\"\" width=\"800\" height=\"665\" \/><\/p>\n<p><img loading=\"lazy\" decoding=\"async\" class=\"alignnone size-full wp-image-5651\" src=\"https:\/\/www.ac-germania.com\/A_ACG\/wordpress\/wp-content\/uploads\/2019\/06\/20190610_1.jpg\" alt=\"\" width=\"800\" height=\"665\" \/><\/p>\n","protected":false},"excerpt":{"rendered":"<p>Bericht: Gerhard G\u00fcnther Am 25.05.2019 starteten 137 Sportler aus 30 Vereinen bei der Mitteldeutschen Meisterschaft in Pausa. Vom AC Germania Artern konnten sich 2 Sportler f\u00fcr dieses Turnier qualifizieren und stellten sich in der Altersklasse 10-12 dem dortigen Starterfeld. Das Training vorab wurde durch die \u00dcbungsleiter, f\u00fcr das Ziel eine \u2026 <a class=\"continue-reading-link\" href=\"https:\/\/www.ac-germania.com\/?p=6820\">Weiterlesen <span class=\"meta-nav\">&rarr; <\/span><\/a><\/p>\n","protected":false},"author":97,"featured_media":6826,"comment_status":"open","ping_status":"open","sticky":false,"template":"","format":"standard","meta":{"footnotes":""},"categories":[12],"tags":[],"class_list":["post-6820","post","type-post","status-publish","format-standard","has-post-thumbnail","hentry","category-news-2019"],"_links":{"self":[{"href":"https:\/\/www.ac-germania.com\/index.php?rest_route=\/wp\/v2\/posts\/6820","targetHints":{"allow":["GET"]}}],"collection":[{"href":"https:\/\/www.ac-germania.com\/index.php?rest_route=\/wp\/v2\/posts"}],"about":[{"href":"https:\/\/www.ac-germania.com\/index.php?rest_route=\/wp\/v2\/types\/post"}],"author":[{"embeddable":true,"href":"https:\/\/www.ac-germania.com\/index.php?rest_route=\/wp\/v2\/users\/97"}],"replies":[{"embeddable":true,"href":"https:\/\/www.ac-germania.com\/index.php?rest_route=%2Fwp%2Fv2%2Fcomments&post=6820"}],"version-history":[{"count":3,"href":"https:\/\/www.ac-germania.com\/index.php?rest_route=\/wp\/v2\/posts\/6820\/revisions"}],"predecessor-version":[{"id":6825,"href":"https:\/\/www.ac-germania.com\/index.php?rest_route=\/wp\/v2\/posts\/6820\/revisions\/6825"}],"wp:featuredmedia":[{"embeddable":true,"href":"https:\/\/www.ac-germania.com\/index.php?rest_route=\/wp\/v2\/media\/6826"}],"wp:attachment":[{"href":"https:\/\/www.ac-germania.com\/index.php?rest_route=%2Fwp%2Fv2%2Fmedia&parent=6820"}],"wp:term":[{"taxonomy":"category","embeddable":true,"href":"https:\/\/www.ac-germania.com\/index.php?rest_route=%2Fwp%2Fv2%2Fcategories&post=6820"},{"taxonomy":"post_tag","embeddable":true,"href":"https:\/\/www.ac-germania.com\/index.php?rest_route=%2Fwp%2Fv2%2Ftags&post=6820"}],"curies":[{"name":"wp","href":"https:\/\/api.w.org\/{rel}","templated":true}]}}