{"id":6787,"date":"2019-06-04T15:37:08","date_gmt":"2019-06-04T14:37:08","guid":{"rendered":"https:\/\/www.ac-germania.com\/?p=6787"},"modified":"2019-06-04T15:37:08","modified_gmt":"2019-06-04T14:37:08","slug":"froehliches-kindersportfest-beim-ac-germania-artern-e-v","status":"publish","type":"post","link":"https:\/\/www.ac-germania.com\/?p=6787","title":{"rendered":"Fr\u00f6hliches Kindersportfest beim AC Germania Artern e.V."},"content":{"rendered":"<h5>Bericht: Manja Braunsdorf<\/h5>\n<p>Am 31.05.2019, einen Tag vorfristig, feierte man beim AC Germania Artern den Kindertag. Nat\u00fcrlich mit einer Portion Sport.<br \/>\n30 Kinder und Jugendliche fanden sich mit ihren Eltern, Geschwistern oder Gro\u00dfeltern in der Unstrutstra\u00dfe nach dem Mittag ein. <\/p>\n<p>Die Sonne lachte mit den Kids um die Wette und die Verantwortlichen hatten alles gut vorbereitet. Einige Eltern \u00fcbernahmen gemeinsam mit den \u00dcbungsleitern die Stop-Uhren und los ging ein kleiner fr\u00f6hlicher aktiver Wettkampf. Schnelligkeit, Koordination und Geschicklichkeit waren an vier Stationen gefragt. Da die Einladung an alle Interessierte gerichtet war, ging es an diesem Tag einmal nicht auf die gewohnte Ringermatte. <\/p>\n<p><img loading=\"lazy\" decoding=\"async\" class=\"alignnone size-full wp-image-5651\" src=\"https:\/\/www.ac-germania.com\/A_ACG\/wordpress\/wp-content\/uploads\/2019\/06\/20190531_2.jpg\" alt=\"\" width=\"800\" height=\"665\" \/><\/p>\n<p><img loading=\"lazy\" decoding=\"async\" class=\"alignnone size-full wp-image-5651\" src=\"https:\/\/www.ac-germania.com\/A_ACG\/wordpress\/wp-content\/uploads\/2019\/06\/20190531_1.jpg\" alt=\"\" width=\"800\" height=\"665\" \/><\/p>\n<p><img loading=\"lazy\" decoding=\"async\" class=\"alignnone size-full wp-image-5651\" src=\"https:\/\/www.ac-germania.com\/A_ACG\/wordpress\/wp-content\/uploads\/2019\/06\/20190531_3.jpg\" alt=\"\" width=\"800\" height=\"665\" \/><\/p>\n<p>Alle Kinder und Jugendliche zeigten sich engagiert von ihrer sportlichen und aktiven Seite. Mit dem abschlie\u00dfenden gemeinsamen Tauziehen, bei dem alle viel Spa\u00df hatten und auch mal kr\u00e4ftige Unterst\u00fctzung vom Vereinspr\u00e4sidenten kam, wurde der Wettkampf nach gut zwei Stunden beendet.<\/p>\n<p><img loading=\"lazy\" decoding=\"async\" class=\"alignnone size-full wp-image-5651\" src=\"https:\/\/www.ac-germania.com\/A_ACG\/wordpress\/wp-content\/uploads\/2019\/06\/20190531_4.jpg\" alt=\"\" width=\"800\" height=\"665\" \/><\/p>\n<p>Verlierer gab es an diesem Nachmittag nicht. Jeder Sportler wurde mit einer Medaille und einer Urkunde belohnt. <\/p>\n<p><img loading=\"lazy\" decoding=\"async\" class=\"alignnone size-full wp-image-5651\" src=\"https:\/\/www.ac-germania.com\/A_ACG\/wordpress\/wp-content\/uploads\/2019\/06\/20190531_5.jpg\" alt=\"\" width=\"800\" height=\"665\" \/><\/p>\n<p>Eltern und Gro\u00dfeltern bejubelten w\u00e4hrend des Wettkampfs ihren Nachwuchs. Die Versorgung parallel \u00fcbernahmen die flei\u00dfigen Frauen vom AC Germania\u2026 Gem\u00fctlich klang das Fest damit dann am sp\u00e4ten Nachmittag aus.  Der Dank geht an alle \u201ehelfenden H\u00e4nde\u201c an diesem Nachmittag.<\/p>\n<p><img loading=\"lazy\" decoding=\"async\" class=\"alignnone size-full wp-image-5651\" src=\"https:\/\/www.ac-germania.com\/A_ACG\/wordpress\/wp-content\/uploads\/2019\/06\/20190531_6.jpg\" alt=\"\" width=\"800\" height=\"665\" \/><\/p>\n","protected":false},"excerpt":{"rendered":"<p>Bericht: Manja Braunsdorf Am 31.05.2019, einen Tag vorfristig, feierte man beim AC Germania Artern den Kindertag. Nat\u00fcrlich mit einer Portion Sport. 30 Kinder und Jugendliche fanden sich mit ihren Eltern, Geschwistern oder Gro\u00dfeltern in der Unstrutstra\u00dfe nach dem Mittag ein. Die Sonne lachte mit den Kids um die Wette und \u2026 <a class=\"continue-reading-link\" href=\"https:\/\/www.ac-germania.com\/?p=6787\">Weiterlesen <span class=\"meta-nav\">&rarr; <\/span><\/a><\/p>\n","protected":false},"author":97,"featured_media":6793,"comment_status":"open","ping_status":"open","sticky":false,"template":"","format":"standard","meta":{"footnotes":""},"categories":[12],"tags":[],"class_list":["post-6787","post","type-post","status-publish","format-standard","has-post-thumbnail","hentry","category-news-2019"],"_links":{"self":[{"href":"https:\/\/www.ac-germania.com\/index.php?rest_route=\/wp\/v2\/posts\/6787","targetHints":{"allow":["GET"]}}],"collection":[{"href":"https:\/\/www.ac-germania.com\/index.php?rest_route=\/wp\/v2\/posts"}],"about":[{"href":"https:\/\/www.ac-germania.com\/index.php?rest_route=\/wp\/v2\/types\/post"}],"author":[{"embeddable":true,"href":"https:\/\/www.ac-germania.com\/index.php?rest_route=\/wp\/v2\/users\/97"}],"replies":[{"embeddable":true,"href":"https:\/\/www.ac-germania.com\/index.php?rest_route=%2Fwp%2Fv2%2Fcomments&post=6787"}],"version-history":[{"count":3,"href":"https:\/\/www.ac-germania.com\/index.php?rest_route=\/wp\/v2\/posts\/6787\/revisions"}],"predecessor-version":[{"id":6801,"href":"https:\/\/www.ac-germania.com\/index.php?rest_route=\/wp\/v2\/posts\/6787\/revisions\/6801"}],"wp:featuredmedia":[{"embeddable":true,"href":"https:\/\/www.ac-germania.com\/index.php?rest_route=\/wp\/v2\/media\/6793"}],"wp:attachment":[{"href":"https:\/\/www.ac-germania.com\/index.php?rest_route=%2Fwp%2Fv2%2Fmedia&parent=6787"}],"wp:term":[{"taxonomy":"category","embeddable":true,"href":"https:\/\/www.ac-germania.com\/index.php?rest_route=%2Fwp%2Fv2%2Fcategories&post=6787"},{"taxonomy":"post_tag","embeddable":true,"href":"https:\/\/www.ac-germania.com\/index.php?rest_route=%2Fwp%2Fv2%2Ftags&post=6787"}],"curies":[{"name":"wp","href":"https:\/\/api.w.org\/{rel}","templated":true}]}}