{"id":6752,"date":"2019-05-03T10:45:19","date_gmt":"2019-05-03T09:45:19","guid":{"rendered":"https:\/\/www.ac-germania.com\/?p=6752"},"modified":"2019-05-03T10:45:53","modified_gmt":"2019-05-03T09:45:53","slug":"gemeinsamer-trainingstag-in-leipzig","status":"publish","type":"post","link":"https:\/\/www.ac-germania.com\/?p=6752","title":{"rendered":"Gemeinsamer Trainingstag in Leipzig"},"content":{"rendered":"<h5>Bericht: Jugendwart Gerhard G\u00fcnther<\/h5>\n<p>&nbsp;<br \/>\nAm 23.04.2019 fand am St\u00fctzpunkt in Leipzig ein Trainingstag f\u00fcr die Athleten der B- und C- Jugend statt. <\/p>\n<div id=\"attachment_5642\" style=\"width: 810px\" class=\"wp-caption alignnone\"><img loading=\"lazy\" decoding=\"async\" aria-describedby=\"caption-attachment-5642\" class=\"wp-image-5642 size-full\" src=\"https:\/\/www.ac-germania.com\/A_ACG\/wordpress\/wp-content\/uploads\/2019\/05\/20190423-2.jpg\" alt=\"\" width=\"800\" height=\"466\" \/><p id=\"caption-attachment-5642\" class=\"wp-caption-text\">Fotos vom Mirko Reinhardt<\/p><\/div>\n<p>Dieses Training wurde durch die Trainer A. Behring und J. Degen zur Vorbereitung auf die Deutschen Meisterschaften durchgef\u00fchrt. Die Trainer hatten in der Leplaystra\u00dfe im technisch \u2013 taktischen Bereich f\u00fcr Stand und Boden allerhand vorbereitet, um die jungen Sportler im gemeinsamen Training auf die kommenden Meisterschaften einzustellen. <\/p>\n<p>Trainer Gerhard G\u00fcnther nahm mit Max Neubert, Marko Kr\u00fcger, Noah Allendorf und Elias B\u00e4rndt an diesem interessanten Lehrgang teil. Die jungen Sportler konnten viele neue Eindr\u00fccke mit nach Hause nehmen.<\/p>\n<p><img loading=\"lazy\" decoding=\"async\" class=\"alignnone size-full wp-image-5651\" src=\"https:\/\/www.ac-germania.com\/A_ACG\/wordpress\/wp-content\/uploads\/2019\/05\/20190423-1.jpg\" alt=\"\" width=\"800\" height=\"665\" \/><\/p>\n<p>Insgesamt stellten sich 35 Athleten aus 8 Vereinen den Aufgaben der Trainer vor Ort. In Vorbereitung der Meisterschaften ging es nach der Erw\u00e4rmung in der ersten Trainingseinheit 2 Stunden speziell um Standkampf und Technik. Nach einer Mittagspause im Casino des St\u00fctzpunktes ging es 2 Stunden speziell um Techniken am Boden. Nach all den Anstrengungen und der vielen gewonnenen Eindr\u00fccke gab es abschlie\u00dfend noch eine Gespr\u00e4chsrunde mit Sportlern und Trainern. <\/p>\n<p><img loading=\"lazy\" decoding=\"async\" class=\"alignnone size-full wp-image-5651\" src=\"https:\/\/www.ac-germania.com\/A_ACG\/wordpress\/wp-content\/uploads\/2019\/05\/20190423-3.jpg\" alt=\"\" width=\"800\" height=\"665\" \/><\/p>\n<p>F\u00fcr Max Neubert ging es dann am folgenden Wochenende zu seinen ersten Deutschen Meisterschaften im klassischen Stil nach H\u00f6sbach. Alle Germanen dr\u00fcckten ihm fest die Daumen und w\u00fcnschten viel Erfolg bei diesen Meisterschaften.<\/p>\n","protected":false},"excerpt":{"rendered":"<p>Bericht: Jugendwart Gerhard G\u00fcnther &nbsp; Am 23.04.2019 fand am St\u00fctzpunkt in Leipzig ein Trainingstag f\u00fcr die Athleten der B- und C- Jugend statt. Dieses Training wurde durch die Trainer A. Behring und J. Degen zur Vorbereitung auf die Deutschen Meisterschaften durchgef\u00fchrt. Die Trainer hatten in der Leplaystra\u00dfe im technisch \u2013 \u2026 <a class=\"continue-reading-link\" href=\"https:\/\/www.ac-germania.com\/?p=6752\">Weiterlesen <span class=\"meta-nav\">&rarr; <\/span><\/a><\/p>\n","protected":false},"author":97,"featured_media":6754,"comment_status":"open","ping_status":"open","sticky":false,"template":"","format":"standard","meta":{"footnotes":""},"categories":[12],"tags":[],"class_list":["post-6752","post","type-post","status-publish","format-standard","has-post-thumbnail","hentry","category-news-2019"],"_links":{"self":[{"href":"https:\/\/www.ac-germania.com\/index.php?rest_route=\/wp\/v2\/posts\/6752","targetHints":{"allow":["GET"]}}],"collection":[{"href":"https:\/\/www.ac-germania.com\/index.php?rest_route=\/wp\/v2\/posts"}],"about":[{"href":"https:\/\/www.ac-germania.com\/index.php?rest_route=\/wp\/v2\/types\/post"}],"author":[{"embeddable":true,"href":"https:\/\/www.ac-germania.com\/index.php?rest_route=\/wp\/v2\/users\/97"}],"replies":[{"embeddable":true,"href":"https:\/\/www.ac-germania.com\/index.php?rest_route=%2Fwp%2Fv2%2Fcomments&post=6752"}],"version-history":[{"count":4,"href":"https:\/\/www.ac-germania.com\/index.php?rest_route=\/wp\/v2\/posts\/6752\/revisions"}],"predecessor-version":[{"id":6759,"href":"https:\/\/www.ac-germania.com\/index.php?rest_route=\/wp\/v2\/posts\/6752\/revisions\/6759"}],"wp:featuredmedia":[{"embeddable":true,"href":"https:\/\/www.ac-germania.com\/index.php?rest_route=\/wp\/v2\/media\/6754"}],"wp:attachment":[{"href":"https:\/\/www.ac-germania.com\/index.php?rest_route=%2Fwp%2Fv2%2Fmedia&parent=6752"}],"wp:term":[{"taxonomy":"category","embeddable":true,"href":"https:\/\/www.ac-germania.com\/index.php?rest_route=%2Fwp%2Fv2%2Fcategories&post=6752"},{"taxonomy":"post_tag","embeddable":true,"href":"https:\/\/www.ac-germania.com\/index.php?rest_route=%2Fwp%2Fv2%2Ftags&post=6752"}],"curies":[{"name":"wp","href":"https:\/\/api.w.org\/{rel}","templated":true}]}}