{"id":6499,"date":"2018-12-04T19:29:23","date_gmt":"2018-12-04T18:29:23","guid":{"rendered":"https:\/\/www.ac-germania.com\/?p=6499"},"modified":"2018-12-04T19:29:23","modified_gmt":"2018-12-04T18:29:23","slug":"3-platz-fuer-arterns-juengste-ringkaempfer","status":"publish","type":"post","link":"https:\/\/www.ac-germania.com\/?p=6499","title":{"rendered":"3. Platz f\u00fcr Arterns j\u00fcngste Ringk\u00e4mpfer"},"content":{"rendered":"<h5>Bericht &#038; Bilder: Manja Braunsdorf<\/h5>\n<p>&nbsp;<br \/>\n<strong>23. Kyffh\u00e4user-Pokal-Turnier am 01.12.2018<\/strong><\/p>\n<p>Nicht nur die M\u00e4nner des AC Germania Artern stellten sich am 1. Dezember ihrem Gegner, auch die Ringkampf-Mattenf\u00fcchse der E-, D- und C-Jugend vom Verein fanden sich zuvor auf heimischer Matte ein, um ihr Erlerntes aus dem Training zu zeigen.<br \/>\nDer AC Germania Artern hatte zum 23. Kyffh\u00e4user-Pokal-Turnier geladen. 12 weitere Ringervereine aus Sachsen-Anhalt, Th\u00fcringen, Sachsen und Hessen folgten der Einladung. Die Wettkampfhalle war gut vorbereitet, das Organisationsteam in gewohnter Manier versammelt und engagiert. Damit konnte der Wettkampf p\u00fcnktlich um 10:00 Uhr nach dem Wiegen durch Jugendwart Gerhard G\u00fcnther mit einem \u201eSport frei!\u201c er\u00f6ffnet werden. Gru\u00dfworte entsandten Salzprinzessin Sarah Kinitz und B\u00fcrgermeisterin Christine Zimmer an die 91 Wettkampfteilnehmer und deren Betreuer, sowie den mit angereisten Eltern. <\/p>\n<p>Das Kampfrichter-Team um Michael G\u00fcnther hatte nachfolgend gut zu tun. Knapp 150 Begegnungen galt es auf zwei Wettkampfmatten zu koordinieren und pfeifen. Eine gute \u00dcbung auch f\u00fcr die jungen Neulinge in der Kampfrichtertracht. <\/p>\n<div id=\"attachment_5642\" style=\"width: 810px\" class=\"wp-caption alignnone\"><img loading=\"lazy\" decoding=\"async\" aria-describedby=\"caption-attachment-5642\" class=\"wp-image-5642 size-full\" src=\"https:\/\/www.ac-germania.com\/A_ACG\/wordpress\/wp-content\/uploads\/2018\/12\/2018_12_01_Kampfrichter.jpg\" alt=\"\" width=\"800\" height=\"466\" \/><p id=\"caption-attachment-5642\" class=\"wp-caption-text\">Kampfrichterteam<\/p><\/div>\n<p>Der AC Germania Artern stellte 16 Teilnehmer an diesem Tag. Sportler, welche schon l\u00e4nger im Verein trainieren, aber auch einige, die sich dem Ringkampfsport erst seit kurzer Zeit verschrieben haben. F\u00fcr sie galt es weiter Erfahrungen zu sammeln und den Wettkampfbetrieb kennen zu lernen. <\/p>\n<p>In der C-Jugend starteten Calvin Darras (31 kg), Jack Eisenhardt und Patrick Filla (beide 34 kg), Noi Getschmann (38 kg), Noah Allendorf (42 kg), Jacob Gabriel (46 kg) und Max Neubert (50 kg). Sie mussten entsprechend der Ausschreibung im griechisch-r\u00f6mischen Stil antreten. Calvin und Max siegten in ihre Gewichtsklasse. Leider konnten sie nur in Freundschaftsk\u00e4mpfen zeigen, was in ihnen steckt. Jacob erreichte einen dritten Platz. Er musste sich seinen Gegnern aus Leipzig und Taucha geschlagen geben. Auch f\u00fcr Patrick und Noi lief es an diesem Tag nicht rund. Sie fanden technisch kein Mittel gegen ihre Gegner und erreichten beide einen vierten Platz. Besser lief es da f\u00fcr Noah und Jack. Sie konnten sich in ihren K\u00e4mpfen behaupten und mussten sich lediglich jeweils einem Gegner am Ende geschlagen geben. Beide platzierten sich auf einem guten 2. Platz. <\/p>\n<p>Bei den D-Jugendlichen, welche \u2013 wie auch die E-Jugend im Freistil antraten \u2013 schickte Artern nur vier Starter ins Rennen \u2013 Ben Sch\u00f6neberg (38 kg), Jacob K\u00f6rner und Jeremy Kie\u00dfler (beide 42 kg), sowie Anton Killat (46 kg). Ben stellte sich dem Wettkampf, musste an diesem Tag aber die bessere Leistung seiner Gegner aus Magdeburg, Halle, Heldrungen und Merseburg anerkennen, der 7. Platz steht f\u00fcr ihn nun im Protokoll. Auch Jacob und Jeremy mussten noch Lehrgeld zahlen. Jacob erreichte einen 5. Platz. Jeremy musste leider im Verlauf der K\u00e4mpfe verletzt aufgeben und erreichte damit nur den 6. Platz. So hatte er sich den Tag sicher nicht vorgestellt. F\u00fcr ihn gute Besserung und \u201eAuf Bald\u201c in der Trainingshalle. Besser fand an diesem Tag Anton in den Wettkampf. Er beherrschte seinen Gegner von Roten Stern Sudenburg und schulterte ihn. Verdient holte er sich damit den 1. Platz. <\/p>\n<div id=\"attachment_5642\" style=\"width: 810px\" class=\"wp-caption alignnone\"><img loading=\"lazy\" decoding=\"async\" aria-describedby=\"caption-attachment-5642\" class=\"wp-image-5642 size-full\" src=\"https:\/\/www.ac-germania.com\/A_ACG\/wordpress\/wp-content\/uploads\/2018\/12\/2018_12_01_Anton-Killat-blau.jpg\" alt=\"\" width=\"800\" height=\"466\" \/><p id=\"caption-attachment-5642\" class=\"wp-caption-text\">Anton Killat (blau)<\/p><\/div>\n<p>Die E-Jugend wurde durch Artern mit Daniel Eisenhardt (19 kg), Ben Schaumberg und Sebastian Funke (23 kg), Jasmin Filla (25 kg) und Nils Braunsberger (42 kg) besetzt. Diese jungen Sportfreunde sind erst seit Kurzem im Training bei Michael Kinitz und Gerhard G\u00fcnther. Einige k\u00f6nnen aber auch schon Wettkampferfahrung vorweisen. Daniel setzte sich souver\u00e4n gegen seinen Gegner aus S\u00f6mmerda mit einem Schultersieg durch und gewann verdient. Dies freute nicht nur die Trainer, sondern auch den ebenfalls Ringkampf erfahrenen Papa am Mattenrand. Ben und Sebastian zeigten erste technische Ans\u00e4tze, mussten sich aber an diesem Tag ihren Gegnern noch beugen. Ben konnte aber einen Schultersieg erringen und erreichte damit den 6. Platz vor seinem Trainingspartner Sebastian, welcher den 7. Platz errang. Jasmin, die erst seit dem Sommer die Ringkampfschuhe schn\u00fcrt, ging beherzt auf die Matte. Dort musste sie aber die \u00dcberlegenheit der anderen Sportler noch anerkennen. Sie erreichte ebenfalls einen 7. Platz. Auch Nils Braunsberger absolvierte seinen ersten Wettkampf. Er erreichte in seiner Gewichtsklasse einen 2. Platz. <\/p>\n<div id=\"attachment_5642\" style=\"width: 810px\" class=\"wp-caption alignnone\"><img loading=\"lazy\" decoding=\"async\" aria-describedby=\"caption-attachment-5642\" class=\"wp-image-5642 size-full\" src=\"https:\/\/www.ac-germania.com\/A_ACG\/wordpress\/wp-content\/uploads\/2018\/12\/2018_12_01_Daniel-Eisenhardt-rot.jpg\" alt=\"\" width=\"800\" height=\"466\" \/><p id=\"caption-attachment-5642\" class=\"wp-caption-text\">Daniel Eisenhardt (rot)<\/p><\/div>\n<div id=\"attachment_5642\" style=\"width: 810px\" class=\"wp-caption alignnone\"><img loading=\"lazy\" decoding=\"async\" aria-describedby=\"caption-attachment-5642\" class=\"wp-image-5642 size-full\" src=\"https:\/\/www.ac-germania.com\/A_ACG\/wordpress\/wp-content\/uploads\/2018\/12\/2018_12_01__Ben-Schaumberg-blau.jpg\" alt=\"\" width=\"800\" height=\"466\" \/><p id=\"caption-attachment-5642\" class=\"wp-caption-text\">Ben Schaumberg (blau)<\/p><\/div>\n<p><strong>Gl\u00fcckwunsch an alle Platzierten! <\/strong><\/p>\n<p>Nun gilt es weiter zu trainieren, denn die n\u00e4chsten Wettk\u00e4mpfe sind nicht mehr fern.<br \/>\nInsgesamt bleibt festzustellen, dass auch bei unserem Turnier wieder weniger Sportfreunde teilnahmen als andere Jahre und dadurch so manche Gewichtsklasse mit nur wenigen Teilnehmern auskommen musste. Eine Entwicklung im Ringkampfsport, die mit traurigem Auge beobachtet wird. Nichts desto trotz kann man auch noch mit Hoffnung f\u00fcr diese Sportart nach vorne sehen. Denn es gab auch Erfreuliches auf den Ringkampfmatten zu sehen. Junge engagierte Sportler- und Sportlerinnen mit Ehrgeiz und sichtbar guten technischen Aktionen. Hier und da waren neben Kopfh\u00fcftschw\u00fcngen, schon Kopfrollen und andere W\u00fcrfe zu sehen. <\/p>\n<p>In der Mannschaftswertung konnte sich die Mannschaft vom KFC Leipzig vor dem Nachwuchs vom Verein Roter Stern Sudenburg den 1. Platz sichern. Artern erreichte dahinter den 3. Platz. <\/p>\n<div id=\"attachment_5642\" style=\"width: 810px\" class=\"wp-caption alignnone\"><img loading=\"lazy\" decoding=\"async\" aria-describedby=\"caption-attachment-5642\" class=\"wp-image-5642 size-full\" src=\"https:\/\/www.ac-germania.com\/A_ACG\/wordpress\/wp-content\/uploads\/2018\/12\/2018_12_01_Gruppenbild.jpg\" alt=\"\" width=\"800\" height=\"466\" \/><p id=\"caption-attachment-5642\" class=\"wp-caption-text\">Gruppenbild von Solveig Neubert<\/p><\/div>\n<p>Dem Organisations-, Kampfrichter- und Protokollteam sei hiermit f\u00fcr ihr Engagement herzlicher Dank ausgesprochen. Die Frauen der Versorgung hat den ganzen Tag gut zu tun. Frisch gebackener Kuchen und wie immer Nudeln mit Tomatensauce, sowie Salate mit W\u00fcrstchen, fanden rei\u00dfend Absatz, ebenso so manche Kaffee- und Wasserportion.<br \/>\nEin Dankesch\u00f6n geht auch an das Blumenhaus Killat, der Kyffh\u00e4usersparkasse und an Frau Christine Zimmer f\u00fcr ihre freundliche Unterst\u00fctzung. Auch sie trugen zum Gelingen dieser Wettkampfveranstaltung bei.<\/p>\n<p><em>Hinweis: Die Einzelergebnisse zum Wettkampf k\u00f6nnen der Ligadatenbank entnommen werden. <\/em><\/p>\n","protected":false},"excerpt":{"rendered":"<p>Bericht &#038; Bilder: Manja Braunsdorf &nbsp; 23. Kyffh\u00e4user-Pokal-Turnier am 01.12.2018 Nicht nur die M\u00e4nner des AC Germania Artern stellten sich am 1. Dezember ihrem Gegner, auch die Ringkampf-Mattenf\u00fcchse der E-, D- und C-Jugend vom Verein fanden sich zuvor auf heimischer Matte ein, um ihr Erlerntes aus dem Training zu zeigen. \u2026 <a class=\"continue-reading-link\" href=\"https:\/\/www.ac-germania.com\/?p=6499\">Weiterlesen <span class=\"meta-nav\">&rarr; <\/span><\/a><\/p>\n","protected":false},"author":97,"featured_media":6500,"comment_status":"open","ping_status":"open","sticky":false,"template":"","format":"standard","meta":{"footnotes":""},"categories":[11],"tags":[],"class_list":["post-6499","post","type-post","status-publish","format-standard","has-post-thumbnail","hentry","category-news-2018"],"_links":{"self":[{"href":"https:\/\/www.ac-germania.com\/index.php?rest_route=\/wp\/v2\/posts\/6499","targetHints":{"allow":["GET"]}}],"collection":[{"href":"https:\/\/www.ac-germania.com\/index.php?rest_route=\/wp\/v2\/posts"}],"about":[{"href":"https:\/\/www.ac-germania.com\/index.php?rest_route=\/wp\/v2\/types\/post"}],"author":[{"embeddable":true,"href":"https:\/\/www.ac-germania.com\/index.php?rest_route=\/wp\/v2\/users\/97"}],"replies":[{"embeddable":true,"href":"https:\/\/www.ac-germania.com\/index.php?rest_route=%2Fwp%2Fv2%2Fcomments&post=6499"}],"version-history":[{"count":7,"href":"https:\/\/www.ac-germania.com\/index.php?rest_route=\/wp\/v2\/posts\/6499\/revisions"}],"predecessor-version":[{"id":6511,"href":"https:\/\/www.ac-germania.com\/index.php?rest_route=\/wp\/v2\/posts\/6499\/revisions\/6511"}],"wp:featuredmedia":[{"embeddable":true,"href":"https:\/\/www.ac-germania.com\/index.php?rest_route=\/wp\/v2\/media\/6500"}],"wp:attachment":[{"href":"https:\/\/www.ac-germania.com\/index.php?rest_route=%2Fwp%2Fv2%2Fmedia&parent=6499"}],"wp:term":[{"taxonomy":"category","embeddable":true,"href":"https:\/\/www.ac-germania.com\/index.php?rest_route=%2Fwp%2Fv2%2Fcategories&post=6499"},{"taxonomy":"post_tag","embeddable":true,"href":"https:\/\/www.ac-germania.com\/index.php?rest_route=%2Fwp%2Fv2%2Ftags&post=6499"}],"curies":[{"name":"wp","href":"https:\/\/api.w.org\/{rel}","templated":true}]}}