{"id":5038,"date":"2017-05-11T17:04:57","date_gmt":"2017-05-11T16:04:57","guid":{"rendered":"http:\/\/www.ac-germania.com\/?p=5038"},"modified":"2017-05-11T17:04:57","modified_gmt":"2017-05-11T16:04:57","slug":"nichts-zaehlbares-zur-em-in-novi-sad-serbien","status":"publish","type":"post","link":"https:\/\/www.ac-germania.com\/?p=5038","title":{"rendered":"Nichts Z\u00e4hlbares zur EM in Novi Sad \/ Serbien"},"content":{"rendered":"<p>Mit Jan Zizka (71kg\/GR), Oldrich Varga (75kg\/GR) und Plamen Tashev (98kg\/GR) waren vergangene Woche auch drei Athleten aus dem letztj\u00e4hrigen Bundesligakader des AC Germania Artern bei der Ringer-Europameisterschaft in Novi Sad \/ Serbien am Start.<\/p>\n<div id=\"attachment_5039\" style=\"width: 810px\" class=\"wp-caption alignnone\"><img loading=\"lazy\" decoding=\"async\" aria-describedby=\"caption-attachment-5039\" class=\"wp-image-5039 size-full\" src=\"https:\/\/www.ac-germania.com\/A_ACG\/wordpress\/wp-content\/uploads\/2017\/05\/2017-05-11-001.jpg\" alt=\"\" width=\"800\" height=\"503\" srcset=\"https:\/\/www.ac-germania.com\/A_ACG\/wordpress\/wp-content\/uploads\/2017\/05\/2017-05-11-001.jpg 800w, https:\/\/www.ac-germania.com\/A_ACG\/wordpress\/wp-content\/uploads\/2017\/05\/2017-05-11-001-300x189.jpg 300w, https:\/\/www.ac-germania.com\/A_ACG\/wordpress\/wp-content\/uploads\/2017\/05\/2017-05-11-001-768x483.jpg 768w, https:\/\/www.ac-germania.com\/A_ACG\/wordpress\/wp-content\/uploads\/2017\/05\/2017-05-11-001-150x94.jpg 150w\" sizes=\"auto, (max-width: 800px) 100vw, 800px\" \/><p id=\"caption-attachment-5039\" class=\"wp-caption-text\">Oldrich Varga (CZE), Plamen Tashev (BUL) und Jan Zizka (CZE) vom letztj\u00e4hrigen Arterner Bundesligateam.<\/p><\/div>\n<p>Alle drei Sportler k\u00f6nnen bereits internationale Wettkampferfahrung vorwei\u00dfen. Jan Zizka, der das Ausringen gegen Teamkollegen Matous Morbitzer gewann, war bereits letztes Jahr nominiert. Plamen Tashev bekam nach seinen beiden Eins\u00e4tzen 2006 und 2009 im Jugendbereich nun das erste Mal die Chance die bulgarischen Farben im M\u00e4nnerbereich zu vertreten. F\u00fcr Oldrich Varga war diese EM nach acht Teilnahmen im Jugendbereich ebenso die erste bei den M\u00e4nnern.<\/p>\n<p>Dass die Trauben bei einer M\u00e4nner-EM sehr hoch h\u00e4ngen bekam Plamen Tashev gleich im ersten Kampf gegen Matti Elias Kuosmanen zu sp\u00fcren. Nach 2:0 F\u00fchrung drehte der Finne den Spie\u00df um und gewann 5:2. Nachdem Kuosmanen eine Runde sp\u00e4ter ausschied, konnte Plamen nicht weiter ins Turnier eingreifen.<\/p>\n<p><iframe loading=\"lazy\" src=\"https:\/\/www.youtube.com\/embed\/Nf8_SI5aZ8A\" width=\"800\" height=\"400\" frameborder=\"0\" allowfullscreen=\"allowfullscreen\"><\/iframe><\/p>\n<p>Oldrich Varga stand gegen Kazbek Kilou auf verlorenem Posten, nach guten Beginn nutzte der Wei\u00dfrusse einen Fehler von \u201eOlda\u201c eiskalt aus und siegte nach einigen Bodenrollen technisch. Auch hier war das Turnier beendet.<\/p>\n<p><iframe loading=\"lazy\" src=\"https:\/\/www.youtube.com\/embed\/QlHSVAPSdPc\" width=\"800\" height=\"400\" frameborder=\"0\" allowfullscreen=\"allowfullscreen\"><\/iframe><\/p>\n<p>Der Franzose Evrik Nikoghosyan schien auf den ersten Blick eine l\u00f6sbare Aufgabe f\u00fcr Jan Zizka zu sein, doch bereits in der ersten Minute fielen die wichtigen Wertungen zum 6:2 Sieg des Franzosen. Nikoghosyan k\u00e4mpfte sich am Ende bis ins kleine Finale, musste sich dort aber knapp geschlagen geben. Jan konnte demnach nicht weiter ins Turniergeschehen eingreifen.<\/p>\n<p><iframe loading=\"lazy\" src=\"https:\/\/www.youtube.com\/embed\/xEtA0PePYKM\" width=\"800\" height=\"400\" frameborder=\"0\" allowfullscreen=\"allowfullscreen\"><\/iframe><\/p>\n<p><em>\u201eIch war so gut drauf, hatte wohl die beste Form die ich je hatte und wollte weiterkommen.\u201c<\/em> \u00e4rgerte sich Plamen Tashev am meisten. Trotz des nicht optimalen Abschneidens d\u00fcrfen sich die drei Publikumslieblinge berechtigte Hoffnung auf eine Nominierung f\u00fcr die Weltmeisterschaft im August in Paris machen.<\/p>\n<p>Ob und wen die Germanenfans von den ausl\u00e4ndischen Topathleten in der kommenden Saison in der Unstruthalle sehen werden ist indes noch unklar, aktuell haben aber alle signalisiert sehr gern in Artern verl\u00e4ngern zu wollen.<\/p>\n","protected":false},"excerpt":{"rendered":"<p>Mit Jan Zizka (71kg\/GR), Oldrich Varga (75kg\/GR) und Plamen Tashev (98kg\/GR) waren vergangene Woche auch drei Athleten aus dem letztj\u00e4hrigen Bundesligakader des AC Germania Artern bei der Ringer-Europameisterschaft in Novi Sad \/ Serbien am Start. Alle drei Sportler k\u00f6nnen bereits internationale Wettkampferfahrung vorwei\u00dfen. Jan Zizka, der das Ausringen gegen Teamkollegen \u2026 <a class=\"continue-reading-link\" href=\"https:\/\/www.ac-germania.com\/?p=5038\">Weiterlesen <span class=\"meta-nav\">&rarr; <\/span><\/a><\/p>\n","protected":false},"author":1,"featured_media":5039,"comment_status":"open","ping_status":"open","sticky":false,"template":"","format":"standard","meta":{"footnotes":""},"categories":[10],"tags":[],"class_list":["post-5038","post","type-post","status-publish","format-standard","has-post-thumbnail","hentry","category-news-2017"],"_links":{"self":[{"href":"https:\/\/www.ac-germania.com\/index.php?rest_route=\/wp\/v2\/posts\/5038","targetHints":{"allow":["GET"]}}],"collection":[{"href":"https:\/\/www.ac-germania.com\/index.php?rest_route=\/wp\/v2\/posts"}],"about":[{"href":"https:\/\/www.ac-germania.com\/index.php?rest_route=\/wp\/v2\/types\/post"}],"author":[{"embeddable":true,"href":"https:\/\/www.ac-germania.com\/index.php?rest_route=\/wp\/v2\/users\/1"}],"replies":[{"embeddable":true,"href":"https:\/\/www.ac-germania.com\/index.php?rest_route=%2Fwp%2Fv2%2Fcomments&post=5038"}],"version-history":[{"count":0,"href":"https:\/\/www.ac-germania.com\/index.php?rest_route=\/wp\/v2\/posts\/5038\/revisions"}],"wp:featuredmedia":[{"embeddable":true,"href":"https:\/\/www.ac-germania.com\/index.php?rest_route=\/wp\/v2\/media\/5039"}],"wp:attachment":[{"href":"https:\/\/www.ac-germania.com\/index.php?rest_route=%2Fwp%2Fv2%2Fmedia&parent=5038"}],"wp:term":[{"taxonomy":"category","embeddable":true,"href":"https:\/\/www.ac-germania.com\/index.php?rest_route=%2Fwp%2Fv2%2Fcategories&post=5038"},{"taxonomy":"post_tag","embeddable":true,"href":"https:\/\/www.ac-germania.com\/index.php?rest_route=%2Fwp%2Fv2%2Ftags&post=5038"}],"curies":[{"name":"wp","href":"https:\/\/api.w.org\/{rel}","templated":true}]}}