{"id":4918,"date":"2017-01-03T09:09:33","date_gmt":"2017-01-03T08:09:33","guid":{"rendered":"http:\/\/www.ac-germania.com\/?p=4918"},"modified":"2017-01-03T09:09:33","modified_gmt":"2017-01-03T08:09:33","slug":"alle-jahre-wieder","status":"publish","type":"post","link":"https:\/\/www.ac-germania.com\/?p=4918","title":{"rendered":"Alle Jahre wieder&#8230;"},"content":{"rendered":"<p><img loading=\"lazy\" decoding=\"async\" class=\"alignnone size-full wp-image-4919\" src=\"https:\/\/www.ac-germania.com\/A_ACG\/wordpress\/wp-content\/uploads\/2017\/01\/2017-01-03-001.jpg\" alt=\"\" width=\"800\" height=\"395\" srcset=\"https:\/\/www.ac-germania.com\/A_ACG\/wordpress\/wp-content\/uploads\/2017\/01\/2017-01-03-001.jpg 800w, https:\/\/www.ac-germania.com\/A_ACG\/wordpress\/wp-content\/uploads\/2017\/01\/2017-01-03-001-300x148.jpg 300w, https:\/\/www.ac-germania.com\/A_ACG\/wordpress\/wp-content\/uploads\/2017\/01\/2017-01-03-001-768x379.jpg 768w, https:\/\/www.ac-germania.com\/A_ACG\/wordpress\/wp-content\/uploads\/2017\/01\/2017-01-03-001-150x74.jpg 150w\" sizes=\"auto, (max-width: 800px) 100vw, 800px\" \/><\/p>\n<h5>Bericht: Manja Braunsdorf<\/h5>\n<p>Auch im Jahr 2016 wurde am 2. Weihnachtsfeiertag das traditionelle Saisonende f\u00fcr die Arterner Ringkampfgemeinde und ihre Freunde begangen. Gem\u00fctlich versammelten sich Ringkampfveteranen, F\u00f6rderer, Trainer, Fans und aktive Ringk\u00e4mpfer unterm Weihnachtsbaum in der Unstrutstra\u00dfe.<\/p>\n<p>Das durchaus schwierige Wettkampfjahr der ersten Mannschaft war ebenso TOP-Thema, wie auch das erfolgreiche Abschneiden der zweiten Mannschaften und die Erfolge der Kinder und Jugendlichen im laufenden Jahre. Aber auch der zuk\u00fcnftige Weg des Vereins und die Unstimmigkeiten innerhalb des Deutschen Ringerbundes und seiner Ligenstruktur, besch\u00e4ftigte die Gem\u00fcter. Daneben wurde auch \u00fcber lustige Geschichten und gemeinsam Erlebtes aus den vergangenen Tagen zwischen den 55 G\u00e4sten aller Jahrg\u00e4nge res\u00fcmiert. Die Nachbargemeinde Voigstedt stellte hierbei zum diesj\u00e4hrigen Event mit Manfred Deinert (86) den \u00e4ltesten und mit Daniel Eisenhardt (5) den j\u00fcngsten Gast zum Weihnachtsfr\u00fchschoppen.<\/p>\n<p>Zur \u00dcberraschung von Sportfreund Torsten Grosche wurde der Anlass genutzt um ihn in kleinem feierlichen Rahmen f\u00fcr sein ehrenamtliches Engagement auszuzeichnen. Aus den H\u00e4nden von Vereinspr\u00e4sdient Lothar Finke \u00fcbernahm er die Ehrennadel des Kyffh\u00e4user-Kreis-Sportbundes, mit welcher seine Verdienste bei der F\u00f6rderung des Sports im Landkreis ausgezeichnet wurden. Zum Mittag l\u00f6ste sich die Gemeinschaft dann auf und alle begaben sich wieder zur\u00fcck in famili\u00e4re Gem\u00fctlichkeit und zu den Leckereien auf der heimischen Weihnachtstafel.<\/p>\n<p><strong>Auf diesem Wege w\u00fcnscht der AC Germania Artern e.V. allen Ringkampffreunden und F\u00f6rderern ein gesundes, gl\u00fcckliches und erfolgreiches Jahr 2017!<\/strong><\/p>\n<p><img loading=\"lazy\" decoding=\"async\" class=\"alignnone size-full wp-image-4920\" src=\"https:\/\/www.ac-germania.com\/A_ACG\/wordpress\/wp-content\/uploads\/2017\/01\/2017-01-03-002.jpg\" alt=\"\" width=\"800\" height=\"905\" srcset=\"https:\/\/www.ac-germania.com\/A_ACG\/wordpress\/wp-content\/uploads\/2017\/01\/2017-01-03-002.jpg 800w, https:\/\/www.ac-germania.com\/A_ACG\/wordpress\/wp-content\/uploads\/2017\/01\/2017-01-03-002-265x300.jpg 265w, https:\/\/www.ac-germania.com\/A_ACG\/wordpress\/wp-content\/uploads\/2017\/01\/2017-01-03-002-768x869.jpg 768w, https:\/\/www.ac-germania.com\/A_ACG\/wordpress\/wp-content\/uploads\/2017\/01\/2017-01-03-002-133x150.jpg 133w\" sizes=\"auto, (max-width: 800px) 100vw, 800px\" \/><\/p>\n","protected":false},"excerpt":{"rendered":"<p>Bericht: Manja Braunsdorf Auch im Jahr 2016 wurde am 2. Weihnachtsfeiertag das traditionelle Saisonende f\u00fcr die Arterner Ringkampfgemeinde und ihre Freunde begangen. Gem\u00fctlich versammelten sich Ringkampfveteranen, F\u00f6rderer, Trainer, Fans und aktive Ringk\u00e4mpfer unterm Weihnachtsbaum in der Unstrutstra\u00dfe. Das durchaus schwierige Wettkampfjahr der ersten Mannschaft war ebenso TOP-Thema, wie auch das \u2026 <a class=\"continue-reading-link\" href=\"https:\/\/www.ac-germania.com\/?p=4918\">Weiterlesen <span class=\"meta-nav\">&rarr; <\/span><\/a><\/p>\n","protected":false},"author":1,"featured_media":4919,"comment_status":"open","ping_status":"open","sticky":false,"template":"","format":"standard","meta":{"footnotes":""},"categories":[10],"tags":[],"class_list":["post-4918","post","type-post","status-publish","format-standard","has-post-thumbnail","hentry","category-news-2017"],"_links":{"self":[{"href":"https:\/\/www.ac-germania.com\/index.php?rest_route=\/wp\/v2\/posts\/4918","targetHints":{"allow":["GET"]}}],"collection":[{"href":"https:\/\/www.ac-germania.com\/index.php?rest_route=\/wp\/v2\/posts"}],"about":[{"href":"https:\/\/www.ac-germania.com\/index.php?rest_route=\/wp\/v2\/types\/post"}],"author":[{"embeddable":true,"href":"https:\/\/www.ac-germania.com\/index.php?rest_route=\/wp\/v2\/users\/1"}],"replies":[{"embeddable":true,"href":"https:\/\/www.ac-germania.com\/index.php?rest_route=%2Fwp%2Fv2%2Fcomments&post=4918"}],"version-history":[{"count":0,"href":"https:\/\/www.ac-germania.com\/index.php?rest_route=\/wp\/v2\/posts\/4918\/revisions"}],"wp:featuredmedia":[{"embeddable":true,"href":"https:\/\/www.ac-germania.com\/index.php?rest_route=\/wp\/v2\/media\/4919"}],"wp:attachment":[{"href":"https:\/\/www.ac-germania.com\/index.php?rest_route=%2Fwp%2Fv2%2Fmedia&parent=4918"}],"wp:term":[{"taxonomy":"category","embeddable":true,"href":"https:\/\/www.ac-germania.com\/index.php?rest_route=%2Fwp%2Fv2%2Fcategories&post=4918"},{"taxonomy":"post_tag","embeddable":true,"href":"https:\/\/www.ac-germania.com\/index.php?rest_route=%2Fwp%2Fv2%2Ftags&post=4918"}],"curies":[{"name":"wp","href":"https:\/\/api.w.org\/{rel}","templated":true}]}}