{"id":4680,"date":"2016-11-06T17:27:35","date_gmt":"2016-11-06T16:27:35","guid":{"rendered":"http:\/\/www.ac-germania.com\/?p=4680"},"modified":"2016-11-06T17:27:35","modified_gmt":"2016-11-06T16:27:35","slug":"untergang-bei-der-wismut-in-aue-germanen-verlieren-mit-24-zu-3-deutlich","status":"publish","type":"post","link":"https:\/\/www.ac-germania.com\/?p=4680","title":{"rendered":"Untergang bei der Wismut in Aue. Germanen verlieren mit 24 zu 3 deutlich"},"content":{"rendered":"<p>[match id=264]<\/p>\n<p><img loading=\"lazy\" decoding=\"async\" class=\"alignnone wp-image-4690 size-full\" src=\"https:\/\/www.ac-germania.com\/A_ACG\/wordpress\/wp-content\/uploads\/2016\/11\/2016-11-06-001.jpg\" alt=\"2016-11-06-001\" width=\"800\" height=\"496\" srcset=\"https:\/\/www.ac-germania.com\/A_ACG\/wordpress\/wp-content\/uploads\/2016\/11\/2016-11-06-001.jpg 800w, https:\/\/www.ac-germania.com\/A_ACG\/wordpress\/wp-content\/uploads\/2016\/11\/2016-11-06-001-300x186.jpg 300w, https:\/\/www.ac-germania.com\/A_ACG\/wordpress\/wp-content\/uploads\/2016\/11\/2016-11-06-001-768x476.jpg 768w, https:\/\/www.ac-germania.com\/A_ACG\/wordpress\/wp-content\/uploads\/2016\/11\/2016-11-06-001-150x93.jpg 150w\" sizes=\"auto, (max-width: 800px) 100vw, 800px\" \/><\/p>\n<h5>Bericht: Thomas Grosche<\/h5>\n<p class=\"Text\">Nein, es lief nicht rund f\u00fcr die Germanen am vergangenen Samstag. Schon die Fahrt war eine Herausforderung f\u00fcr die Ringk\u00e4mpfer des AC. Fr\u00fch einsetzende Dunkelheit und str\u00f6mender Regen zehrten an den Nerven. Die Aufstellungsvarianten, die Trainer Michael Getschmann aus dem Hut zaubern konnte, taten ihr \u00dcbriges zur wenig verhei\u00dfungsvollen Ausgangssituation dieser Begegnung. Und so kam es, wie es kommen musste, auch diesmal wurde Aue zum Waterloo f\u00fcr den AC Germania.<\/p>\n<p class=\"Text\">Matous Morbitzer und Jan Zizka, beide absolute Leistungstr\u00e4ger, standen an diesem Wochenende nicht zur Verf\u00fcgung und wurden durch Anulak Eisenhardt und Marco Scherf vertreten. Beide Sportler mussten daf\u00fcr eine Gewichtsklasse h\u00f6her als gewohnt antreten und waren in der mittlerweile hoch dotierten Liga chancenlos.<\/p>\n<p class=\"Text\">Besonders schwer hatte es Steve Brylla, der, wenn sie diese Zeilen lesen, bereits im Ausland f\u00fcr die Bundeswehr im Entsatz ist. Er kam schon mit gepackten Koffern nach Aue, da es danach f\u00fcr ihn direkt ins Krisengebiet ging.<\/p>\n<p class=\"Text\">Da wurde der Ringkampf verst\u00e4ndlicher Weise zur Nebensache, dementsprechend fiel auch das Ergebnis aus. Von dieser Stelle viel Gl\u00fcck Steve und komm gesund wieder nach Hause.<\/p>\n<p class=\"Text\">Doch auch Stephan Knopf und Tim Walther gingen leer aus.Beide wehrten sich vehement, konnten aber eine Niederlage in Runde 2 nicht abwenden.<\/p>\n<p class=\"Text\">Den Hut musste man vor Tim Salzmann ziehen.Von Freitag zu Samstag kochte Salzi noch 3 Kg Gewicht ab, da er unter der Woche auf Grund von beruflichen Verpflichtungen keine Trainingsm\u00f6glichkeiten hatte und lieferte trotz dieser Belastung einen sehenswerten Kampf gegen Kirk Reimer ab. Nur das letzte Qu\u00e4ntchen Gl\u00fcck fehlte zum Sieg, mit 4 zu 3 verlor er denkbar knapp. Tim etabliert sich immer mehr in dieser starken Liga und ist in Sachen Kampfeswillen und Einstellung ein Vorbild f\u00fcr die jungen Sportler des AC.<\/p>\n<p class=\"Text\">Ebenfalls richtig eng ging es zwischen Daniel Geist und dem mehrfachen Deutschen Meister Nico Schmidt zu. Die Emotionen kochten hoch, als eine von Geisti am Rande der Kampfzone angesetzte Schleuder vom Referee f\u00fcr den Gastgeber gewertet wurde. Dieses Geschenk verhalf dem erfahrenen Schmidt, einen knappen 3 zu 1 Sieg einzufahren.<\/p>\n<p class=\"Text\">Haarig wurde es im Duell zwischen Plamen Taschev und Rolf Linke. Im Kampf \u00fcber die volle Zeit schenkten sich beide Athleten nichts, 6 zu 2 lag Linke nach fast 4 Minuten vorn. Doch Plamen konnte als aktiverer Ringer mit 2 Rollen den Kampf am Ende 8 zu 6 f\u00fcr sich entscheiden.<\/p>\n<p class=\"Text\">Clever agiert Markus Knobel gegen den Luckenwalder Willi Wendel. Mit schnellen Beinangriffen holt sich Markus Punkt f\u00fcr Punkt und siegt am Ende 4 zu 1.<\/p>\n<p class=\"Text\">Tief entt\u00e4uscht war an diesem Abend Oldrich Varga. Gegen den Ungarn Gabor Madarasi lief es nicht rund. Ein verschlafener Auftakt, Olda gab durch einem lang gezogenen Armdrehschwung leichtfertig eine 4 ab, und einige fragw\u00fcrdige Kampfrichterentscheidungen taten ihr \u00dcbriges. Obwohl Madarasi die letzten 90 Sekunden stehend k.o. war, konnte Olda den Kampf nicht mehr drehen und verlor knapp nach Punkten.<\/p>\n<p class=\"Text\">Die Ausw\u00e4rtsniederlage war vorhersehbar. Die Germanen sollten daraus kein Drama machen, sondern nach vorn schauen. Schon am kommenden Samstag steht die n\u00e4chste Herausforderung an. Der AC Germania empf\u00e4ngt die Ringer aus dem Norden, den Reiseweltmeiser der Liga vom RV L\u00fcbtheen. In der Hoffnung alle Sportler wieder gesund an Bord zu haben, ist in der Unstruthalle eines m\u00f6glich. Ich kann nicht sagen warum, aber ich habe ein gutes Gef\u00fchl.<\/p>\n<p class=\"Text\">Interessant wird es auch in der Oberliga. Ab Samstag stehen die Platzierungsk\u00e4mpfe an. Im Halbfinale stehen sich der AC Germania II und die Gastgeber aus Salzgitter gegen\u00fcber. Am 19.11. 2016 findet dann der R\u00fcckkampf in der Unstruthalle statt.<\/p>\n<hr \/>\n<p><strong>Einzelergebnisse<\/strong><\/p>\n<p><img loading=\"lazy\" decoding=\"async\" class=\"alignnone size-full wp-image-4688\" src=\"https:\/\/www.ac-germania.com\/A_ACG\/wordpress\/wp-content\/uploads\/2016\/11\/2016-11-06-002.jpg\" alt=\"2016-11-06-002\" width=\"800\" height=\"458\" srcset=\"https:\/\/www.ac-germania.com\/A_ACG\/wordpress\/wp-content\/uploads\/2016\/11\/2016-11-06-002.jpg 800w, https:\/\/www.ac-germania.com\/A_ACG\/wordpress\/wp-content\/uploads\/2016\/11\/2016-11-06-002-300x172.jpg 300w, https:\/\/www.ac-germania.com\/A_ACG\/wordpress\/wp-content\/uploads\/2016\/11\/2016-11-06-002-768x440.jpg 768w, https:\/\/www.ac-germania.com\/A_ACG\/wordpress\/wp-content\/uploads\/2016\/11\/2016-11-06-002-150x86.jpg 150w\" sizes=\"auto, (max-width: 800px) 100vw, 800px\" \/><\/p>\n<hr \/>\n<p><strong>Bilder<\/strong><\/p>\n<p><em>Leider stehen zu diesem Kampf keine Bilder zur Verf\u00fcgung.<\/em><\/p>\n","protected":false},"excerpt":{"rendered":"<p>[match id=264] Bericht: Thomas Grosche Nein, es lief nicht rund f\u00fcr die Germanen am vergangenen Samstag. Schon die Fahrt war eine Herausforderung f\u00fcr die Ringk\u00e4mpfer des AC. Fr\u00fch einsetzende Dunkelheit und str\u00f6mender Regen zehrten an den Nerven. Die Aufstellungsvarianten, die Trainer Michael Getschmann aus dem Hut zaubern konnte, taten ihr \u2026 <a class=\"continue-reading-link\" href=\"https:\/\/www.ac-germania.com\/?p=4680\">Weiterlesen <span class=\"meta-nav\">&rarr; <\/span><\/a><\/p>\n","protected":false},"author":1,"featured_media":4690,"comment_status":"open","ping_status":"open","sticky":false,"template":"","format":"standard","meta":{"footnotes":""},"categories":[9],"tags":[],"class_list":["post-4680","post","type-post","status-publish","format-standard","has-post-thumbnail","hentry","category-news-2016"],"_links":{"self":[{"href":"https:\/\/www.ac-germania.com\/index.php?rest_route=\/wp\/v2\/posts\/4680","targetHints":{"allow":["GET"]}}],"collection":[{"href":"https:\/\/www.ac-germania.com\/index.php?rest_route=\/wp\/v2\/posts"}],"about":[{"href":"https:\/\/www.ac-germania.com\/index.php?rest_route=\/wp\/v2\/types\/post"}],"author":[{"embeddable":true,"href":"https:\/\/www.ac-germania.com\/index.php?rest_route=\/wp\/v2\/users\/1"}],"replies":[{"embeddable":true,"href":"https:\/\/www.ac-germania.com\/index.php?rest_route=%2Fwp%2Fv2%2Fcomments&post=4680"}],"version-history":[{"count":0,"href":"https:\/\/www.ac-germania.com\/index.php?rest_route=\/wp\/v2\/posts\/4680\/revisions"}],"wp:featuredmedia":[{"embeddable":true,"href":"https:\/\/www.ac-germania.com\/index.php?rest_route=\/wp\/v2\/media\/4690"}],"wp:attachment":[{"href":"https:\/\/www.ac-germania.com\/index.php?rest_route=%2Fwp%2Fv2%2Fmedia&parent=4680"}],"wp:term":[{"taxonomy":"category","embeddable":true,"href":"https:\/\/www.ac-germania.com\/index.php?rest_route=%2Fwp%2Fv2%2Fcategories&post=4680"},{"taxonomy":"post_tag","embeddable":true,"href":"https:\/\/www.ac-germania.com\/index.php?rest_route=%2Fwp%2Fv2%2Ftags&post=4680"}],"curies":[{"name":"wp","href":"https:\/\/api.w.org\/{rel}","templated":true}]}}