{"id":4458,"date":"2016-09-02T09:50:24","date_gmt":"2016-09-02T08:50:24","guid":{"rendered":"http:\/\/www.ac-germania.com\/?p=4458"},"modified":"2016-09-02T09:53:07","modified_gmt":"2016-09-02T08:53:07","slug":"endlich-saisonauftakt-im-salinepark","status":"publish","type":"post","link":"https:\/\/www.ac-germania.com\/?p=4458","title":{"rendered":"Endlich! Saisonauftakt im Salinepark."},"content":{"rendered":"<p><img loading=\"lazy\" decoding=\"async\" class=\"size-full wp-image-3611 aligncenter\" src=\"https:\/\/www.ac-germania.com\/A_ACG\/wordpress\/wp-content\/uploads\/2015\/10\/2015-10-11-001.jpg\" alt=\"2015-10-11-001\" width=\"800\" height=\"467\" srcset=\"https:\/\/www.ac-germania.com\/A_ACG\/wordpress\/wp-content\/uploads\/2015\/10\/2015-10-11-001.jpg 800w, https:\/\/www.ac-germania.com\/A_ACG\/wordpress\/wp-content\/uploads\/2015\/10\/2015-10-11-001-300x175.jpg 300w, https:\/\/www.ac-germania.com\/A_ACG\/wordpress\/wp-content\/uploads\/2015\/10\/2015-10-11-001-150x88.jpg 150w\" sizes=\"auto, (max-width: 800px) 100vw, 800px\" \/><\/p>\n<p>Bericht: Thomas Grosche<\/p>\n<p>Es ist soweit. In Artern wird ab Samstag wieder gerungen. Und nicht irgendwo, sondern auf der traditionellen Freilichtb\u00fchne im Salinepark. Der Wettergott zeigte vollstes Verst\u00e4ndnis f\u00fcr die Ringerei in der doch manchmal so trostlosen Kleinstadt an der Unstrut und h\u00e4lt die Schleusen geschlossen. Ab 17.30 Uhr geht es los auf dem Mattenquadrat, den Auftakt macht das neu formierte Team der 2. Mannschaft des AC Germania. In der Oberliga Mitteldeutschland treffen die jungen Wilden auf die Ringk\u00e4mpfer des Magdeburger SV. \u00dcber Chancen kann man bisher nur spekulieren, die Magdeburger sind als Ligaprimus sicher Favorit, aber mal sehen, was der Nachwuchs der Germanen so alles drauf hat. Au\u00dferdem sollte gerade der Veranstaltungsort und die hoffentlich gut besuchte Freilichtb\u00fchne dem einen oder anderen Athleten Fl\u00fcgel verleihen.<\/p>\n<p>Ab 19.30 Uhr wir es dann in der 2. Bundesliga Nord ernst. Hier empf\u00e4ngt der AC Germania die G\u00e4ste aus Thalheim im Erzgebirge. Die Drei-Tannen-St\u00e4dter standen im vergangenen Jahr nach einer beeindruckenden Saison auf dem Podest und werden auch in diesem Jahr als einer der Kandidaten f\u00fcr das begehrte Edelmetall gehandelt. Somit sind die Karten nat\u00fcrlich klar verteilt, nach dazu haben die Thalheimer ihren schon bis dato gut sortierten Kader um weitere 8 Sportler aufgestockt. Somit sind Spekulationen \u00fcber eventuelle Aufstellungsvarianten m\u00fchlselig. Ausrechenbarer sind dagegen die Germanen. Auch wenn es\u00a0 der letzte Tabellenplatz in der vergangenen Saison war,\u00a0 hat man hier an den Sportlern festgehalten, die sich trotz knapper Niederlagen in die Herzen der begeisterten Fans gek\u00e4mpft hatten. Nur Genadi Marinov und Matous Morbitzer verst\u00e4rken die Germania-Truppe.<\/p>\n<p>Wir d\u00fcrfen uns auf einen kurzweiligen und spannenden Kampfabend auf der wundersch\u00f6n gelegenen Traditionsfreilichtb\u00fchne in Artern freuen. Ab 17.30 Uhr steigt das Spektakel und eins k\u00f6nnen wir garantieren. Platz ist genug da. AC,AC,AC.<\/p>\n<h2><a href=\"http:\/\/www.ringen-thalheim.de\/rvt\/index.php\/news-berichte\/articles\/saison-premiere-unter-freiem-himmel.html\" target=\"_blank\">&gt;&gt; Hier gehts zur Vorschau des RV Thalheim<\/a><\/h2>\n","protected":false},"excerpt":{"rendered":"<p>Bericht: Thomas Grosche Es ist soweit. In Artern wird ab Samstag wieder gerungen. Und nicht irgendwo, sondern auf der traditionellen Freilichtb\u00fchne im Salinepark. Der Wettergott zeigte vollstes Verst\u00e4ndnis f\u00fcr die Ringerei in der doch manchmal so trostlosen Kleinstadt an der Unstrut und h\u00e4lt die Schleusen geschlossen. Ab 17.30 Uhr geht \u2026 <a class=\"continue-reading-link\" href=\"https:\/\/www.ac-germania.com\/?p=4458\">Weiterlesen <span class=\"meta-nav\">&rarr; <\/span><\/a><\/p>\n","protected":false},"author":1,"featured_media":3611,"comment_status":"open","ping_status":"open","sticky":false,"template":"","format":"standard","meta":{"footnotes":""},"categories":[9],"tags":[],"class_list":["post-4458","post","type-post","status-publish","format-standard","has-post-thumbnail","hentry","category-news-2016"],"_links":{"self":[{"href":"https:\/\/www.ac-germania.com\/index.php?rest_route=\/wp\/v2\/posts\/4458","targetHints":{"allow":["GET"]}}],"collection":[{"href":"https:\/\/www.ac-germania.com\/index.php?rest_route=\/wp\/v2\/posts"}],"about":[{"href":"https:\/\/www.ac-germania.com\/index.php?rest_route=\/wp\/v2\/types\/post"}],"author":[{"embeddable":true,"href":"https:\/\/www.ac-germania.com\/index.php?rest_route=\/wp\/v2\/users\/1"}],"replies":[{"embeddable":true,"href":"https:\/\/www.ac-germania.com\/index.php?rest_route=%2Fwp%2Fv2%2Fcomments&post=4458"}],"version-history":[{"count":0,"href":"https:\/\/www.ac-germania.com\/index.php?rest_route=\/wp\/v2\/posts\/4458\/revisions"}],"wp:featuredmedia":[{"embeddable":true,"href":"https:\/\/www.ac-germania.com\/index.php?rest_route=\/wp\/v2\/media\/3611"}],"wp:attachment":[{"href":"https:\/\/www.ac-germania.com\/index.php?rest_route=%2Fwp%2Fv2%2Fmedia&parent=4458"}],"wp:term":[{"taxonomy":"category","embeddable":true,"href":"https:\/\/www.ac-germania.com\/index.php?rest_route=%2Fwp%2Fv2%2Fcategories&post=4458"},{"taxonomy":"post_tag","embeddable":true,"href":"https:\/\/www.ac-germania.com\/index.php?rest_route=%2Fwp%2Fv2%2Ftags&post=4458"}],"curies":[{"name":"wp","href":"https:\/\/api.w.org\/{rel}","templated":true}]}}