{"id":437,"date":"2012-12-18T11:54:23","date_gmt":"2012-12-18T09:54:23","guid":{"rendered":"http:\/\/www.ac-germania.com\/A_ACG\/wordpress\/?p=437"},"modified":"2012-12-18T11:54:23","modified_gmt":"2012-12-18T09:54:23","slug":"alles-nach-plan-interview-mit-acg-coach-michael-getschmann","status":"publish","type":"post","link":"https:\/\/www.ac-germania.com\/?p=437","title":{"rendered":"Alles nach Plan &#8211; Interview mit ACG-Coach Michael Getschmann"},"content":{"rendered":"<p>Als Aufsteiger zur Ringer-Regionalliga kamen Arterns Germanen als starke Vierte durch das Saisonziel. Zuletzt bezwang der AC sogar den Meister. Mit Trainer Michael Getschmann sprach Alexander Krospe von der Th\u00fcringer Allgemeine.<\/p>\n<p>Am Samstag besiegte Ihre Mannschaft Regionalliga-Meister L\u00fcbtheen nach einem echten Krimi 20:19. H\u00e4tte es einen sch\u00f6neren Saisonausklang geben k\u00f6nnen?<\/p>\n<p>Nein! Das war die gr\u00f6\u00dfte \u00dcberraschung der Saison. Es lief einfach alles nach Plan. Aber das war auch schon vor zwei Wochen beim Sieg \u00fcber Frankfurt\/Oder so!<\/p>\n<p>Ihr Saisonziel lautete Platz f\u00fcnf. Als starker Vierter fehlte am Ende sogar nur ein einziges P\u00fcnktchen auf den Bronzerang in der Regionalliga-Tabelle. \u00c4rgert das?<\/p>\n<p>Nein, immerhin war unser Saisonziel bis zum letzten Kampf in Gefahr. Potsdam h\u00e4tte mit dem 24:13-Sieg in Frankfurt\/Oder noch an uns vorbeiziehen k\u00f6nnen, wenn wir nicht gegen L\u00fcbtheen gewonnen h\u00e4tten. Ich habe von Anfang an gesagt, dass schon der Kampf um Platz f\u00fcnf schwer genug wird, wir aber auch auf Rang vier schielen wollen.<\/p>\n<p>Hand aufs Herz: Haben Sie als Aufsteiger mit so einer starken Saison gerechnet?<\/p>\n<p>Nee, dass es so gut l\u00e4uft, konnte man nicht vorhersehen. Wir sind sicherlich immer f\u00fcr eine \u00dcberraschung gut. Aber wir wollten auch den Ball flach halten. Bescheidenheit zeichnet uns schlie\u00dflich auch aus.<\/p>\n<p>Was sind weitere St\u00e4rken der Mannschaft?<\/p>\n<p>Eine besondere St\u00e4rke war die Kondition. Die hat absolut gestimmt. Wir haben knallhart darauf hingearbeitet, immer \u00fcber f\u00fcnf Runden gehen zu k\u00f6nnen \u2013 so wie Daniel Geist beispielsweise gegen L\u00fcbtheen. Eine weitere St\u00e4rke ist der Zusammenhalt. Jeder kann mit jedem. Und jeder kann seine Meinung frei \u00e4u\u00dfern, ohne, dass jemand anderes eingeschnappt ist. Au\u00dferdem ist der Einsatz im Verein so toll. Damit meine ich nicht nur die Sportler, sondern vor allem die Menschen, die hier uneigenn\u00fctzig an der Kasse stehen oder Kisten schleppen. Eben die, deren Namen sonst nicht erw\u00e4hnt werden. Ihnen geb\u00fchrt der Dank vom Verein!<\/p>\n<p>Wenn man die Leistung von der Auftaktniederlage gegen Luftfahrt Berlin II und den schwachen Saisonstart mit dem Kampf am Samstag gegen Meister L\u00fcbtheen vergleicht: Wie hat sich die Mannschaft entwickelt?<\/p>\n<p>Berlin hat uns abgekocht. Gegen diese mit Erstliga-Ringern verst\u00e4rkte Mannschaft konnten wir nicht gewinnen. Aber da gab es anfangs auch Reibereien im Team, auch, weil zwei Sportlern der Ehrgeiz gefehlt hat. Die habe ich rausgeschmissen, ab da an lief es. Beim Ausw\u00e4rtssieg in L\u00fcbtheen kam die Kehrtwende der Saison. Das hat die Mannschaft unheimlich zusammengeschwei\u00dft.<\/p>\n<p>Was war Ihr sch\u00f6nster Saisonmoment?<\/p>\n<p>Zweifellos der Revanche-Sieg in Berlin. Das war eine absolute Genugtuung. Berlin hatte im R\u00fcckkampf nur den Regionalliga-Kader zur Verf\u00fcgung. Das war ein Kampf Auge in Auge.<\/p>\n<p>Vor der Saison gab es sieben Neuzug\u00e4nge. Wer ist besonders herausgestochen?<\/p>\n<p>Da kann ich keinen herausheben. Die haben sich alle den Po aufgerissen. Ich mache da keine Unterschiede. Ich mag alle Jungs, das wissen die auch.<\/p>\n<p>Aber so ein Oldrich Varga mit nur einer Saisonniederlage ist doch sicher Gold wert?<\/p>\n<p>Klar. Als er von der Junioren-WM gekommen ist und in L\u00fcbtheen seinen ersten Kampf gewonnen hat, dachte ich, ich habe eine Maschine vor mir. Aber noch einmal: Alle Athleten sind extrem wichtig! <\/p>\n<p>Auch der Nachwuchs?<\/p>\n<p>Aber sicher. Ich h\u00e4tte Pascal G\u00f6bel und Nick Ratayczak gern \u00f6fter eingesetzt. Aber es ging eben bis zuletzt um das Erreichen des Saisonziels. Sie m\u00fcssen weiter arbeiten und ihr Gewicht erreichen. Dann werden sie auch sukzessive ihre Eins\u00e4tze bekommen. <\/p>\n<p>Was wird sich f\u00fcr die kommende Saison am Kader tun?<\/p>\n<p>Stand heute gibt es keine Abg\u00e4nge zu verzeichnen. Ich w\u00fcrde gern den Unterboden mit Eigengew\u00e4chsen wie Pascal oder Nick verst\u00e4rken. Auch auf Alex Lehmann freue ich mich zuk\u00fcnftig. Wir hatten in der Saison einen der kleinsten Kader der Liga. Das soll sich \u00e4ndern.<\/p>\n<p>Sind Sie froh, dass die Saison vor\u00fcber ist?<\/p>\n<p>Mehr als das. Ich brauche bis Dienstag Zeit, um einen Kampf zu verarbeiten und ab Mittwoch bin ich schon bei der Vorbereitung f\u00fcr den n\u00e4chsten. Jetzt ist erstmal wieder ein bisschen Ruhe angesagt, wobei es ja am 5. Januar schon mit den Landesmeisterschaften weitergeht.<\/p>\n","protected":false},"excerpt":{"rendered":"<p>Als Aufsteiger zur Ringer-Regionalliga kamen Arterns Germanen als starke Vierte durch das Saisonziel. Zuletzt bezwang der AC sogar den Meister. Mit Trainer Michael Getschmann sprach Alexander Krospe von der Th\u00fcringer Allgemeine. Am Samstag besiegte Ihre Mannschaft Regionalliga-Meister L\u00fcbtheen nach einem echten Krimi 20:19. H\u00e4tte es einen sch\u00f6neren Saisonausklang geben k\u00f6nnen? \u2026 <a class=\"continue-reading-link\" href=\"https:\/\/www.ac-germania.com\/?p=437\">Weiterlesen <span class=\"meta-nav\">&rarr; <\/span><\/a><\/p>\n","protected":false},"author":1,"featured_media":0,"comment_status":"open","ping_status":"open","sticky":false,"template":"","format":"standard","meta":{"footnotes":""},"categories":[5],"tags":[],"class_list":["post-437","post","type-post","status-publish","format-standard","hentry","category-news-2012"],"_links":{"self":[{"href":"https:\/\/www.ac-germania.com\/index.php?rest_route=\/wp\/v2\/posts\/437","targetHints":{"allow":["GET"]}}],"collection":[{"href":"https:\/\/www.ac-germania.com\/index.php?rest_route=\/wp\/v2\/posts"}],"about":[{"href":"https:\/\/www.ac-germania.com\/index.php?rest_route=\/wp\/v2\/types\/post"}],"author":[{"embeddable":true,"href":"https:\/\/www.ac-germania.com\/index.php?rest_route=\/wp\/v2\/users\/1"}],"replies":[{"embeddable":true,"href":"https:\/\/www.ac-germania.com\/index.php?rest_route=%2Fwp%2Fv2%2Fcomments&post=437"}],"version-history":[{"count":0,"href":"https:\/\/www.ac-germania.com\/index.php?rest_route=\/wp\/v2\/posts\/437\/revisions"}],"wp:attachment":[{"href":"https:\/\/www.ac-germania.com\/index.php?rest_route=%2Fwp%2Fv2%2Fmedia&parent=437"}],"wp:term":[{"taxonomy":"category","embeddable":true,"href":"https:\/\/www.ac-germania.com\/index.php?rest_route=%2Fwp%2Fv2%2Fcategories&post=437"},{"taxonomy":"post_tag","embeddable":true,"href":"https:\/\/www.ac-germania.com\/index.php?rest_route=%2Fwp%2Fv2%2Ftags&post=437"}],"curies":[{"name":"wp","href":"https:\/\/api.w.org\/{rel}","templated":true}]}}