{"id":4342,"date":"2016-08-10T09:58:39","date_gmt":"2016-08-10T08:58:39","guid":{"rendered":"http:\/\/www.ac-germania.com\/?p=4342"},"modified":"2016-08-10T09:58:39","modified_gmt":"2016-08-10T08:58:39","slug":"ringkampfveteran-harald-michel-feiert-75-geburtstag","status":"publish","type":"post","link":"https:\/\/www.ac-germania.com\/?p=4342","title":{"rendered":"Ringkampfveteran Harald Michel feiert 75. Geburtstag"},"content":{"rendered":"<h5>Bericht: Manja Braunsdorf<\/h5>\n<p>Die Arterner Ringergemeinschaft pr\u00e4sentiert sich nicht nur im Rahmen der aktiven Wettkampfgeschehnisse. Nein, der Verein zeigt sich auch abseits der Matte immer gesellig und Freunden verbunden. Dabei werden auch die alten Athleten nicht vergessen.<\/p>\n<p><img loading=\"lazy\" decoding=\"async\" class=\"alignnone size-full wp-image-4343\" src=\"https:\/\/www.ac-germania.com\/A_ACG\/wordpress\/wp-content\/uploads\/2016\/08\/2016-08-10-002.jpg\" alt=\"2016-08-10-002\" width=\"800\" height=\"533\" srcset=\"https:\/\/www.ac-germania.com\/A_ACG\/wordpress\/wp-content\/uploads\/2016\/08\/2016-08-10-002.jpg 800w, https:\/\/www.ac-germania.com\/A_ACG\/wordpress\/wp-content\/uploads\/2016\/08\/2016-08-10-002-300x200.jpg 300w, https:\/\/www.ac-germania.com\/A_ACG\/wordpress\/wp-content\/uploads\/2016\/08\/2016-08-10-002-768x512.jpg 768w, https:\/\/www.ac-germania.com\/A_ACG\/wordpress\/wp-content\/uploads\/2016\/08\/2016-08-10-002-150x100.jpg 150w\" sizes=\"auto, (max-width: 800px) 100vw, 800px\" \/><\/p>\n<p>So war es aktuell ein Freude und Bed\u00fcrfnis den 75. Geburtstag von Harald Michel am 19. Juli in Artern zu feiern. Ehrenpr\u00e4sident Gerd Pillep, sowie weitere Germanen folgten der Einladung Michels und gratulierten von Herzen und im Namen aller Vereinsmitglieder. Die Gratulantenschar setzte sich nicht nur aus Freunden und Wegbegleitern zusammen, sondern auch aus ehemaligen Sch\u00fctzlingen aus Zeiten des Ringertrainingszentrums.<\/p>\n<p>Mit Harald Michel und seiner Frau Brigitte verlebte man so sch\u00f6ne Stunden im heimischen Garten. Viel konnten die \u201eAlten\u201c berichten. Manch lustige Geschichte wurde erz\u00e4hlt, aber auch Vergleiche gezogen zwischen den Trainings- und Wettkampfbedingungen der vergangenen Jahrzehnte und der heutigen Zeit. Es ist immer wieder ein Erlebnis den alten Geschichten zu lauschen, wenn Harald Michel, Manfred Deinert oder Gerd Pillep davon berichten, wie fr\u00fcher organisiert, verwaltet, gek\u00e4mpft und gefeiert wurde. Da wird stolz kund getan, wie man Wettk\u00e4mpfe und gro\u00dfe Sportereignisse in Artern auf die Beine gestellt hat, aber auch Reisen ins Ausland oder rar gewordenene Ausr\u00fcstungs- und Trainingsutensilien oder Sportbekleidung organisierte. Gern wird dann der Coup belacht, als Harald Michel und Gerd Pillep mit seiner Frau nach zahlreichen Vorgespr\u00e4chen zu weiteren \u201eVerhandlungen\u201c in den 70zigern nach Limbach-Oberfrohna reisten und um Unterst\u00fctzung \u201erangen\u201c. Mit Hartn\u00e4ckigkeit, gutem Vortrag und \u00dcberzeugungskraft konnte dann vor Ort ein Teilkontigent von Traningsanz\u00fcgen, welche eigentlich ins kapitalistische Ausland exportiert werden sollten, vom VEB Trikotbella nach Artern \u201eabgezweigt\u201c werden. Somit konnte das Trainingszentrum Ringen und die Gewichtheber-Sektion im Jugend- und M\u00e4nnerbereich ausgestattet werden. Gro\u00df war danach die \u00dcberraschung in Artern beim ersten offiziellen Ausf\u00fchren der neuen Kleidung zum 1. Mai-Feiertag.<\/p>\n<p><img loading=\"lazy\" decoding=\"async\" class=\"alignnone size-full wp-image-4344\" src=\"https:\/\/www.ac-germania.com\/A_ACG\/wordpress\/wp-content\/uploads\/2016\/08\/2016-08-10-001.jpg\" alt=\"2016-08-10-001\" width=\"800\" height=\"521\" srcset=\"https:\/\/www.ac-germania.com\/A_ACG\/wordpress\/wp-content\/uploads\/2016\/08\/2016-08-10-001.jpg 800w, https:\/\/www.ac-germania.com\/A_ACG\/wordpress\/wp-content\/uploads\/2016\/08\/2016-08-10-001-300x195.jpg 300w, https:\/\/www.ac-germania.com\/A_ACG\/wordpress\/wp-content\/uploads\/2016\/08\/2016-08-10-001-768x500.jpg 768w, https:\/\/www.ac-germania.com\/A_ACG\/wordpress\/wp-content\/uploads\/2016\/08\/2016-08-10-001-150x98.jpg 150w\" sizes=\"auto, (max-width: 800px) 100vw, 800px\" \/><\/p>\n<p>Aber auch \u00fcber Harald Michel selbst l\u00e4sst sich Einiges berichten. Seit vielen Jahrzehnten ist er Vereinsmitglied. Als aktiver Ringer stieg er in den sp\u00e4ten 50 Jahren bei den Germanen ein, bestritt Einzelwettk\u00e4mpfe und war Teil der M\u00e4nnermannschaft. Sp\u00e4ter setzte er sein Engagement als erfolgsorientierter \u00dcbungsleiter im Trainingszentrum Ringen in Artern, parallel zur beruflichen Fortbildung und einem Fernstudium, fort. Hierbei sorgte er f\u00fcr so manchen Erfolg seiner jungen Sch\u00fctzlinge. Neben Meisterschaftsmedaillen auf DDR-Ebene ist dabei besonders das Erringen der begehrten Arthur-Becker-Medaille 1973 f\u00fcr die Jugendmannschaft zu erw\u00e4hnen. Als Mitglied des Vorstandes der damaligen BSG Motor Artern brachte er sich auch aktiv mit ein und nahm regelm\u00e4\u00dfig im Rahmen der Spartakiadedelegationen des Bezirkes Halle als Funktion\u00e4r. Als sich nach der politischen Wende, neben der beruflichen Laufbahn auch die sportliche Organisation stark ver\u00e4nderte, galt es auch f\u00fcr Harald Michel Priorit\u00e4ten zu setzen, sich um die Familie zu k\u00fcmmern und im Beruf Fu\u00df zu fassen. Trotzdem blieb er dem Verein bis heute treu. Man trifft in an Wettkampftagen ebenso wie bei Athletentreffen noch immer im Ringerhaus. In Anerkennung f\u00fcr seine langj\u00e4hrigen Verdienste im Ringkampfsport wurde ihm daher folgerichtig im Jahr 2006 die Goldene Ehrennadel des Deutschen Ringerbundes verliehen.<\/p>\n<p><strong>Auf diesem Wege gratuliert der AC Germania e.V. seinem Vereinskameraden nochmals herzlich zum Geburtstag und w\u00fcnscht weiterhin alles Gute f\u00fcr die kommenden Jahre.<\/strong><\/p>\n<p><img loading=\"lazy\" decoding=\"async\" class=\"alignnone size-full wp-image-4345\" src=\"https:\/\/www.ac-germania.com\/A_ACG\/wordpress\/wp-content\/uploads\/2016\/08\/2016-08-10-003.jpg\" alt=\"2016-08-10-003\" width=\"800\" height=\"762\" srcset=\"https:\/\/www.ac-germania.com\/A_ACG\/wordpress\/wp-content\/uploads\/2016\/08\/2016-08-10-003.jpg 800w, https:\/\/www.ac-germania.com\/A_ACG\/wordpress\/wp-content\/uploads\/2016\/08\/2016-08-10-003-300x286.jpg 300w, https:\/\/www.ac-germania.com\/A_ACG\/wordpress\/wp-content\/uploads\/2016\/08\/2016-08-10-003-768x732.jpg 768w, https:\/\/www.ac-germania.com\/A_ACG\/wordpress\/wp-content\/uploads\/2016\/08\/2016-08-10-003-150x143.jpg 150w\" sizes=\"auto, (max-width: 800px) 100vw, 800px\" \/><\/p>\n<p><img loading=\"lazy\" decoding=\"async\" class=\"alignnone size-full wp-image-4346\" src=\"https:\/\/www.ac-germania.com\/A_ACG\/wordpress\/wp-content\/uploads\/2016\/08\/2016-08-10-004.jpg\" alt=\"2016-08-10-004\" width=\"800\" height=\"480\" srcset=\"https:\/\/www.ac-germania.com\/A_ACG\/wordpress\/wp-content\/uploads\/2016\/08\/2016-08-10-004.jpg 800w, https:\/\/www.ac-germania.com\/A_ACG\/wordpress\/wp-content\/uploads\/2016\/08\/2016-08-10-004-300x180.jpg 300w, https:\/\/www.ac-germania.com\/A_ACG\/wordpress\/wp-content\/uploads\/2016\/08\/2016-08-10-004-768x461.jpg 768w, https:\/\/www.ac-germania.com\/A_ACG\/wordpress\/wp-content\/uploads\/2016\/08\/2016-08-10-004-250x150.jpg 250w, https:\/\/www.ac-germania.com\/A_ACG\/wordpress\/wp-content\/uploads\/2016\/08\/2016-08-10-004-150x90.jpg 150w\" sizes=\"auto, (max-width: 800px) 100vw, 800px\" \/><\/p>\n","protected":false},"excerpt":{"rendered":"<p>Bericht: Manja Braunsdorf Die Arterner Ringergemeinschaft pr\u00e4sentiert sich nicht nur im Rahmen der aktiven Wettkampfgeschehnisse. Nein, der Verein zeigt sich auch abseits der Matte immer gesellig und Freunden verbunden. Dabei werden auch die alten Athleten nicht vergessen. So war es aktuell ein Freude und Bed\u00fcrfnis den 75. Geburtstag von Harald \u2026 <a class=\"continue-reading-link\" href=\"https:\/\/www.ac-germania.com\/?p=4342\">Weiterlesen <span class=\"meta-nav\">&rarr; <\/span><\/a><\/p>\n","protected":false},"author":1,"featured_media":4343,"comment_status":"open","ping_status":"open","sticky":false,"template":"","format":"standard","meta":{"footnotes":""},"categories":[9],"tags":[],"class_list":["post-4342","post","type-post","status-publish","format-standard","has-post-thumbnail","hentry","category-news-2016"],"_links":{"self":[{"href":"https:\/\/www.ac-germania.com\/index.php?rest_route=\/wp\/v2\/posts\/4342","targetHints":{"allow":["GET"]}}],"collection":[{"href":"https:\/\/www.ac-germania.com\/index.php?rest_route=\/wp\/v2\/posts"}],"about":[{"href":"https:\/\/www.ac-germania.com\/index.php?rest_route=\/wp\/v2\/types\/post"}],"author":[{"embeddable":true,"href":"https:\/\/www.ac-germania.com\/index.php?rest_route=\/wp\/v2\/users\/1"}],"replies":[{"embeddable":true,"href":"https:\/\/www.ac-germania.com\/index.php?rest_route=%2Fwp%2Fv2%2Fcomments&post=4342"}],"version-history":[{"count":0,"href":"https:\/\/www.ac-germania.com\/index.php?rest_route=\/wp\/v2\/posts\/4342\/revisions"}],"wp:featuredmedia":[{"embeddable":true,"href":"https:\/\/www.ac-germania.com\/index.php?rest_route=\/wp\/v2\/media\/4343"}],"wp:attachment":[{"href":"https:\/\/www.ac-germania.com\/index.php?rest_route=%2Fwp%2Fv2%2Fmedia&parent=4342"}],"wp:term":[{"taxonomy":"category","embeddable":true,"href":"https:\/\/www.ac-germania.com\/index.php?rest_route=%2Fwp%2Fv2%2Fcategories&post=4342"},{"taxonomy":"post_tag","embeddable":true,"href":"https:\/\/www.ac-germania.com\/index.php?rest_route=%2Fwp%2Fv2%2Ftags&post=4342"}],"curies":[{"name":"wp","href":"https:\/\/api.w.org\/{rel}","templated":true}]}}