{"id":4321,"date":"2016-07-28T16:49:44","date_gmt":"2016-07-28T15:49:44","guid":{"rendered":"http:\/\/www.ac-germania.com\/?p=4321"},"modified":"2016-07-28T16:49:44","modified_gmt":"2016-07-28T15:49:44","slug":"neuzugang-matous-morbitzer-komplettiert-tschechisches-trio-beim-acg","status":"publish","type":"post","link":"https:\/\/www.ac-germania.com\/?p=4321","title":{"rendered":"Neuzugang: Matou\u0161 Morbitzer komplettiert tschechisches-Trio beim ACG"},"content":{"rendered":"<p><img loading=\"lazy\" decoding=\"async\" class=\"alignnone size-full wp-image-4322\" src=\"https:\/\/www.ac-germania.com\/A_ACG\/wordpress\/wp-content\/uploads\/2016\/07\/2016-07-27-001.jpg\" alt=\"2016-07-27-001\" width=\"800\" height=\"300\" srcset=\"https:\/\/www.ac-germania.com\/A_ACG\/wordpress\/wp-content\/uploads\/2016\/07\/2016-07-27-001.jpg 800w, https:\/\/www.ac-germania.com\/A_ACG\/wordpress\/wp-content\/uploads\/2016\/07\/2016-07-27-001-300x113.jpg 300w, https:\/\/www.ac-germania.com\/A_ACG\/wordpress\/wp-content\/uploads\/2016\/07\/2016-07-27-001-768x288.jpg 768w, https:\/\/www.ac-germania.com\/A_ACG\/wordpress\/wp-content\/uploads\/2016\/07\/2016-07-27-001-150x56.jpg 150w\" sizes=\"auto, (max-width: 800px) 100vw, 800px\" \/><\/p>\n<p><strong>Name:<\/strong> Matous Morbitzer<br \/>\n<strong>Geburtstag:<\/strong> 12.12.1993<br \/>\n<strong>Beruf:<\/strong> Sportler<\/p>\n<p><strong>Bisherige Vereine:<br \/>\n<\/strong>AC 1897 Werdau<br \/>\nRSK Gelenau<\/p>\n<p>In f\u00fcnf Wochen beginnt f\u00fcr den AC Germania Artern die neue Saison in der 2. Bundesliga Nord, im letzten Jahr sportlich abgestiegen, profitierten die Germanen vom R\u00fcckzug des AC Werdau aus der zweiten deutschen Eliteklasse. Und genau von diesem Verein konnte mit dem Tschechen Matous Morbitzer ein neuer hochkar\u00e4tiger Neuzugang an die Unstrut gelockt werden.<\/p>\n<p>Matous ist in Deutschland kein unbekannter, bereits 2012 wechselte er zum RSK Gelenau in die Regionalliga, dort musste er sich lediglich zweimal geschlagen geben. 2013 folgte mit Gelenau der Meistertitel in der Regionalliga, an die Finalk\u00e4mpfe gegen den ACG k\u00f6nnen sich die meisten noch sehr gut (wenn auch ungern) erinnern. Aufgrund seiner starken Saison wurde der AC Werdau auf Matous aufmerksam und verpflichtete den Tschechen zur Saison 2014. Die beiden Jahre in Werdau verliefen laut eigener Aussage f\u00fcr den Tschechen leider nicht zufriedenstellend, vier Siegen stehen acht Niederlagen entgegen. Es scheint als h\u00e4tte es beim ACW einfach nicht gepasst.<\/p>\n<p><img loading=\"lazy\" decoding=\"async\" class=\"size-full wp-image-4325 aligncenter\" src=\"https:\/\/www.ac-germania.com\/A_ACG\/wordpress\/wp-content\/uploads\/2016\/07\/2016-07-27-002.jpg\" alt=\"2016-07-27-002\" width=\"800\" height=\"533\" srcset=\"https:\/\/www.ac-germania.com\/A_ACG\/wordpress\/wp-content\/uploads\/2016\/07\/2016-07-27-002.jpg 800w, https:\/\/www.ac-germania.com\/A_ACG\/wordpress\/wp-content\/uploads\/2016\/07\/2016-07-27-002-300x200.jpg 300w, https:\/\/www.ac-germania.com\/A_ACG\/wordpress\/wp-content\/uploads\/2016\/07\/2016-07-27-002-768x512.jpg 768w, https:\/\/www.ac-germania.com\/A_ACG\/wordpress\/wp-content\/uploads\/2016\/07\/2016-07-27-002-150x100.jpg 150w\" sizes=\"auto, (max-width: 800px) 100vw, 800px\" \/><\/p>\n<p>International ist Matous in Tschechien im Limit bis 66kg GR die erste Besetzung, sechsmal durfte er an Weltmeisterschaften teilnehmen, viermal bei Europameisterschaften und im letzten Jahr nahm er an den ersten European Games in Baku (AZE) teil.<\/p>\n<p>Matous wird beim ACG im Limit bis 66kg Marco Scherf entlasten, kann bei Bedarf aber auch eine Klasse h\u00f6her eingesetzt werden. \u201eBeim Trainingslager wurde ich bereits sehr herzlich von der Mannschaft aufgenommen, ich freue mich auf die neue Saison in Artern und werde mein Bestes geben.\u201c so Morbitzer.<\/p>\n<p>Privat lebt der 22-j\u00e4hrige mit seiner Freundin Sabina und seiner Tochter Victorie in Prag und wird genau wie seine neuen Teamkollegen Jan Zizka und Oldrich Varga jede Woche zu den K\u00e4mpfen nach Deutschland reisen.<\/p>\n<p><strong>Wir freuen uns \u00fcber Matous Entscheidung f\u00fcr den AC Germania und w\u00fcnschen Ihm alles Gute im neuen Team!<\/strong><\/p>\n<p><img loading=\"lazy\" decoding=\"async\" class=\"size-full wp-image-4326 aligncenter\" src=\"https:\/\/www.ac-germania.com\/A_ACG\/wordpress\/wp-content\/uploads\/2016\/07\/2016-07-27-003.jpg\" alt=\"2016-07-27-003\" width=\"800\" height=\"494\" srcset=\"https:\/\/www.ac-germania.com\/A_ACG\/wordpress\/wp-content\/uploads\/2016\/07\/2016-07-27-003.jpg 800w, https:\/\/www.ac-germania.com\/A_ACG\/wordpress\/wp-content\/uploads\/2016\/07\/2016-07-27-003-300x185.jpg 300w, https:\/\/www.ac-germania.com\/A_ACG\/wordpress\/wp-content\/uploads\/2016\/07\/2016-07-27-003-768x474.jpg 768w, https:\/\/www.ac-germania.com\/A_ACG\/wordpress\/wp-content\/uploads\/2016\/07\/2016-07-27-003-150x93.jpg 150w\" sizes=\"auto, (max-width: 800px) 100vw, 800px\" \/><\/p>\n","protected":false},"excerpt":{"rendered":"<p>Name: Matous Morbitzer Geburtstag: 12.12.1993 Beruf: Sportler Bisherige Vereine: AC 1897 Werdau RSK Gelenau In f\u00fcnf Wochen beginnt f\u00fcr den AC Germania Artern die neue Saison in der 2. Bundesliga Nord, im letzten Jahr sportlich abgestiegen, profitierten die Germanen vom R\u00fcckzug des AC Werdau aus der zweiten deutschen Eliteklasse. Und \u2026 <a class=\"continue-reading-link\" href=\"https:\/\/www.ac-germania.com\/?p=4321\">Weiterlesen <span class=\"meta-nav\">&rarr; <\/span><\/a><\/p>\n","protected":false},"author":1,"featured_media":4322,"comment_status":"open","ping_status":"open","sticky":false,"template":"","format":"standard","meta":{"footnotes":""},"categories":[9],"tags":[],"class_list":["post-4321","post","type-post","status-publish","format-standard","has-post-thumbnail","hentry","category-news-2016"],"_links":{"self":[{"href":"https:\/\/www.ac-germania.com\/index.php?rest_route=\/wp\/v2\/posts\/4321","targetHints":{"allow":["GET"]}}],"collection":[{"href":"https:\/\/www.ac-germania.com\/index.php?rest_route=\/wp\/v2\/posts"}],"about":[{"href":"https:\/\/www.ac-germania.com\/index.php?rest_route=\/wp\/v2\/types\/post"}],"author":[{"embeddable":true,"href":"https:\/\/www.ac-germania.com\/index.php?rest_route=\/wp\/v2\/users\/1"}],"replies":[{"embeddable":true,"href":"https:\/\/www.ac-germania.com\/index.php?rest_route=%2Fwp%2Fv2%2Fcomments&post=4321"}],"version-history":[{"count":0,"href":"https:\/\/www.ac-germania.com\/index.php?rest_route=\/wp\/v2\/posts\/4321\/revisions"}],"wp:featuredmedia":[{"embeddable":true,"href":"https:\/\/www.ac-germania.com\/index.php?rest_route=\/wp\/v2\/media\/4322"}],"wp:attachment":[{"href":"https:\/\/www.ac-germania.com\/index.php?rest_route=%2Fwp%2Fv2%2Fmedia&parent=4321"}],"wp:term":[{"taxonomy":"category","embeddable":true,"href":"https:\/\/www.ac-germania.com\/index.php?rest_route=%2Fwp%2Fv2%2Fcategories&post=4321"},{"taxonomy":"post_tag","embeddable":true,"href":"https:\/\/www.ac-germania.com\/index.php?rest_route=%2Fwp%2Fv2%2Ftags&post=4321"}],"curies":[{"name":"wp","href":"https:\/\/api.w.org\/{rel}","templated":true}]}}