{"id":4299,"date":"2016-07-08T09:58:49","date_gmt":"2016-07-08T08:58:49","guid":{"rendered":"http:\/\/www.ac-germania.com\/?p=4299"},"modified":"2016-07-08T09:58:49","modified_gmt":"2016-07-08T08:58:49","slug":"fuenfter-platz-fuer-steve-brylla-beim-grossen-preis-von-baden-wuerttemberg","status":"publish","type":"post","link":"https:\/\/www.ac-germania.com\/?p=4299","title":{"rendered":"F\u00fcnfter Platz f\u00fcr Steve Brylla beim Gro\u00dfen Preis von Baden W\u00fcrttemberg"},"content":{"rendered":"<p>Steve Brylla vom AC Germania Artern feilt weiter an seiner Form f\u00fcr die neue Zweitligasaison, nachdem er mit seinem Saisonverlauf nicht ganz zufrieden war bereitet sich der Wahlm\u00fcnchner dieses Jahr sehr akribisch vor.<\/p>\n<p><img loading=\"lazy\" decoding=\"async\" class=\"alignnone size-full wp-image-4300\" src=\"https:\/\/www.ac-germania.com\/A_ACG\/wordpress\/wp-content\/uploads\/2016\/07\/2016-07-08-001.jpg\" alt=\"2016-07-08-001\" width=\"800\" height=\"484\" srcset=\"https:\/\/www.ac-germania.com\/A_ACG\/wordpress\/wp-content\/uploads\/2016\/07\/2016-07-08-001.jpg 800w, https:\/\/www.ac-germania.com\/A_ACG\/wordpress\/wp-content\/uploads\/2016\/07\/2016-07-08-001-300x182.jpg 300w, https:\/\/www.ac-germania.com\/A_ACG\/wordpress\/wp-content\/uploads\/2016\/07\/2016-07-08-001-768x465.jpg 768w, https:\/\/www.ac-germania.com\/A_ACG\/wordpress\/wp-content\/uploads\/2016\/07\/2016-07-08-001-250x150.jpg 250w, https:\/\/www.ac-germania.com\/A_ACG\/wordpress\/wp-content\/uploads\/2016\/07\/2016-07-08-001-150x91.jpg 150w\" sizes=\"auto, (max-width: 800px) 100vw, 800px\" \/><\/p>\n<p>Letzte Woche stand f\u00fcr Brylla der Gro\u00dfe Preis von Baden W\u00fcrttemberg in Baienfurt auf dem Plan. Im Limit bis 65kg erwischte er bei der Auslosung einen starken Pool, konnte die ersten beiden Duelle gegen Markus Murer (RS Freiamt) und Dominik Steiger (RC Oberriet-Grabs) auf Schulter und nach Punkten gewinnen. Im Duell gegen seinen ehemaligen Teamkollegen aus Freising Philipp Un\u00fctzer ging es eng zu, am Ende behielt Un\u00fctzer knapp die Oberhand. Im vierten Poolkampf wartete mit Lokalmatador Hajizada Hormtulla ein harter Brocken, Steve hielt anfangs gut dagegen, musste sich aber technisch geschlagen geben.<\/p>\n<p>Damit stand der Germane im Finale um Platz f\u00fcnf und sechs, gegen Peter Josef Eckstein machte er kurzen Prozess und gewann auf Schulter. <em>\u201eMomentan befinde ich auf einem guten Weg, ich bin definitiv besser drauf als letztes Jahr. Es fehlt noch etwas an Kondition aber das bekomme ich bis zur Saison noch hin.\u201c<\/em> res\u00fcmiert Brylla nach dem Wettkampf.<\/p>\n<p><a href=\"http:\/\/www.liga-db.de\/Turniere\/VT\/WTB\/2014\/DE\/160702_Baienfurt\/indexGER.htm\" target=\"_blank\">&gt;&gt; Hier gehts zu den Ergebnissen<\/a><\/p>\n","protected":false},"excerpt":{"rendered":"<p>Steve Brylla vom AC Germania Artern feilt weiter an seiner Form f\u00fcr die neue Zweitligasaison, nachdem er mit seinem Saisonverlauf nicht ganz zufrieden war bereitet sich der Wahlm\u00fcnchner dieses Jahr sehr akribisch vor. Letzte Woche stand f\u00fcr Brylla der Gro\u00dfe Preis von Baden W\u00fcrttemberg in Baienfurt auf dem Plan. Im \u2026 <a class=\"continue-reading-link\" href=\"https:\/\/www.ac-germania.com\/?p=4299\">Weiterlesen <span class=\"meta-nav\">&rarr; <\/span><\/a><\/p>\n","protected":false},"author":1,"featured_media":4300,"comment_status":"open","ping_status":"open","sticky":false,"template":"","format":"standard","meta":{"footnotes":""},"categories":[9],"tags":[],"class_list":["post-4299","post","type-post","status-publish","format-standard","has-post-thumbnail","hentry","category-news-2016"],"_links":{"self":[{"href":"https:\/\/www.ac-germania.com\/index.php?rest_route=\/wp\/v2\/posts\/4299","targetHints":{"allow":["GET"]}}],"collection":[{"href":"https:\/\/www.ac-germania.com\/index.php?rest_route=\/wp\/v2\/posts"}],"about":[{"href":"https:\/\/www.ac-germania.com\/index.php?rest_route=\/wp\/v2\/types\/post"}],"author":[{"embeddable":true,"href":"https:\/\/www.ac-germania.com\/index.php?rest_route=\/wp\/v2\/users\/1"}],"replies":[{"embeddable":true,"href":"https:\/\/www.ac-germania.com\/index.php?rest_route=%2Fwp%2Fv2%2Fcomments&post=4299"}],"version-history":[{"count":0,"href":"https:\/\/www.ac-germania.com\/index.php?rest_route=\/wp\/v2\/posts\/4299\/revisions"}],"wp:featuredmedia":[{"embeddable":true,"href":"https:\/\/www.ac-germania.com\/index.php?rest_route=\/wp\/v2\/media\/4300"}],"wp:attachment":[{"href":"https:\/\/www.ac-germania.com\/index.php?rest_route=%2Fwp%2Fv2%2Fmedia&parent=4299"}],"wp:term":[{"taxonomy":"category","embeddable":true,"href":"https:\/\/www.ac-germania.com\/index.php?rest_route=%2Fwp%2Fv2%2Fcategories&post=4299"},{"taxonomy":"post_tag","embeddable":true,"href":"https:\/\/www.ac-germania.com\/index.php?rest_route=%2Fwp%2Fv2%2Ftags&post=4299"}],"curies":[{"name":"wp","href":"https:\/\/api.w.org\/{rel}","templated":true}]}}