{"id":4205,"date":"2016-06-08T08:39:34","date_gmt":"2016-06-08T07:39:34","guid":{"rendered":"http:\/\/www.ac-germania.com\/?p=4205"},"modified":"2016-06-08T08:39:34","modified_gmt":"2016-06-08T07:39:34","slug":"bronze-fuer-markus-knobel-zur-deutschen-meisterschaft-in-freiburg","status":"publish","type":"post","link":"https:\/\/www.ac-germania.com\/?p=4205","title":{"rendered":"Bronze f\u00fcr Markus Knobel zur Deutschen-Meisterschaft in Freiburg"},"content":{"rendered":"<p><img loading=\"lazy\" decoding=\"async\" class=\"alignnone size-full wp-image-4209\" src=\"https:\/\/www.ac-germania.com\/A_ACG\/wordpress\/wp-content\/uploads\/2016\/06\/2016-06-08-001.jpg\" alt=\"2016-06-08-001\" width=\"800\" height=\"300\" srcset=\"https:\/\/www.ac-germania.com\/A_ACG\/wordpress\/wp-content\/uploads\/2016\/06\/2016-06-08-001.jpg 800w, https:\/\/www.ac-germania.com\/A_ACG\/wordpress\/wp-content\/uploads\/2016\/06\/2016-06-08-001-300x113.jpg 300w, https:\/\/www.ac-germania.com\/A_ACG\/wordpress\/wp-content\/uploads\/2016\/06\/2016-06-08-001-768x288.jpg 768w, https:\/\/www.ac-germania.com\/A_ACG\/wordpress\/wp-content\/uploads\/2016\/06\/2016-06-08-001-150x56.jpg 150w\" sizes=\"auto, (max-width: 800px) 100vw, 800px\" \/><\/p>\n<p>Aufgrund Olympiaqualifikation und Europameisterschaften fanden die Deutschen-Meisterschaften der M\u00e4nner und Frauen in diesem Jahr so sp\u00e4t wie nie zuvor statt. W\u00e4hrend die anderen Altersklassen ihre Meister schon im Fr\u00fchjahr ermittelt haben, mussten die M\u00e4nner und Frauen demnach noch auf ihren nationalen H\u00f6hepunkt warten. Die Freistilmeisterschaft wurde im s\u00fcdbadischen Freiburg ausgetragen, mit nur 85 Teilnehmern war die Beteiligung eher gering. Woran diese negative Entwicklung, speziell im freien Stil liegt sollte von den Verantwortlichen des DRB dringend er\u00f6rtert werden um dem ganzen zuk\u00fcnftig positiv entgegenwirken zu k\u00f6nnen.<\/p>\n<p>Markus Knobel, der in der 2. Bundesliga f\u00fcr den AC Germania Artern auf die Matte geht, konnte sich in seiner Klasse bis 74kg aber nicht \u00fcber mangelnde Teilnehmer beschweren, mit 16 Athleten war dieses Limit das am st\u00e4rksten besetzte.\u00a0 Markus stieg im 1\/8-Finale ins Turnier ein, gegen den Vizemeister von 2013 Georg Harth (Weingarten) hatte er einen schweren Stand und musste sich 0:7 geschlagen geben. Da Harth aber das Finale erreichte durfte \u201eBretzel\u201c in der Hoffnungsrunde antreten.<\/p>\n<p>Dort traf er auf seinem Vereinskameraden aus Dewangen Nicklas Ha\u00dfler. Diesen Kampf konnte Markus schlie\u00dflich mit 7:0 f\u00fcr sich entscheiden. Im kleinen Finale um Bronze wartete der Luckenwalder Franco B\u00fcttner. Beide fighteten um jeden Punkt, am Ende hatte Markus mit 5:4 hauchd\u00fcnn die Nase vorne und gewann nach vier Medaillen im Nachwuchsbereich nun auch die ersehnte Medaille bei den M\u00e4nnern.<\/p>\n<p>\u201eNach dem f\u00fcnften Platz im letzten Jahr bin ich mit der Medaille nat\u00fcrlich sehr zufrieden.\u201c freute sich Markus nach dem Turnier.<\/p>\n<p><a href=\"http:\/\/www.liga-db.de\/Turniere\/DM\/SBD\/2016\/DE\/160605_Freiburg\/indexGER.htm\" target=\"_blank\">&gt;&gt; Hier gehts zu den Ergebnissen<\/a><\/p>\n<p><img loading=\"lazy\" decoding=\"async\" class=\"size-full wp-image-4207 aligncenter\" src=\"https:\/\/www.ac-germania.com\/A_ACG\/wordpress\/wp-content\/uploads\/2016\/06\/2016-06-08-002.jpg\" alt=\"2016-06-08-002\" width=\"800\" height=\"618\" srcset=\"https:\/\/www.ac-germania.com\/A_ACG\/wordpress\/wp-content\/uploads\/2016\/06\/2016-06-08-002.jpg 800w, https:\/\/www.ac-germania.com\/A_ACG\/wordpress\/wp-content\/uploads\/2016\/06\/2016-06-08-002-300x232.jpg 300w, https:\/\/www.ac-germania.com\/A_ACG\/wordpress\/wp-content\/uploads\/2016\/06\/2016-06-08-002-768x593.jpg 768w, https:\/\/www.ac-germania.com\/A_ACG\/wordpress\/wp-content\/uploads\/2016\/06\/2016-06-08-002-150x116.jpg 150w\" sizes=\"auto, (max-width: 800px) 100vw, 800px\" \/><\/p>\n","protected":false},"excerpt":{"rendered":"<p>Aufgrund Olympiaqualifikation und Europameisterschaften fanden die Deutschen-Meisterschaften der M\u00e4nner und Frauen in diesem Jahr so sp\u00e4t wie nie zuvor statt. W\u00e4hrend die anderen Altersklassen ihre Meister schon im Fr\u00fchjahr ermittelt haben, mussten die M\u00e4nner und Frauen demnach noch auf ihren nationalen H\u00f6hepunkt warten. Die Freistilmeisterschaft wurde im s\u00fcdbadischen Freiburg ausgetragen, \u2026 <a class=\"continue-reading-link\" href=\"https:\/\/www.ac-germania.com\/?p=4205\">Weiterlesen <span class=\"meta-nav\">&rarr; <\/span><\/a><\/p>\n","protected":false},"author":1,"featured_media":4209,"comment_status":"open","ping_status":"open","sticky":false,"template":"","format":"standard","meta":{"footnotes":""},"categories":[9],"tags":[],"class_list":["post-4205","post","type-post","status-publish","format-standard","has-post-thumbnail","hentry","category-news-2016"],"_links":{"self":[{"href":"https:\/\/www.ac-germania.com\/index.php?rest_route=\/wp\/v2\/posts\/4205","targetHints":{"allow":["GET"]}}],"collection":[{"href":"https:\/\/www.ac-germania.com\/index.php?rest_route=\/wp\/v2\/posts"}],"about":[{"href":"https:\/\/www.ac-germania.com\/index.php?rest_route=\/wp\/v2\/types\/post"}],"author":[{"embeddable":true,"href":"https:\/\/www.ac-germania.com\/index.php?rest_route=\/wp\/v2\/users\/1"}],"replies":[{"embeddable":true,"href":"https:\/\/www.ac-germania.com\/index.php?rest_route=%2Fwp%2Fv2%2Fcomments&post=4205"}],"version-history":[{"count":0,"href":"https:\/\/www.ac-germania.com\/index.php?rest_route=\/wp\/v2\/posts\/4205\/revisions"}],"wp:featuredmedia":[{"embeddable":true,"href":"https:\/\/www.ac-germania.com\/index.php?rest_route=\/wp\/v2\/media\/4209"}],"wp:attachment":[{"href":"https:\/\/www.ac-germania.com\/index.php?rest_route=%2Fwp%2Fv2%2Fmedia&parent=4205"}],"wp:term":[{"taxonomy":"category","embeddable":true,"href":"https:\/\/www.ac-germania.com\/index.php?rest_route=%2Fwp%2Fv2%2Fcategories&post=4205"},{"taxonomy":"post_tag","embeddable":true,"href":"https:\/\/www.ac-germania.com\/index.php?rest_route=%2Fwp%2Fv2%2Ftags&post=4205"}],"curies":[{"name":"wp","href":"https:\/\/api.w.org\/{rel}","templated":true}]}}