{"id":413,"date":"2012-08-22T11:06:26","date_gmt":"2012-08-22T09:06:26","guid":{"rendered":"http:\/\/www.ac-germania.com\/A_ACG\/wordpress\/?p=413"},"modified":"2012-08-22T11:06:26","modified_gmt":"2012-08-22T09:06:26","slug":"ludi-incipiant-die-spiele-mogen-beginnen","status":"publish","type":"post","link":"https:\/\/www.ac-germania.com\/?p=413","title":{"rendered":"Ludi incipiant &#8211; Die Spiele m\u00f6gen beginnen"},"content":{"rendered":"<p>Endlich ist es soweit, am 25.08.2012 geht sie wieder los, die Ringkampfsaison f\u00fcr den AC Germania. Nach 3 Jahren Oberligazugeh\u00f6rigkeit haben sich die Germanen wieder zur\u00fcck in die Regionalliga gek\u00e4mpft. Doch nach dem Schaulaufen kommt nun die Pflicht. Durch den R\u00fcckzug mehrerer Bundesliga-Teams hat sich die Regionalliga Mitteldeutschland zur Hammerliga gemausert. Frankfurt\/Oder, Thalheim und der RSK Gelenau spielen nun die erste Geige und nicht zu vergessen der \u201eBeinaheaufsteiger\u201c RV L\u00fcbtheen, verst\u00e4rkt mit Bundesligaringern aus Rostock. F\u00fcr die jungen Arterner wird es eine schwere aber hoffentlich doch spannende Saison werden. Betrachtet man das Zahlenwerk, kommt man nicht umhin, den Germanen eine Au\u00dfenseiterposition in dieser mitteldeutschen Liga zu bescheinigen. Viele Sportler aus den Leistungszentren Frankfurt\/Oder, Luckenwalde und Leipzig tummeln sich auf der Regionalligamatte und werden den Germanen sicher die eine oder andere \u201eLehrrunde\u201c erteilen. Bereits am Samstag, dem 25.08.2012 findet der Auftaktkampf und zugleich die Premiere vor eigenem Publikum f\u00fcr die Germanen statt. Falls das Wetter mitspielt und viele Ringkampffans dr\u00fccken hier die Daumen, wird an traditioneller St\u00e4tte gerungen. Die Werner-Seelenbinder-Freilichtb\u00fchne, in den 50iger Jahren in \u00fcber 7600 Arbeitsstunden von den Arterner Schwerathleten gebaut, bietet eine einmalige Kulisse f\u00fcr eine solche Sportveranstaltung.   Die Fans werden sich sicher noch an die Duelle gegen Markneukirchen und Schneeberg erinnern, bei denen die Germanen siegreich hervorgehen konnten. Gerade gegen die Musikst\u00e4dter aus Markneukirchen gelang dem damaligen Liganeuling aus Artern mit dem Heimsieg eine Sensation.   Doch noch verfolgen die Verantwortlichen die \u00f6rtliche Wetterentwicklung geradezu st\u00fcndlich im Internet. Kurioser Weise sind sich selbst bei der Vorhersage nicht alle Anbieter einig. Stand Dienstag liegt die Regenwahrscheinlichkeit f\u00fcr den Kampftag zwischen 30 und 70%, die Temperaturen schwanken zwischen 17 und 25 \u00b0C. Trifft doch trotz modernster Technik noch immer die alte Weisheit zu \u201eKr\u00e4ht der Hahn auf dem Mist, \u00e4ndert sich das Wetter, oder es bleibt wie es ist\u201c. Aber egal wie sich die Wetterg\u00f6tter auch entscheiden sollten, gerungen wird auf jedem Fall am kommenden Samstag, ist das Risiko f\u00fcr die Veranstalter zu gro\u00df sein, um eine trockenen Auftaktkampf zu garantieren, nur ungern denkt am an die \u201eSchrubbereins\u00e4tze\u201c gegen die Schneeberger zur\u00fcck, wo die Situation f\u00fcr die Sportler auf Grund der hohen Luftfeuchtigkeit doch grenzwertig war, ziehen die Ringk\u00e4mpfer in die Unstruthalle um. Ach dort wird dann p\u00fcnktlich 19.30 Uhr angepfiffen. Wir lassen uns \u00fcberraschen. Im Anschluss an die Ringkampveranstaltung gibt es dann noch auf alle F\u00e4lle Livemusik f\u00fcr die hoffentlich zahlreichen Zuschauer von der Coverband Band PADRoxxx aus Halle.<\/p>\n","protected":false},"excerpt":{"rendered":"<p>Endlich ist es soweit, am 25.08.2012 geht sie wieder los, die Ringkampfsaison f\u00fcr den AC Germania. Nach 3 Jahren Oberligazugeh\u00f6rigkeit haben sich die Germanen wieder zur\u00fcck in die Regionalliga gek\u00e4mpft. Doch nach dem Schaulaufen kommt nun die Pflicht. Durch den R\u00fcckzug mehrerer Bundesliga-Teams hat sich die Regionalliga Mitteldeutschland zur Hammerliga \u2026 <a class=\"continue-reading-link\" href=\"https:\/\/www.ac-germania.com\/?p=413\">Weiterlesen <span class=\"meta-nav\">&rarr; <\/span><\/a><\/p>\n","protected":false},"author":1,"featured_media":0,"comment_status":"open","ping_status":"open","sticky":false,"template":"","format":"standard","meta":{"footnotes":""},"categories":[5],"tags":[],"class_list":["post-413","post","type-post","status-publish","format-standard","hentry","category-news-2012"],"_links":{"self":[{"href":"https:\/\/www.ac-germania.com\/index.php?rest_route=\/wp\/v2\/posts\/413","targetHints":{"allow":["GET"]}}],"collection":[{"href":"https:\/\/www.ac-germania.com\/index.php?rest_route=\/wp\/v2\/posts"}],"about":[{"href":"https:\/\/www.ac-germania.com\/index.php?rest_route=\/wp\/v2\/types\/post"}],"author":[{"embeddable":true,"href":"https:\/\/www.ac-germania.com\/index.php?rest_route=\/wp\/v2\/users\/1"}],"replies":[{"embeddable":true,"href":"https:\/\/www.ac-germania.com\/index.php?rest_route=%2Fwp%2Fv2%2Fcomments&post=413"}],"version-history":[{"count":0,"href":"https:\/\/www.ac-germania.com\/index.php?rest_route=\/wp\/v2\/posts\/413\/revisions"}],"wp:attachment":[{"href":"https:\/\/www.ac-germania.com\/index.php?rest_route=%2Fwp%2Fv2%2Fmedia&parent=413"}],"wp:term":[{"taxonomy":"category","embeddable":true,"href":"https:\/\/www.ac-germania.com\/index.php?rest_route=%2Fwp%2Fv2%2Fcategories&post=413"},{"taxonomy":"post_tag","embeddable":true,"href":"https:\/\/www.ac-germania.com\/index.php?rest_route=%2Fwp%2Fv2%2Ftags&post=413"}],"curies":[{"name":"wp","href":"https:\/\/api.w.org\/{rel}","templated":true}]}}