{"id":412,"date":"2012-07-27T11:00:19","date_gmt":"2012-07-27T09:00:19","guid":{"rendered":"http:\/\/www.ac-germania.com\/A_ACG\/wordpress\/?p=412"},"modified":"2012-07-27T11:00:19","modified_gmt":"2012-07-27T09:00:19","slug":"letzte-standortbestimmung-fur-regionalligakader","status":"publish","type":"post","link":"https:\/\/www.ac-germania.com\/?p=412","title":{"rendered":"Letzte Standortbestimmung f\u00fcr Regionalligakader"},"content":{"rendered":"<p style=\"text-align: left;\" align=\"center\">In f\u00fcnf Wochen geht es wieder los, dann starten die Ringer vom AC Germania Artern nach drei Jahren Abstinenz wieder in Deutschlands dritth\u00f6chster Kampfklasse. Am 25.08. geht es im ersten Kampf der Regionalligasaison 2012 gegen den starken SV Luftfahrt Berlin um die ersten Punkte. Am Wochenende stand der letzte von drei Trainingslehrg\u00e4ngen f\u00fcr die Kadersportler des ACG auf dem Programm. Trainer Michael Getschmann konnte auch im letzten Lehrgang vor dem scharfen Start erneut nicht auf den gesamten Kader zur\u00fcckgreifen. Die Nachwuchsabteilung befindet sich im Moment zum Kulturaustausch in Kanada und einige Sportler mussten aus diversen Gr\u00fcnden absagen. Am Freitag standen immerhin 15 Sportler auf der Matte, wo es nach der Erw\u00e4rmung direkt mit Kampf\u00fcbungen und Ringen weiterging. Anschlie\u00dfend ging es f\u00fcr das gesamte Team zu einem regionalen Fest, wo es auch zu einigen Gespr\u00e4chen mit interessierten Zuschauern kam. Am Samstag hatten sich die beiden Trainer Michael Getschmann und Mario Panitzsch etwas Besonderes f\u00fcr die Sportler ausgedacht. P\u00fcnktlich um 9.00 Uhr begann in der Wettkampfhalle eine Einheit der etwas anderen Art. Mit Michaela Silber hatten die Trainer eine Zumba- und Bodystyling-Trainerin bestellt. Das 70-min\u00fctige Programm machte allen Sportler sehr viel Spa\u00df und brachte eine sch\u00f6ne Abwechslung in den Trainingsalltag. Anschlie\u00dfend wurde der Fokus noch mal auf Ringen gelegt. Nach der Mittagspause stand ein kurzer Infoblog auf dem Programm, Michael Getschmann hielt einen Ausblick auf die neue Saison und stimmte die Sportler ordentlich ein. In der anschlie\u00dfenden Abschlusseinheit wurde nach einem kurzen Spiel locker ausgerungen. Nun liegt es an den Sportlern selbst sich bis zum Start im kommenden Monat nicht zu verletzen und auf den Punkt hin Top-Fit zu sein.<\/p>\n<p style=\"text-align: left;\" align=\"center\"><span style=\"color: #000000;\"><i><b>&gt;&gt; <a href=\"https:\/\/www.facebook.com\/media\/set\/?set=a.263173517130618.60405.249476625166974&amp;type=1\" target=\"_blank\"><span style=\"color: #000000;\">Bilder finden Sie in unserer Facebook-Galerie<\/span><\/a><\/b><\/i><\/span><\/p>\n","protected":false},"excerpt":{"rendered":"<p>In f\u00fcnf Wochen geht es wieder los, dann starten die Ringer vom AC Germania Artern nach drei Jahren Abstinenz wieder in Deutschlands dritth\u00f6chster Kampfklasse. Am 25.08. geht es im ersten Kampf der Regionalligasaison 2012 gegen den starken SV Luftfahrt Berlin um die ersten Punkte. Am Wochenende stand der letzte von \u2026 <a class=\"continue-reading-link\" href=\"https:\/\/www.ac-germania.com\/?p=412\">Weiterlesen <span class=\"meta-nav\">&rarr; <\/span><\/a><\/p>\n","protected":false},"author":1,"featured_media":0,"comment_status":"open","ping_status":"open","sticky":false,"template":"","format":"standard","meta":{"footnotes":""},"categories":[5],"tags":[],"class_list":["post-412","post","type-post","status-publish","format-standard","hentry","category-news-2012"],"_links":{"self":[{"href":"https:\/\/www.ac-germania.com\/index.php?rest_route=\/wp\/v2\/posts\/412","targetHints":{"allow":["GET"]}}],"collection":[{"href":"https:\/\/www.ac-germania.com\/index.php?rest_route=\/wp\/v2\/posts"}],"about":[{"href":"https:\/\/www.ac-germania.com\/index.php?rest_route=\/wp\/v2\/types\/post"}],"author":[{"embeddable":true,"href":"https:\/\/www.ac-germania.com\/index.php?rest_route=\/wp\/v2\/users\/1"}],"replies":[{"embeddable":true,"href":"https:\/\/www.ac-germania.com\/index.php?rest_route=%2Fwp%2Fv2%2Fcomments&post=412"}],"version-history":[{"count":0,"href":"https:\/\/www.ac-germania.com\/index.php?rest_route=\/wp\/v2\/posts\/412\/revisions"}],"wp:attachment":[{"href":"https:\/\/www.ac-germania.com\/index.php?rest_route=%2Fwp%2Fv2%2Fmedia&parent=412"}],"wp:term":[{"taxonomy":"category","embeddable":true,"href":"https:\/\/www.ac-germania.com\/index.php?rest_route=%2Fwp%2Fv2%2Fcategories&post=412"},{"taxonomy":"post_tag","embeddable":true,"href":"https:\/\/www.ac-germania.com\/index.php?rest_route=%2Fwp%2Fv2%2Ftags&post=412"}],"curies":[{"name":"wp","href":"https:\/\/api.w.org\/{rel}","templated":true}]}}