{"id":411,"date":"2012-06-30T10:55:48","date_gmt":"2012-06-30T08:55:48","guid":{"rendered":"http:\/\/www.ac-germania.com\/A_ACG\/wordpress\/?p=411"},"modified":"2012-06-30T10:55:48","modified_gmt":"2012-06-30T08:55:48","slug":"saison-abschlussfahrt-der-acg-jugendtrainingsgruppe-von-gerhard-gunther","status":"publish","type":"post","link":"https:\/\/www.ac-germania.com\/?p=411","title":{"rendered":"Saison Abschlussfahrt der ACG-Jugendtrainingsgruppe von Gerhard G\u00fcnther"},"content":{"rendered":"<p>Am vergangenen Wochenende war es wieder so weit. Die Saison Abschlussfahrt der Arterner Ringer- Jugendtrainingsgruppe von Gerhard G\u00fcnther stand vor der T\u00fcr. Wie schon im Vorjahr verbrachten die jungen Wilden die dreit\u00e4gige Exkursion auf dem Campingplatz in Wei\u00dfensee. Am Freitag wurden die Zimmer besichtigt und die Zelt aufgeschlagen. Ein Pavillon als Treffpunkte f\u00fcr Mahlzeiten, Spiel und Sport stand schon bereit. Zur Abk\u00fchlung ging es in das nahe gelegene Freibad. Nach viel Spiel und Spa\u00df ging es wieder zum Campingplatz wo auch schon der Grill voll in Gange war. Gest\u00e4rkt durch das morgendliche Fr\u00fchst\u00fcck ging es weiter zur Stadt Besichtigung. Die Zeit reichte sogar f\u00fcr einen kurzen Abstecher nach China. Beeindruck vom Chinesischen Garten ging es weiter zu einer Eisdiele. Zur\u00fcck auf dem Campingplatz ging es auch gleich weiter zum Mittagessen. Am Nachmittag wurde flei\u00dfig Sport betrieben. Auf dem Programm stand Fu\u00dfball, Volleyball, Tischtennis und Federball. Aber auch am Samstag war eine kleine Abk\u00fchlung f\u00e4llig und so ging es wieder ins Freibad. Zur St\u00e4rkung gab es Kaffee und Kuchen. Am Abend wurde wieder gegrillt und ein Spiele-Abend rundete den ganzen Tag zus\u00e4tzlich ab. Nach dem Fr\u00fchst\u00fcck am n\u00e4chsten Morgen stand die Heimreise an. Die Zimmer wurden aufger\u00e4umt, die Zelte abgebaut und das Gep\u00e4ck in den Autos verladen. Die jungen Sportler m\u00f6chten sich bei Familie Gilewitsch, Frau Walther, Frau Herzog, Marcel M\u00fcnchhoff, Sportfreund Gerald Siebenh\u00fchner, sowie beim AC Germania der die Busse zur Verf\u00fcgung stellten und nat\u00fcrlich auch bei ihren Trainer Gerhard G\u00fcnther bedanken und freuen sich schon auf das n\u00e4chste Jahr.<\/p>\n<p><span style=\"color: #000000;\"><i><b>&gt;&gt; <a href=\"https:\/\/www.facebook.com\/media\/set\/?set=a.256942454420391.58261.249476625166974&amp;type=1#!\/media\/set\/?set=a.256942454420391.58261.249476625166974&amp;type=1\" target=\"_blank\"><span style=\"color: #000000;\">Weitere Bilder finden Sie in unserer Facebook-Galerie<\/span><\/a><\/b><\/i><\/span><\/p>\n<p><a href=\"https:\/\/www.ac-germania.com\/A_ACG\/wordpress\/wp-content\/uploads\/2012\/06\/2012-06-30-00111.jpg\" target=\"_blank\"><img loading=\"lazy\" decoding=\"async\" class=\"size-medium wp-image-595 alignleft\" style=\"border: 1px solid black;\" alt=\"2012-06-30-001\" src=\"https:\/\/www.ac-germania.com\/A_ACG\/wordpress\/wp-content\/uploads\/2012\/06\/2012-06-30-0011-300x225.jpg\" width=\"300\" height=\"225\" srcset=\"https:\/\/www.ac-germania.com\/A_ACG\/wordpress\/wp-content\/uploads\/2012\/06\/2012-06-30-0011-300x225.jpg 300w, https:\/\/www.ac-germania.com\/A_ACG\/wordpress\/wp-content\/uploads\/2012\/06\/2012-06-30-0011-200x150.jpg 200w, https:\/\/www.ac-germania.com\/A_ACG\/wordpress\/wp-content\/uploads\/2012\/06\/2012-06-30-0011.jpg 600w\" sizes=\"auto, (max-width: 300px) 100vw, 300px\" \/><\/a><\/p>\n","protected":false},"excerpt":{"rendered":"<p>Am vergangenen Wochenende war es wieder so weit. Die Saison Abschlussfahrt der Arterner Ringer- Jugendtrainingsgruppe von Gerhard G\u00fcnther stand vor der T\u00fcr. Wie schon im Vorjahr verbrachten die jungen Wilden die dreit\u00e4gige Exkursion auf dem Campingplatz in Wei\u00dfensee. Am Freitag wurden die Zimmer besichtigt und die Zelt aufgeschlagen. Ein Pavillon \u2026 <a class=\"continue-reading-link\" href=\"https:\/\/www.ac-germania.com\/?p=411\">Weiterlesen <span class=\"meta-nav\">&rarr; <\/span><\/a><\/p>\n","protected":false},"author":1,"featured_media":595,"comment_status":"open","ping_status":"open","sticky":false,"template":"","format":"standard","meta":{"footnotes":""},"categories":[5],"tags":[],"class_list":["post-411","post","type-post","status-publish","format-standard","has-post-thumbnail","hentry","category-news-2012"],"_links":{"self":[{"href":"https:\/\/www.ac-germania.com\/index.php?rest_route=\/wp\/v2\/posts\/411","targetHints":{"allow":["GET"]}}],"collection":[{"href":"https:\/\/www.ac-germania.com\/index.php?rest_route=\/wp\/v2\/posts"}],"about":[{"href":"https:\/\/www.ac-germania.com\/index.php?rest_route=\/wp\/v2\/types\/post"}],"author":[{"embeddable":true,"href":"https:\/\/www.ac-germania.com\/index.php?rest_route=\/wp\/v2\/users\/1"}],"replies":[{"embeddable":true,"href":"https:\/\/www.ac-germania.com\/index.php?rest_route=%2Fwp%2Fv2%2Fcomments&post=411"}],"version-history":[{"count":0,"href":"https:\/\/www.ac-germania.com\/index.php?rest_route=\/wp\/v2\/posts\/411\/revisions"}],"wp:featuredmedia":[{"embeddable":true,"href":"https:\/\/www.ac-germania.com\/index.php?rest_route=\/wp\/v2\/media\/595"}],"wp:attachment":[{"href":"https:\/\/www.ac-germania.com\/index.php?rest_route=%2Fwp%2Fv2%2Fmedia&parent=411"}],"wp:term":[{"taxonomy":"category","embeddable":true,"href":"https:\/\/www.ac-germania.com\/index.php?rest_route=%2Fwp%2Fv2%2Fcategories&post=411"},{"taxonomy":"post_tag","embeddable":true,"href":"https:\/\/www.ac-germania.com\/index.php?rest_route=%2Fwp%2Fv2%2Ftags&post=411"}],"curies":[{"name":"wp","href":"https:\/\/api.w.org\/{rel}","templated":true}]}}