{"id":409,"date":"2012-06-27T10:48:37","date_gmt":"2012-06-27T08:48:37","guid":{"rendered":"http:\/\/www.ac-germania.com\/A_ACG\/wordpress\/?p=409"},"modified":"2012-06-27T10:48:37","modified_gmt":"2012-06-27T08:48:37","slug":"germanen-gehen-mit-verstarkung-in-die-neue-saison","status":"publish","type":"post","link":"https:\/\/www.ac-germania.com\/?p=409","title":{"rendered":"Germanen gehen mit Verst\u00e4rkung in die neue Saison"},"content":{"rendered":"<p>Die Regionalligaringer vom AC Germania Artern starten mit sieben Neuzug\u00e4ngen in die kommende Saison. Auf den Aufsteiger aus der Unstrutstadt warten hochkar\u00e4tige Gegner in der neuen Liga Artern. In Zeiten der Fu\u00dfball-Europameisterschaft bleiben auch die Ringer dem runden Leder nicht fern. Beim vorletzten Trainingslager vor der neuen Saison schauten die Germanen nicht nur gemeinschaftlich den Deutschen beim Spiel gegen Griechenland zu, sondern traten am Samstag bei der letzten Trainingseinheit selbst vor den Ball. Ein bisschen Spa\u00df muss sein. Kr\u00e4ftig trainiert und flei\u00dfig geschwitzt haben die Ringer schlie\u00dflich in den Stunden zuvor. Unter anderem standen Treppenl\u00e4ufe auf dem Programm. &#8222;Aber nicht mit Medizinb\u00e4llen wie bei Felix Magath&#8220;, gibt Mario Panitzsch Entwarnung. Der Ex-Kapit\u00e4n der Germanen hat nach der letzten Saison seine Karriere beendet und steht ab sofort als Bindeglied zwischen Trainer Michael Getschmann und der Mannschaft bereit. Die hat ihr Gesicht vor der anstehenden Saison m\u00e4chtig ge\u00e4ndert. Sieben Neuzug\u00e4nge stehen im Kader des Regionalliga-Aufsteigers, der mit dem Heimkampf am 25. August gegen Luftfahrt Berlin II in die neue Saison startet.<\/p>\n<p>Das wohl namhafteste Gesicht fehlte beim Training am Wochenende. Oldrich Varga k\u00e4mpfte stattdessen unter Wettkampf-Bedingungen bei der Junioren-EM in Zagreb. Dort belegte er Platz neun, verlor unter anderem gegen den sp\u00e4teren Europameister. Auch die ersten Wettk\u00e4mpfe in der Regionalliga-Saison wird er verpassen: Zeitgleich findet im thail\u00e4ndischen Pattaya die Junioren-WM statt. Der Kontakt zu Tschechiens Nationalringer kam \u00fcber dessen Landsmann und Ex-Arterner Vaclav Scheiner zu Stande, der bei Olympia in London \u00fcbrigens auch als Kampfrichter im Einsatz ist. Aus der zweiten Liga verst\u00e4rken Jan Friedl (SV Warnem\u00fcnde) und Daniel Geist (KAV Mansfelder Land) die Arterner. Friedl, der in Halle studiert, wurde von Kommilitone und Germania-Ringer Maximilian Heft angelockt. Geist indes ist vor drei Jahren von der Unstrutstadt nach Eisleben gegangen und kehrt nun ebenso zur\u00fcck wie die &#8222;Ur-Arterner&#8220; Stephan Knopf (AC Werdau) und Swen Nickel (Dessau). Mit Patrick Ortmann (SV S\u00f6mmerda) konnten die Germanen zudem einen mehrfachen Landes- und Mitteldeutschen Meister verpflichten. Aus dem Nachwuchs r\u00fcckt Nick Ratayczak ins M\u00e4nnerteam und bildet dabei den siebten Neuzugang. So etwas wie der inoffizielle achte &#8222;Neue&#8220; ist Juan Nguyen. Der 24-J\u00e4hrige ist bereits vor der letzten Saison von TuS Jena in die Unstrutstadt gewechselt, verletzte sich aber im Training schwer und konnte deshalb nur drei K\u00e4mpfe bestreiten. Verzichten m\u00fcssen die Germanen-Fans in der kommenden Saison dagegen auf die beiden &#8222;Opperm\u00e4nner&#8220; im Team. Christian Oppermann hat im Mai geheiratet und hei\u00dft ab sofort Kleint. Er wird dem AC aber zur Verf\u00fcgung stehen, im Gegensatz zu Maik Oppermann, der aus famili\u00e4ren Gr\u00fcnden verhindert ist.<\/p>\n<p>Doch auch ohne Maik Oppermann und Mario Panitzsch werden die Arterner dank der starken Neuzug\u00e4nge und den bereits bekannten Athleten einen schlagkr\u00e4ftigen Kader f\u00fcr die Regionalliga aufbieten k\u00f6nnen. Ein Saisonziel haben sich die Germanen noch nicht gesetzt. &#8222;Erst einmal muss ich mir die Gegner anschauen&#8220;, so Trainer Michael Getschmann, der aber bereits um das ganz hohe Niveau in der Regionalliga wei\u00df. Die dortigen Reserve-Mannschaften wie der Auftaktgegner Luftfahrt Berlin werden sicher des \u00d6fteren Verst\u00e4rkung aus dem ersten Team erhalten. Hinzu kommt, das mit den freiwillig zur\u00fcckgezogenen Potsdamer ein ehemaliger Bundesligist in der Regionalliga startet, der aber nicht an Personal eingeb\u00fc\u00dft hat. Und Arterns Zweiter Gegner, RSV Hansa 90 Frankfurt\/Oder, hat mit Marcus Th\u00e4tner gar einen Ringer im Kader, der 2008 in Peking bei Olympia dabei war. Es warten also hochkar\u00e4tige Kontrahenten auf die Germanen aus der Unstrutstadt. Die neue Saison wird ganz sicher ein Abenteuer&#8230;<\/p>\n<p>Die Vorstellung des gesamten Kaders findet im Juli statt, besuchen Sie dazu auch unsere neue Facebook-Seite: <a href=\"http:\/\/www.facebook.com\/acgartern\">www.facebook.com\/acgartern<\/a><\/p>\n<h5>Bericht: Alexander Krospe (Th\u00fcringer Allgemeine)<\/h5>\n","protected":false},"excerpt":{"rendered":"<p>Die Regionalligaringer vom AC Germania Artern starten mit sieben Neuzug\u00e4ngen in die kommende Saison. Auf den Aufsteiger aus der Unstrutstadt warten hochkar\u00e4tige Gegner in der neuen Liga Artern. In Zeiten der Fu\u00dfball-Europameisterschaft bleiben auch die Ringer dem runden Leder nicht fern. Beim vorletzten Trainingslager vor der neuen Saison schauten die \u2026 <a class=\"continue-reading-link\" href=\"https:\/\/www.ac-germania.com\/?p=409\">Weiterlesen <span class=\"meta-nav\">&rarr; <\/span><\/a><\/p>\n","protected":false},"author":1,"featured_media":0,"comment_status":"open","ping_status":"open","sticky":false,"template":"","format":"standard","meta":{"footnotes":""},"categories":[5],"tags":[],"class_list":["post-409","post","type-post","status-publish","format-standard","hentry","category-news-2012"],"_links":{"self":[{"href":"https:\/\/www.ac-germania.com\/index.php?rest_route=\/wp\/v2\/posts\/409","targetHints":{"allow":["GET"]}}],"collection":[{"href":"https:\/\/www.ac-germania.com\/index.php?rest_route=\/wp\/v2\/posts"}],"about":[{"href":"https:\/\/www.ac-germania.com\/index.php?rest_route=\/wp\/v2\/types\/post"}],"author":[{"embeddable":true,"href":"https:\/\/www.ac-germania.com\/index.php?rest_route=\/wp\/v2\/users\/1"}],"replies":[{"embeddable":true,"href":"https:\/\/www.ac-germania.com\/index.php?rest_route=%2Fwp%2Fv2%2Fcomments&post=409"}],"version-history":[{"count":0,"href":"https:\/\/www.ac-germania.com\/index.php?rest_route=\/wp\/v2\/posts\/409\/revisions"}],"wp:attachment":[{"href":"https:\/\/www.ac-germania.com\/index.php?rest_route=%2Fwp%2Fv2%2Fmedia&parent=409"}],"wp:term":[{"taxonomy":"category","embeddable":true,"href":"https:\/\/www.ac-germania.com\/index.php?rest_route=%2Fwp%2Fv2%2Fcategories&post=409"},{"taxonomy":"post_tag","embeddable":true,"href":"https:\/\/www.ac-germania.com\/index.php?rest_route=%2Fwp%2Fv2%2Ftags&post=409"}],"curies":[{"name":"wp","href":"https:\/\/api.w.org\/{rel}","templated":true}]}}