{"id":408,"date":"2012-06-24T10:42:06","date_gmt":"2012-06-24T08:42:06","guid":{"rendered":"http:\/\/www.ac-germania.com\/A_ACG\/wordpress\/?p=408"},"modified":"2012-06-24T10:42:06","modified_gmt":"2012-06-24T08:42:06","slug":"9-platz-fur-oldrich-varga-bei-junioren-em-in-zagreb","status":"publish","type":"post","link":"https:\/\/www.ac-germania.com\/?p=408","title":{"rendered":"9. Platz f\u00fcr Old\u0159ich Varga bei Junioren-EM in Zagreb"},"content":{"rendered":"<p>Unser Regionalliga-Neuzugang Old\u0159ich Varga belegte gestern bei den Junioren-Europameisterschaften in Zagreb (Kroatien) den 9. Platz. In der Qualifikation besiegte er den Albaner Amarildo Margjeka deutlich nach zwei Runden, im Achtelfinale wartete mit dem Russen Islam Charaev ein ganz dicker Brocken. Old\u0159ich sicherte sich die erste Runde, musste sich dann aber in den beiden folgenden Runden dem sp\u00e4teren Europameister geschlagen geben. In der Hoffnungsrunde verlor Old\u0159ich nur hauchd\u00fcnn (2:0, 0:2, 1:0) gegen Laimonas Ge\u010das aus Litauen. Insgesamt gingen im Limit bis 74kg 29 Athleten an den Start. Gl\u00fcckwunsch Old\u0159ich!<\/p>\n","protected":false},"excerpt":{"rendered":"<p>Unser Regionalliga-Neuzugang Old\u0159ich Varga belegte gestern bei den Junioren-Europameisterschaften in Zagreb (Kroatien) den 9. Platz. In der Qualifikation besiegte er den Albaner Amarildo Margjeka deutlich nach zwei Runden, im Achtelfinale wartete mit dem Russen Islam Charaev ein ganz dicker Brocken. Old\u0159ich sicherte sich die erste Runde, musste sich dann aber \u2026 <a class=\"continue-reading-link\" href=\"https:\/\/www.ac-germania.com\/?p=408\">Weiterlesen <span class=\"meta-nav\">&rarr; <\/span><\/a><\/p>\n","protected":false},"author":1,"featured_media":0,"comment_status":"open","ping_status":"open","sticky":false,"template":"","format":"standard","meta":{"footnotes":""},"categories":[5],"tags":[],"class_list":["post-408","post","type-post","status-publish","format-standard","hentry","category-news-2012"],"_links":{"self":[{"href":"https:\/\/www.ac-germania.com\/index.php?rest_route=\/wp\/v2\/posts\/408","targetHints":{"allow":["GET"]}}],"collection":[{"href":"https:\/\/www.ac-germania.com\/index.php?rest_route=\/wp\/v2\/posts"}],"about":[{"href":"https:\/\/www.ac-germania.com\/index.php?rest_route=\/wp\/v2\/types\/post"}],"author":[{"embeddable":true,"href":"https:\/\/www.ac-germania.com\/index.php?rest_route=\/wp\/v2\/users\/1"}],"replies":[{"embeddable":true,"href":"https:\/\/www.ac-germania.com\/index.php?rest_route=%2Fwp%2Fv2%2Fcomments&post=408"}],"version-history":[{"count":0,"href":"https:\/\/www.ac-germania.com\/index.php?rest_route=\/wp\/v2\/posts\/408\/revisions"}],"wp:attachment":[{"href":"https:\/\/www.ac-germania.com\/index.php?rest_route=%2Fwp%2Fv2%2Fmedia&parent=408"}],"wp:term":[{"taxonomy":"category","embeddable":true,"href":"https:\/\/www.ac-germania.com\/index.php?rest_route=%2Fwp%2Fv2%2Fcategories&post=408"},{"taxonomy":"post_tag","embeddable":true,"href":"https:\/\/www.ac-germania.com\/index.php?rest_route=%2Fwp%2Fv2%2Ftags&post=408"}],"curies":[{"name":"wp","href":"https:\/\/api.w.org\/{rel}","templated":true}]}}