{"id":407,"date":"2012-06-21T10:38:10","date_gmt":"2012-06-21T08:38:10","guid":{"rendered":"http:\/\/www.ac-germania.com\/A_ACG\/wordpress\/?p=407"},"modified":"2012-06-21T10:38:10","modified_gmt":"2012-06-21T08:38:10","slug":"neuzugang-oldrich-varga-startet-bei-junioren-europameisterschaft","status":"publish","type":"post","link":"https:\/\/www.ac-germania.com\/?p=407","title":{"rendered":"Neuzugang Old\u0159ich Varga startet bei Junioren-Europameisterschaft"},"content":{"rendered":"<p>Unser Neuzugang Old\u0159ich Varga (CZE) ist bei der Junioren-Europameisterschaft in Zagreb (Kroatien) f\u00fcr die Tschechische Nationalmannschaft am Start. Old\u0159ich geht im starken Limit bis 74kg auf Titeljagt und wird am Samstag den 23.06. ins Turnier einsteigen.<\/p>\n<p><strong>Wir w\u00fcnschen Old\u0159ich viel Erfolg und einen verletzungsfreien Wettkampf.<\/strong><\/p>\n<p><a href=\"https:\/\/www.ac-germania.com\/A_ACG\/wordpress\/wp-content\/uploads\/2012\/06\/2012-06-21-00111.jpg\" target=\"_blank\"><img loading=\"lazy\" decoding=\"async\" class=\"size-medium wp-image-579 alignleft\" style=\"border: 1px solid black;\" alt=\"2012-06-21-001\" src=\"https:\/\/www.ac-germania.com\/A_ACG\/wordpress\/wp-content\/uploads\/2012\/06\/2012-06-21-0011-200x300.jpg\" width=\"200\" height=\"300\" srcset=\"https:\/\/www.ac-germania.com\/A_ACG\/wordpress\/wp-content\/uploads\/2012\/06\/2012-06-21-0011-200x300.jpg 200w, https:\/\/www.ac-germania.com\/A_ACG\/wordpress\/wp-content\/uploads\/2012\/06\/2012-06-21-0011-100x150.jpg 100w, https:\/\/www.ac-germania.com\/A_ACG\/wordpress\/wp-content\/uploads\/2012\/06\/2012-06-21-0011.jpg 300w\" sizes=\"auto, (max-width: 200px) 100vw, 200px\" \/><\/a><\/p>\n","protected":false},"excerpt":{"rendered":"<p>Unser Neuzugang Old\u0159ich Varga (CZE) ist bei der Junioren-Europameisterschaft in Zagreb (Kroatien) f\u00fcr die Tschechische Nationalmannschaft am Start. Old\u0159ich geht im starken Limit bis 74kg auf Titeljagt und wird am Samstag den 23.06. ins Turnier einsteigen. Wir w\u00fcnschen Old\u0159ich viel Erfolg und einen verletzungsfreien Wettkampf.<\/p>\n","protected":false},"author":1,"featured_media":0,"comment_status":"open","ping_status":"open","sticky":false,"template":"","format":"standard","meta":{"footnotes":""},"categories":[5],"tags":[],"class_list":["post-407","post","type-post","status-publish","format-standard","hentry","category-news-2012"],"_links":{"self":[{"href":"https:\/\/www.ac-germania.com\/index.php?rest_route=\/wp\/v2\/posts\/407","targetHints":{"allow":["GET"]}}],"collection":[{"href":"https:\/\/www.ac-germania.com\/index.php?rest_route=\/wp\/v2\/posts"}],"about":[{"href":"https:\/\/www.ac-germania.com\/index.php?rest_route=\/wp\/v2\/types\/post"}],"author":[{"embeddable":true,"href":"https:\/\/www.ac-germania.com\/index.php?rest_route=\/wp\/v2\/users\/1"}],"replies":[{"embeddable":true,"href":"https:\/\/www.ac-germania.com\/index.php?rest_route=%2Fwp%2Fv2%2Fcomments&post=407"}],"version-history":[{"count":0,"href":"https:\/\/www.ac-germania.com\/index.php?rest_route=\/wp\/v2\/posts\/407\/revisions"}],"wp:attachment":[{"href":"https:\/\/www.ac-germania.com\/index.php?rest_route=%2Fwp%2Fv2%2Fmedia&parent=407"}],"wp:term":[{"taxonomy":"category","embeddable":true,"href":"https:\/\/www.ac-germania.com\/index.php?rest_route=%2Fwp%2Fv2%2Fcategories&post=407"},{"taxonomy":"post_tag","embeddable":true,"href":"https:\/\/www.ac-germania.com\/index.php?rest_route=%2Fwp%2Fv2%2Ftags&post=407"}],"curies":[{"name":"wp","href":"https:\/\/api.w.org\/{rel}","templated":true}]}}