{"id":4069,"date":"2016-04-07T11:59:11","date_gmt":"2016-04-07T10:59:11","guid":{"rendered":"http:\/\/www.ac-germania.com\/?p=4069"},"modified":"2016-04-07T12:02:04","modified_gmt":"2016-04-07T11:02:04","slug":"keine-optimale-ausbeute-zur-u23-em-fuer-knobel-varga","status":"publish","type":"post","link":"https:\/\/www.ac-germania.com\/?p=4069","title":{"rendered":"Keine optimale Ausbeute zur U23-EM f\u00fcr Knobel &#038; Varga"},"content":{"rendered":"<p>Letzte Woche fanden in Ruse \/ Bulgarien die zweiten U-23-Europmasterschaften statt, diese Meisterschaften wurden ins Leben gerufen um den j\u00fcngeren Topathleten einen leistungsgerechten \u00dcbergang in den M\u00e4nnerbereich zu erm\u00f6glichen.<\/p>\n<p><img loading=\"lazy\" decoding=\"async\" class=\"alignnone size-full wp-image-4073\" src=\"https:\/\/www.ac-germania.com\/A_ACG\/wordpress\/wp-content\/uploads\/2016\/04\/2016-04-07-001.jpg\" alt=\"2016-04-07-001\" width=\"800\" height=\"273\" srcset=\"https:\/\/www.ac-germania.com\/A_ACG\/wordpress\/wp-content\/uploads\/2016\/04\/2016-04-07-001.jpg 800w, https:\/\/www.ac-germania.com\/A_ACG\/wordpress\/wp-content\/uploads\/2016\/04\/2016-04-07-001-300x102.jpg 300w, https:\/\/www.ac-germania.com\/A_ACG\/wordpress\/wp-content\/uploads\/2016\/04\/2016-04-07-001-768x262.jpg 768w, https:\/\/www.ac-germania.com\/A_ACG\/wordpress\/wp-content\/uploads\/2016\/04\/2016-04-07-001-150x51.jpg 150w\" sizes=\"auto, (max-width: 800px) 100vw, 800px\" \/><\/p>\n<p>Aus dem Bundesligateam des AC Germania Artern hatten sich mit Markus Knobel (74kg\/FR) und Oldrich Varga (75kg\/GR) zwei Athleten bei ihren Nationaltrainern f\u00fcr diese Meisterschaft empfohlen.<\/p>\n<p>Im Limit bis 75kg hatte es Oldrich Varga, der im Bundesligateam vorwiegend eine Klasse h\u00f6her antritt mit 19 Athleten zu tun. \u201eOlda\u201c stieg im 1\/8-Finale ein, hier traf er auf den Wei\u00dfrussen Tsimur Berdyieu und ging leicht favorisiert in das Duell. In der ersten Runde ging Berdyieu durch eine Rolle mit 2:0 in F\u00fchrung, Oldrich versuchte im weiteren Verlauf mit gro\u00dfen Willen den Kampf umzubiegen. Durch zwei Verwarnungen konnte er ausgleichen aber am Ende z\u00e4hlte die h\u00f6here Wertung und der Wei\u00dfrusse gewann den Kampf. Da Berdyieu das Finale nicht erreichen konnte war das Turnier f\u00fcr Olda beendet.<\/p>\n<p><em>\u201eIch hatte durch meine Verletzung an der Hand leider keine optimale Vorbereitung, vor dem Turnier habe ich mich sehr gut gef\u00fchlt und das Gewichtmachen fiel mir auch nicht schwer. Nach dem 0:2 war ich schon frustriert und wusste das es schwer wird das noch zu drehen.\u201c<\/em> res\u00fcmierte der Tscheche nach dem Turnier.<\/p>\n<p><iframe loading=\"lazy\" src=\"https:\/\/www.youtube.com\/embed\/0zDmQ7Nzj3E?rel=0\" width=\"800\" height=\"450\" frameborder=\"0\" allowfullscreen=\"allowfullscreen\"><\/iframe><\/p>\n<p>\u00c4hnlich erging es Markus Knobel, mit Andrius Mazeika stand zwar ein starker aber nicht unbesiegbarer Gegner im 1\/8-Finale auf der Matte. \u201eBretzl\u201c fand gut in den Kampf und beherrschte den Litauer im Standkampf soweit das er eine Passivit\u00e4tsverwarnung erhielt, kurz vor Ende der 30 Sekunden Passivit\u00e4tszeit fand sich Markus mit eingeschlossenem Arm in der Rolle wieder und Mazeika nutzte diese Chance um ihn mit 10:0 technisch auszupunkten.<\/p>\n<p><em>\u201eMeine Vorbereitung auf die EM verlief sehr gut, umso mehr \u00e4rgere ich mich jetzt \u00fcber das Missgeschick mit dem eingeschlossenen Arm in der Rolle. Da kann man einfach nichts machen. Ich werde dranbleiben und weiter hart trainieren.\u201c <\/em>so Knobel.<\/p>\n<p>Der Deutsche Ringerbund erk\u00e4mpfte mit einer Gold-, einer Silber- und drei Bronzemedaillen insgesamt f\u00fcnfmal Edelmetall bei dieser EM.<\/p>\n<p><iframe loading=\"lazy\" src=\"https:\/\/www.youtube.com\/embed\/J5nPYJncvBM?rel=0\" width=\"800\" height=\"450\" frameborder=\"0\" allowfullscreen=\"allowfullscreen\"><\/iframe><\/p>\n","protected":false},"excerpt":{"rendered":"<p>Letzte Woche fanden in Ruse \/ Bulgarien die zweiten U-23-Europmasterschaften statt, diese Meisterschaften wurden ins Leben gerufen um den j\u00fcngeren Topathleten einen leistungsgerechten \u00dcbergang in den M\u00e4nnerbereich zu erm\u00f6glichen. Aus dem Bundesligateam des AC Germania Artern hatten sich mit Markus Knobel (74kg\/FR) und Oldrich Varga (75kg\/GR) zwei Athleten bei ihren \u2026 <a class=\"continue-reading-link\" href=\"https:\/\/www.ac-germania.com\/?p=4069\">Weiterlesen <span class=\"meta-nav\">&rarr; <\/span><\/a><\/p>\n","protected":false},"author":1,"featured_media":4073,"comment_status":"open","ping_status":"open","sticky":false,"template":"","format":"standard","meta":{"footnotes":""},"categories":[9],"tags":[],"class_list":["post-4069","post","type-post","status-publish","format-standard","has-post-thumbnail","hentry","category-news-2016"],"_links":{"self":[{"href":"https:\/\/www.ac-germania.com\/index.php?rest_route=\/wp\/v2\/posts\/4069","targetHints":{"allow":["GET"]}}],"collection":[{"href":"https:\/\/www.ac-germania.com\/index.php?rest_route=\/wp\/v2\/posts"}],"about":[{"href":"https:\/\/www.ac-germania.com\/index.php?rest_route=\/wp\/v2\/types\/post"}],"author":[{"embeddable":true,"href":"https:\/\/www.ac-germania.com\/index.php?rest_route=\/wp\/v2\/users\/1"}],"replies":[{"embeddable":true,"href":"https:\/\/www.ac-germania.com\/index.php?rest_route=%2Fwp%2Fv2%2Fcomments&post=4069"}],"version-history":[{"count":0,"href":"https:\/\/www.ac-germania.com\/index.php?rest_route=\/wp\/v2\/posts\/4069\/revisions"}],"wp:featuredmedia":[{"embeddable":true,"href":"https:\/\/www.ac-germania.com\/index.php?rest_route=\/wp\/v2\/media\/4073"}],"wp:attachment":[{"href":"https:\/\/www.ac-germania.com\/index.php?rest_route=%2Fwp%2Fv2%2Fmedia&parent=4069"}],"wp:term":[{"taxonomy":"category","embeddable":true,"href":"https:\/\/www.ac-germania.com\/index.php?rest_route=%2Fwp%2Fv2%2Fcategories&post=4069"},{"taxonomy":"post_tag","embeddable":true,"href":"https:\/\/www.ac-germania.com\/index.php?rest_route=%2Fwp%2Fv2%2Ftags&post=4069"}],"curies":[{"name":"wp","href":"https:\/\/api.w.org\/{rel}","templated":true}]}}